{"id":47688,"date":"2025-09-28T14:19:07","date_gmt":"2025-09-28T14:19:07","guid":{"rendered":"https:\/\/www.europesays.com\/fi\/47688\/"},"modified":"2025-09-28T14:19:07","modified_gmt":"2025-09-28T14:19:07","slug":"asunto-paloi-asumiskelvottomaksi-katajanokalla-hs-fi","status":"publish","type":"post","link":"https:\/\/www.europesays.com\/fi\/47688\/","title":{"rendered":"Asunto paloi asumiskelvottomaksi Katajanokalla | HS.fi"},"content":{"rendered":"<p class=\"article-body mb-nof-24 px-nof-16\">Katajanokalla Helsingiss\u00e4 oli tulipalo asuinkerrostalossa sunnuntaina, tiedottaa pelastuslaitos.<\/p>\n<p class=\"article-body mb-nof-24 px-nof-16\">T\u00e4ll\u00e4 hetkell\u00e4 pelastuslaitos raivaa ja tuulettaa tiloja. Tulipalossa yksi asunto paloi asumiskelvottomaksi. Kukaan ei loukkaantunut tulipalossa.<\/p>\n<p class=\"article-body mb-nof-24 px-nof-16\">Ilmoitus tulipalosta Kauppiaankadulla tuli noin kello 16 sunnuntaina.<\/p>\n<p class=\"article-body mb-nof-24 px-nof-16\">Poliisi tutkii palon syttymissyyt\u00e4.<\/p>\n","protected":false},"excerpt":{"rendered":"Katajanokalla Helsingiss\u00e4 oli tulipalo asuinkerrostalossa sunnuntaina, tiedottaa pelastuslaitos. T\u00e4ll\u00e4 hetkell\u00e4 pelastuslaitos raivaa ja tuulettaa tiloja. Tulipalossa yksi asunto&hellip;\n","protected":false},"author":2,"featured_media":47689,"comment_status":"","ping_status":"","sticky":false,"template":"","format":"standard","meta":{"footnotes":""},"categories":[5],"tags":[22,23,26,27,33,31,30,17,46,24,25,28,29,15,18,21,32,19,20,16],"class_list":{"0":"post-47688","1":"post","2":"type-post","3":"status-publish","4":"format-standard","5":"has-post-thumbnail","7":"category-otsikot","8":"tag-breaking-news","9":"tag-breakingnews","10":"tag-featured-news","11":"tag-featurednews","12":"tag-fi","13":"tag-finland","14":"tag-finnish","15":"tag-headlines","16":"tag-helsingin-sanomat","17":"tag-latest-news","18":"tag-latestnews","19":"tag-main-news","20":"tag-mainnews","21":"tag-news","22":"tag-otsikot","23":"tag-paauutiset","24":"tag-suomi","25":"tag-top-stories","26":"tag-topstories","27":"tag-uutiset"},"share_on_mastodon":{"url":"","error":""},"_links":{"self":[{"href":"https:\/\/www.europesays.com\/fi\/wp-json\/wp\/v2\/posts\/47688","targetHints":{"allow":["GET"]}}],"collection":[{"href":"https:\/\/www.europesays.com\/fi\/wp-json\/wp\/v2\/posts"}],"about":[{"href":"https:\/\/www.europesays.com\/fi\/wp-json\/wp\/v2\/types\/post"}],"author":[{"embeddable":true,"href":"https:\/\/www.europesays.com\/fi\/wp-json\/wp\/v2\/users\/2"}],"replies":[{"embeddable":true,"href":"https:\/\/www.europesays.com\/fi\/wp-json\/wp\/v2\/comments?post=47688"}],"version-history":[{"count":0,"href":"https:\/\/www.europesays.com\/fi\/wp-json\/wp\/v2\/posts\/47688\/revisions"}],"wp:featuredmedia":[{"embeddable":true,"href":"https:\/\/www.europesays.com\/fi\/wp-json\/wp\/v2\/media\/47689"}],"wp:attachment":[{"href":"https:\/\/www.europesays.com\/fi\/wp-json\/wp\/v2\/media?parent=47688"}],"wp:term":[{"taxonomy":"category","embeddable":true,"href":"https:\/\/www.europesays.com\/fi\/wp-json\/wp\/v2\/categories?post=47688"},{"taxonomy":"post_tag","embeddable":true,"href":"https:\/\/www.europesays.com\/fi\/wp-json\/wp\/v2\/tags?post=47688"}],"curies":[{"name":"wp","href":"https:\/\/api.w.org\/{rel}","templated":true}]}}