{"id":47750,"date":"2025-09-28T15:57:09","date_gmt":"2025-09-28T15:57:09","guid":{"rendered":"https:\/\/www.europesays.com\/fi\/47750\/"},"modified":"2025-09-28T15:57:09","modified_gmt":"2025-09-28T15:57:09","slug":"talta-pieni-talo-preerialla-talta-sisaruksista-nuorin-nayttaa-nyt","status":"publish","type":"post","link":"https:\/\/www.europesays.com\/fi\/47750\/","title":{"rendered":"T\u00e4lt\u00e4 Pieni talo preerialla \u2013 T\u00e4lt\u00e4 sisaruksista nuorin n\u00e4ytt\u00e4\u00e4 nyt"},"content":{"rendered":"<p class=\"article-content article-content-width !bg-background\">Puhuttaessa televisiohistorian kulta-ajasta harvemmalle tulee mieleen 1970-luku. Juuri tuolloin kuitenkin tehtiin er\u00e4st\u00e4 rakastettua sarjaa, jolla on yh\u00e4 t\u00e4n\u00e4kin p\u00e4iv\u00e4n\u00e4 uskollinen ihailijakuntansa.\u00a0<\/p>\n<p class=\"article-content article-content-width !bg-background\">Legendaarinen Pieni talo preerialla sai ensiesityksens\u00e4 1974. <a alt=\"Haku\" class=\"text-primary-red font-extrabold\" href=\"https:\/\/www.seiska.fi\/haku?q=Laura Ingalls Wilderin\" rel=\"nofollow noopener\" target=\"_blank\">Laura Ingalls Wilderin<\/a> kirjoihin perustuvassa draamasarjassa seurattiin preerian halki vaeltavan perheen el\u00e4m\u00e4\u00e4 1800-luvun Yhdysvalloissa. Ohjelmaa tehtiin yhdeks\u00e4n tuotantokautta.<\/p>\n<p>T\u00e4hdeksi vain 3-vuotiaana<\/p>\n<p class=\"font-weight-normal m-font-weight-normal article-content article-content-width !bg-background\">Erityisesti sarjan lapsit\u00e4hdet ovat j\u00e4\u00e4neet fanien mieleen. Ingallsien perheen kolme tyt\u00e4rt\u00e4, Mary, Laura ja Carrie valloittivat katsojien syd\u00e4met. Perheen nuorimmaista Carrieta n\u00e4ytellyt\u00a0<a alt=\"Haku\" class=\"text-primary-red font-extrabold\" href=\"https:\/\/www.seiska.fi\/haku?q=Rachel Lindsay Greenbush\" rel=\"nofollow noopener\" target=\"_blank\">Rachel Lindsay Greenbush<\/a> oli vain 3-vuotias aloittaessaan roolissaan.\u00a0<\/p>\n<p>                <img decoding=\"async\" src=\"https:\/\/www.europesays.com\/fi\/wp-content\/uploads\/2025\/09\/1943447.webp\" width=\"576\" height=\"322\" alt=\"Kaksoset kuvauksissa vuonna 1979.\" loading=\"lazy\" \/>            <\/p>\n<p>\n            Kaksoset kuvauksissa vuonna 1979.<br \/>\n            Frank Edwards\/Shutterstock\/All Over Press\n        <\/p>\n<p class=\"font-weight-normal m-font-weight-normal article-content article-content-width !bg-background\">Rachelin kanssa Carriena vuorotteli h\u00e4nen kaksoissiskonsa <a alt=\"Haku\" class=\"text-primary-red font-extrabold\" href=\"https:\/\/www.seiska.fi\/haku?q=Sidney\" rel=\"nofollow noopener\" target=\"_blank\">Sidney<\/a>. Heid\u00e4n tunnusmerkikseen muotoutuivat paksut palmikot sek\u00e4 valloittava hymy.\u00a0<\/p>\n<p>El\u00e4m\u00e4nrakkaus l\u00f6ytyi kuvauksista<\/p>\n<p class=\"font-weight-normal m-font-weight-normal article-content article-content-width !bg-background\">Pieni talo preerialla muutti Rachelin, joka k\u00e4ytt\u00e4\u00e4 nyky\u00e4\u00e4n toista nime\u00e4\u00e4n Lindsay, el\u00e4m\u00e4n monella tapaa. H\u00e4n tapasi puolisonsa <a alt=\"Haku\" class=\"text-primary-red font-extrabold\" href=\"https:\/\/www.seiska.fi\/haku?q=Daniel Sanchezin\" rel=\"nofollow noopener\" target=\"_blank\">Daniel Sanchezin<\/a> ensimm\u00e4isen kerran sarjan kuvauksissa.\u00a0<\/p>\n<p class=\"font-weight-normal m-font-weight-normal article-content article-content-width !bg-background\">Rakkaus kaksikon v\u00e4lill\u00e4 roihahti kuitenkin vasta kolmekymment\u00e4 vuotta my\u00f6hemmin kun he tapasivat toisensa j\u00e4lleen vuonna 2007. Pariskunta avioitui 2014. Vihkiminen tapahtui saman puun alla, jonka luona he aikoinaan tapasivat.\u00a0<\/p>\n<p>                <img decoding=\"async\" src=\"https:\/\/www.europesays.com\/fi\/wp-content\/uploads\/2025\/09\/1943445.webp\" width=\"576\" height=\"322\" alt=\"Sidney ja Lindsay osallistuivat hyv\u00e4ntekev\u00e4isyystapahtumaan vuonna 2024.\" loading=\"lazy\" \/>            <\/p>\n<p>\n            Sidney ja Lindsay osallistuivat hyv\u00e4ntekev\u00e4isyystapahtumaan vuonna 2024.<br \/>\n            Albert L. Ortega\/Shutterstock\/All Over Press\n        <\/p>\n<p class=\"font-weight-normal m-font-weight-normal article-content article-content-width !bg-background\">Sarjan saavuttamasta huimasta suosiosta huolimatta Rachel p\u00e4\u00e4tti j\u00e4tt\u00e4\u00e4 Hollywoodin v\u00e4lkkeen taakseen. Viimeisimm\u00e4n roolinsa h\u00e4n teki <a href=\"https:\/\/www.imdb.com\/name\/nm0338645\/\" target=\"_blank\" rel=\"nofollow noopener\">IMDB:n mukaan<\/a> vuonna 1983 tv-sarjassa Matt Houston.\u00a0<\/p>\n<p class=\"font-weight-normal m-font-weight-normal article-content article-content-width !bg-background\">Rachel ja Sidney eiv\u00e4t olleet perheens\u00e4 ensimm\u00e4isi\u00e4 t\u00e4hti\u00e4. Siskosten is\u00e4 on n\u00e4yttelij\u00e4 <a alt=\"Haku\" class=\"text-primary-red font-extrabold\" href=\"https:\/\/www.seiska.fi\/haku?q=Billy Green Bush\" rel=\"nofollow noopener\" target=\"_blank\">Billy Green Bush<\/a>, 89. H\u00e4n on esiintynyt muun muassa elokuvissa Kesytt\u00f6m\u00e4t Cowboyt (1972) sek\u00e4 Critters &#8211; keskiy\u00f6n nakertajat (1986).\u00a0<\/p>\n","protected":false},"excerpt":{"rendered":"Puhuttaessa televisiohistorian kulta-ajasta harvemmalle tulee mieleen 1970-luku. Juuri tuolloin kuitenkin tehtiin er\u00e4st\u00e4 rakastettua sarjaa, jolla on yh\u00e4 t\u00e4n\u00e4kin&hellip;\n","protected":false},"author":2,"featured_media":47751,"comment_status":"","ping_status":"","sticky":false,"template":"","format":"standard","meta":{"footnotes":""},"categories":[130],"tags":[12091,137,33,31,30,12092,1342,12090,12093,32,156,109],"class_list":{"0":"post-47750","1":"post","2":"type-post","3":"status-publish","4":"format-standard","5":"has-post-thumbnail","7":"category-viihde","8":"tag-carrie-ingalls","9":"tag-entertainment","10":"tag-fi","11":"tag-finland","12":"tag-finnish","13":"tag-laura-ingalls","14":"tag-nayttelija","15":"tag-pieni-talo-preerialla","16":"tag-rachel-lindsay-greenbush","17":"tag-suomi","18":"tag-tv","19":"tag-viihde"},"share_on_mastodon":{"url":"","error":""},"_links":{"self":[{"href":"https:\/\/www.europesays.com\/fi\/wp-json\/wp\/v2\/posts\/47750","targetHints":{"allow":["GET"]}}],"collection":[{"href":"https:\/\/www.europesays.com\/fi\/wp-json\/wp\/v2\/posts"}],"about":[{"href":"https:\/\/www.europesays.com\/fi\/wp-json\/wp\/v2\/types\/post"}],"author":[{"embeddable":true,"href":"https:\/\/www.europesays.com\/fi\/wp-json\/wp\/v2\/users\/2"}],"replies":[{"embeddable":true,"href":"https:\/\/www.europesays.com\/fi\/wp-json\/wp\/v2\/comments?post=47750"}],"version-history":[{"count":0,"href":"https:\/\/www.europesays.com\/fi\/wp-json\/wp\/v2\/posts\/47750\/revisions"}],"wp:featuredmedia":[{"embeddable":true,"href":"https:\/\/www.europesays.com\/fi\/wp-json\/wp\/v2\/media\/47751"}],"wp:attachment":[{"href":"https:\/\/www.europesays.com\/fi\/wp-json\/wp\/v2\/media?parent=47750"}],"wp:term":[{"taxonomy":"category","embeddable":true,"href":"https:\/\/www.europesays.com\/fi\/wp-json\/wp\/v2\/categories?post=47750"},{"taxonomy":"post_tag","embeddable":true,"href":"https:\/\/www.europesays.com\/fi\/wp-json\/wp\/v2\/tags?post=47750"}],"curies":[{"name":"wp","href":"https:\/\/api.w.org\/{rel}","templated":true}]}}