{"id":47851,"date":"2025-09-28T18:20:08","date_gmt":"2025-09-28T18:20:08","guid":{"rendered":"https:\/\/www.europesays.com\/fi\/47851\/"},"modified":"2025-09-28T18:20:08","modified_gmt":"2025-09-28T18:20:08","slug":"tyoviikot-puoliintuvat-pian-hurja-ennuste-teknologiajateilta","status":"publish","type":"post","link":"https:\/\/www.europesays.com\/fi\/47851\/","title":{"rendered":"Ty\u00f6viikot puoliintuvat pian \u2013 Hurja ennuste teknologiaj\u00e4teilt\u00e4"},"content":{"rendered":"<p>Videokokousohjelma Zoomin toimitusjohtajana mukaan teko\u00e4ly alkaa olla monissa ty\u00f6teht\u00e4viss\u00e4 niin tehokas, ett\u00e4 ihmiset voivat pudottaa ty\u00f6p\u00e4iviens\u00e4 m\u00e4\u00e4r\u00e4\u00e4.<\/p>\n<p><img decoding=\"async\" class=\"image image-show image-preview\" src=\"https:\/\/www.europesays.com\/fi\/wp-content\/uploads\/2025\/09\/e8f13fb3c2740ba9adb6ad9cd07f3e681c4af9008a0284a10e2f33eb8d115977.jpg\" alt=\"\"\/><img decoding=\"async\" class=\"image image-show\" src=\"https:\/\/www.europesays.com\/fi\/wp-content\/uploads\/2025\/09\/1759083608_446_e8f13fb3c2740ba9adb6ad9cd07f3e681c4af9008a0284a10e2f33eb8d115977.jpg\" alt=\"\"\/><\/p>\n<p>Nvidian toimitusjohtaja Jensen Huang on yksi teknologiapomoista, jotka tunnistavat sek\u00e4 teko\u00e4lyn hy\u00f6dyt ett\u00e4 haitat. Lance Jording<\/p>\n<p class=\"paragraph\">Teko\u00e4ly on kehittynyt monen yrityksen k\u00e4yt\u00f6ss\u00e4 siihen pisteeseen, ett\u00e4 ihmisty\u00f6ntekij\u00e4t voivat pian pudottaa viikoittaisten ty\u00f6p\u00e4iviens\u00e4 m\u00e4\u00e4r\u00e4n kolmeen tai nelj\u00e4\u00e4n, arvioi videoneuvottelusovellus Zoomin toimitusjohtaja <strong>Eric Yuan<\/strong>. Asiasta kertoo <a href=\"https:\/\/fortune.com\/2025\/09\/15\/zoom-ceo-eric-yuan-three-day-workweek-ai-automation-human-jobs-replaced-future-of-work\/\" rel=\"noopener nofollow\" target=\"_blank\">Fortune<\/a>.<\/p>\n<p class=\"paragraph\">\u2013 Teko\u00e4ly voi tehd\u00e4 kaikkien meid\u00e4n el\u00e4mist\u00e4mme parempaa, joten miksi meid\u00e4n tarvitsisi ty\u00f6skennell\u00e4 viiten\u00e4 p\u00e4iv\u00e4n\u00e4 viikossa? Uskon, ett\u00e4 jokainen yhti\u00f6 tukee t\u00e4llaista kolmen tai nelj\u00e4n p\u00e4iv\u00e4n mallia. Se vapauttaa lopulta aikaa kaikilta, my\u00f6s yhti\u00f6lt\u00e4 kokonaisuutena, Yuan kommentoi haastattelussa.<\/p>\n<p class=\"paragraph\">Linjaus on melko radikaali Yhdysvalloissa, jossa suurin osa ty\u00f6nantajista ei tunne vuosilomia. Lyhyempi ty\u00f6viikko ja mahdolliset lomat olisivat jopa mullistavia nykyisess\u00e4, aherrukseen ja pitkiin ty\u00f6viikkoihin painottuvassa ty\u00f6kulttuurissa.<\/p>\n<p class=\"paragraph\">Samoilla linjoilla ovat olleet Microsoftin perustaja <strong>Bill Gates<\/strong>, Nvidian toimitusjohtaja <strong>Jensen Huang<\/strong> ja JP Morgan Chasen toimitusjohtaja <strong>Jamie Dimon<\/strong>. My\u00f6s he uskovat teko\u00e4lyn vapauttavan monelta ammattilaiselta suuren m\u00e4\u00e4r\u00e4n aikaa viikkotasolla.<\/p>\n<p class=\"paragraph\">\u2013 Jos katsot kauempaa, el\u00e4m\u00e4n tarkoitus ei ole tehd\u00e4 t\u00f6it\u00e4, Gates kommentoi taannoin <strong>Jimmy Fallonin<\/strong> keskusteluohjelmassa.<\/p>\n<p>Teko\u00e4ly vie ty\u00f6t<\/p>\n<p class=\"paragraph\">Huang on tosin huomauttanut, ett\u00e4 lyhyemm\u00e4n ty\u00f6viikon sijaan joissakin yrityksiss\u00e4 voidaan p\u00e4\u00e4ty\u00e4 puristamaan ty\u00f6t lyhyemp\u00e4\u00e4n aikaan. T\u00e4ll\u00f6in t\u00f6it\u00e4 tehd\u00e4\u00e4n edelleen viisi p\u00e4iv\u00e4\u00e4 viikossa, mutta korkeammalla tuottavuudella.<\/p>\n<p class=\"paragraph\">Toinen huono puoli on mahdollinen ty\u00f6paikkojen v\u00e4hentyminen. L\u00e4hes kaikki teknologiajohtajat ovat yht\u00e4 mielt\u00e4 siit\u00e4, ett\u00e4 teko\u00e4lyagenttien yleistyminen todenn\u00e4k\u00f6isesti vie suuren osan ty\u00f6paikoista tietyilt\u00e4 aloilta.<\/p>\n<p class=\"paragraph\">\u2013 Mutta aina, kun jokin teknologia on vienyt ty\u00f6paikkoja historiassa, se on auttanut luomaan tilalle uusia, entist\u00e4 parempia ty\u00f6teht\u00e4vi\u00e4. Junior-tason insin\u00f6\u00f6riteht\u00e4viin voidaan k\u00e4ytt\u00e4\u00e4 jo nyt teko\u00e4ly\u00e4, mutta jonkun t\u00e4ytyy edelleen valvoa kehitysty\u00f6t\u00e4. Jos yrityksen k\u00e4ytt\u00f6\u00f6n luodaan lauma teko\u00e4lyagentteja, jonkun t\u00e4ytyy edelleen olla kaitsemassa niit\u00e4, Zoomin Yuan toteaa.<\/p>\n<p class=\"paragraph\">\u2013 Edellisen 300, 100 ja jopa 60 vuoden aikana tuottavuus on noussut jatkuvasti, vaikka ty\u00f6paikkoja on kadonnut teknologian kehityksen my\u00f6t\u00e4, Nvidian Huang komppasi aiemmin t\u00e4n\u00e4 vuonna.<\/p>\n","protected":false},"excerpt":{"rendered":"Videokokousohjelma Zoomin toimitusjohtajana mukaan teko\u00e4ly alkaa olla monissa ty\u00f6teht\u00e4viss\u00e4 niin tehokas, ett\u00e4 ihmiset voivat pudottaa ty\u00f6p\u00e4iviens\u00e4 m\u00e4\u00e4r\u00e4\u00e4. Nvidian&hellip;\n","protected":false},"author":2,"featured_media":47852,"comment_status":"","ping_status":"","sticky":false,"template":"","format":"standard","meta":{"footnotes":""},"categories":[89],"tags":[35,432,431,33,31,30,32,91,92,487,433,149,860,3512,3515],"class_list":{"0":"post-47851","1":"post","2":"type-post","3":"status-publish","4":"format-standard","5":"has-post-thumbnail","7":"category-tekoaly","8":"tag-24h","9":"tag-ai","10":"tag-artificial-intelligence","11":"tag-fi","12":"tag-finland","13":"tag-finnish","14":"tag-suomi","15":"tag-technology","16":"tag-teknologia","17":"tag-teknologia-yleista","18":"tag-tekoaly","19":"tag-tietojenkasittely-ja-informaatioteknologia","20":"tag-tyoelama","21":"tag-tyontekijat","22":"tag-tyovoima"},"share_on_mastodon":{"url":"","error":""},"_links":{"self":[{"href":"https:\/\/www.europesays.com\/fi\/wp-json\/wp\/v2\/posts\/47851","targetHints":{"allow":["GET"]}}],"collection":[{"href":"https:\/\/www.europesays.com\/fi\/wp-json\/wp\/v2\/posts"}],"about":[{"href":"https:\/\/www.europesays.com\/fi\/wp-json\/wp\/v2\/types\/post"}],"author":[{"embeddable":true,"href":"https:\/\/www.europesays.com\/fi\/wp-json\/wp\/v2\/users\/2"}],"replies":[{"embeddable":true,"href":"https:\/\/www.europesays.com\/fi\/wp-json\/wp\/v2\/comments?post=47851"}],"version-history":[{"count":0,"href":"https:\/\/www.europesays.com\/fi\/wp-json\/wp\/v2\/posts\/47851\/revisions"}],"wp:featuredmedia":[{"embeddable":true,"href":"https:\/\/www.europesays.com\/fi\/wp-json\/wp\/v2\/media\/47852"}],"wp:attachment":[{"href":"https:\/\/www.europesays.com\/fi\/wp-json\/wp\/v2\/media?parent=47851"}],"wp:term":[{"taxonomy":"category","embeddable":true,"href":"https:\/\/www.europesays.com\/fi\/wp-json\/wp\/v2\/categories?post=47851"},{"taxonomy":"post_tag","embeddable":true,"href":"https:\/\/www.europesays.com\/fi\/wp-json\/wp\/v2\/tags?post=47851"}],"curies":[{"name":"wp","href":"https:\/\/api.w.org\/{rel}","templated":true}]}}