{"id":47887,"date":"2025-09-28T19:21:08","date_gmt":"2025-09-28T19:21:08","guid":{"rendered":"https:\/\/www.europesays.com\/fi\/47887\/"},"modified":"2025-09-28T19:21:08","modified_gmt":"2025-09-28T19:21:08","slug":"pakaratanssi-ttkssa-jorma-uotinen-riemu-repesi","status":"publish","type":"post","link":"https:\/\/www.europesays.com\/fi\/47887\/","title":{"rendered":"Pakaratanssi TTK:ssa \u2013 Jorma Uotinen: \u201dRiemu repesi\u201d"},"content":{"rendered":"<p>Tinxe toi twerk-tanssijat Tanssii t\u00e4htien kanssa -parketille.<\/p>\n<p><img decoding=\"async\" class=\"image image-show image-preview\" src=\"https:\/\/www.europesays.com\/fi\/wp-content\/uploads\/2025\/09\/e1b42de3c3f9f1771dd40c662d2e1fcdbb16db4bc163c47732b813ba7d41ba2d.jpg\" alt=\"\"\/><img decoding=\"async\" class=\"image image-show\" src=\"https:\/\/www.europesays.com\/fi\/wp-content\/uploads\/2025\/09\/1759087268_571_e1b42de3c3f9f1771dd40c662d2e1fcdbb16db4bc163c47732b813ba7d41ba2d.jpg\" alt=\"\"\/><\/p>\n<p>Tinze toi lavalle kokonaisen tanssiryhm\u00e4n. Atte Kajova<\/p>\n<p class=\"paragraph\">Twerk-t\u00e4hti <strong>Tinze<\/strong> toi pakarat py\u00f6rim\u00e4\u00e4n TTK-parketille. Tanssii t\u00e4htien kanssa -katsojat saivat todellisen yll\u00e4tyksen, kun parketille kirmasi kahdeksan twerk-tanssijaa.<\/p>\n<p class=\"paragraph\">Itse tanssipari ei j\u00e4\u00e4nyt tanssijoiden keskell\u00e4 varjoon. Tinzen ja Valtterin sambakoreografia vilisi kuumia elementtej\u00e4. Katsojien silm\u00e4t naulattiin ruutuun esimerkiksi sill\u00e4, ett\u00e4 Tinze heilutti pakaroitaan suoraan kameralle tanssiparin pidelless\u00e4 kannikoista kiinni.<\/p>\n<p>Pakarat p\u00e4\u00e4siv\u00e4t esille tanssin aikana. Atte Kajova<\/p>\n<p class=\"paragraph\">\u2013 Kyll\u00e4 m\u00e4 sanon, ett\u00e4 t\u00e4ss\u00e4 riemu repesi, kun n\u00e4m\u00e4 liekitetyt karnevaalit k\u00e4ynnistyiv\u00e4t, tuomari <strong>Jorma Uotinen<\/strong> kehui.<\/p>\n<p class=\"paragraph\">\u2013 Yksi illan el\u00e4vimmist\u00e4 tansseista, Uotinen sanoi ja studioyleis\u00f6 kiljaisi riemusta.<\/p>\n<p class=\"paragraph\">\u2013 \u00c4sken kuultiin batucada-rumpua ja nyt n\u00e4htiin sheikki\u00e4 ihan kertakaikkiaan riitt\u00e4v\u00e4sti t\u00e4m\u00e4n samban sis\u00e4ll\u00e4, <strong>Jukka Haapalainen<\/strong> sanoi.<\/p>\n<p>Tinze ja Valtteri saivat tanssistaan 20 pistett\u00e4. Atte Kajova<\/p>\n<p class=\"paragraph\">Pari sai hyv\u00e4t pisteet, yhteens\u00e4 20 pistett\u00e4.<\/p>\n<p class=\"paragraph\"><a href=\"https:\/\/www.iltalehti.fi\/tv-ja-leffat\/2dd40a52-d131-4a1d-972e-69e211675713\" rel=\"nofollow noopener\" target=\"_blank\">Pelin joutui illan jaksossa j\u00e4tt\u00e4m\u00e4\u00e4n<\/a> viisuselostaja <strong>Mikko Silvennoinen<\/strong>.<\/p>\n<p>TTK-pisteet 28. syyskuuta<\/p>\n<p class=\"paragraph\">Kristiina ja Sami, jive: 6+6+7=19<\/p>\n<p class=\"paragraph\">Johannes ja Katri, rumba: 8+7+8=23<\/p>\n<p class=\"paragraph\">Marko ja Kia, samba: 6+6+6=18<\/p>\n<p class=\"paragraph\">Mikko ja Matti, paso doble: 4+4+4=12<\/p>\n<p class=\"paragraph\">Minna ja Mikko, cha cha cha: 5+5+6=16<\/p>\n<p class=\"paragraph\">Lakko ja Kastanja, paso doble: 8+8+9=25<\/p>\n<p class=\"paragraph\">Pippa ja Marko, samba: 3+4+4=11<\/p>\n<p class=\"paragraph\">Paulus ja Liisa, jive: 7+7+7=21<\/p>\n<p class=\"paragraph\">Tinze ja Valtteri, samba 7+6+7=20<\/p>\n<p class=\"paragraph\">Ensimm\u00e4isen\u00e4 mainitut pisteet ovat Jukka Haapalaisen, toisena Helena Ahti-Hallbergin ja kolmantena Jorma Uotisen.<\/p>\n<p class=\"paragraph\">Tanssii t\u00e4htien kanssa lauantaisin MTV3:lla kello 19.30 &amp; Katsomossa. <a href=\"https:\/\/www.iltalehti.fi\/telkku\" rel=\"nofollow noopener\" target=\"_blank\">Katso kaikki TV-ohjelmat ja l\u00e4hetysajat Telkun TV-oppaasta<\/a>.<\/p>\n","protected":false},"excerpt":{"rendered":"Tinxe toi twerk-tanssijat Tanssii t\u00e4htien kanssa -parketille. Tinze toi lavalle kokonaisen tanssiryhm\u00e4n. Atte Kajova Twerk-t\u00e4hti Tinze toi pakarat&hellip;\n","protected":false},"author":2,"featured_media":47888,"comment_status":"","ping_status":"","sticky":false,"template":"","format":"standard","meta":{"footnotes":""},"categories":[133],"tags":[35,138,137,33,31,30,1999,32,206,2140,140,139,156,109],"class_list":{"0":"post-47887","1":"post","2":"type-post","3":"status-publish","4":"format-standard","5":"has-post-thumbnail","7":"category-televisiot","8":"tag-24h","9":"tag-audio","10":"tag-entertainment","11":"tag-fi","12":"tag-finland","13":"tag-finnish","14":"tag-suomalaiset-tv-ohjelmat","15":"tag-suomi","16":"tag-televisiot","17":"tag-tosi-tv-ohjelmat","18":"tag-tv-ja-elokuvat","19":"tag-tv-ohjelmat","20":"tag-tv","21":"tag-viihde"},"share_on_mastodon":{"url":"","error":""},"_links":{"self":[{"href":"https:\/\/www.europesays.com\/fi\/wp-json\/wp\/v2\/posts\/47887","targetHints":{"allow":["GET"]}}],"collection":[{"href":"https:\/\/www.europesays.com\/fi\/wp-json\/wp\/v2\/posts"}],"about":[{"href":"https:\/\/www.europesays.com\/fi\/wp-json\/wp\/v2\/types\/post"}],"author":[{"embeddable":true,"href":"https:\/\/www.europesays.com\/fi\/wp-json\/wp\/v2\/users\/2"}],"replies":[{"embeddable":true,"href":"https:\/\/www.europesays.com\/fi\/wp-json\/wp\/v2\/comments?post=47887"}],"version-history":[{"count":0,"href":"https:\/\/www.europesays.com\/fi\/wp-json\/wp\/v2\/posts\/47887\/revisions"}],"wp:featuredmedia":[{"embeddable":true,"href":"https:\/\/www.europesays.com\/fi\/wp-json\/wp\/v2\/media\/47888"}],"wp:attachment":[{"href":"https:\/\/www.europesays.com\/fi\/wp-json\/wp\/v2\/media?parent=47887"}],"wp:term":[{"taxonomy":"category","embeddable":true,"href":"https:\/\/www.europesays.com\/fi\/wp-json\/wp\/v2\/categories?post=47887"},{"taxonomy":"post_tag","embeddable":true,"href":"https:\/\/www.europesays.com\/fi\/wp-json\/wp\/v2\/tags?post=47887"}],"curies":[{"name":"wp","href":"https:\/\/api.w.org\/{rel}","templated":true}]}}