{"id":47903,"date":"2025-09-28T19:44:07","date_gmt":"2025-09-28T19:44:07","guid":{"rendered":"https:\/\/www.europesays.com\/fi\/47903\/"},"modified":"2025-09-28T19:44:07","modified_gmt":"2025-09-28T19:44:07","slug":"golf-kisan-juontaja-huusi-havyttomia-rory-mcilroylle-ja-aiheutti-kaaoksen-erosi-tehtavastaan-hs-fi","status":"publish","type":"post","link":"https:\/\/www.europesays.com\/fi\/47903\/","title":{"rendered":"Golf | Kisan juontaja huusi h\u00e4vytt\u00f6mi\u00e4 Rory McIlroylle ja aiheutti kaaoksen \u2013 erosi teht\u00e4v\u00e4st\u00e4\u00e4n &#8211; HS.fi"},"content":{"rendered":"<ol>\n<li><a href=\"https:\/\/news.google.com\/rss\/articles\/CBMiXEFVX3lxTE9MbDk3VzRibTVaaXNRQTdzUEU2c3ZqaXVTNjJQZExLcWJMbVYyYzYxS1YtMDZLYURIazVyaDFNZGkyNWQ4ZzZpMVBFRl81M2FBSFI0MnFrZkFOUi1u?oc=5\" target=\"_blank\" rel=\"nofollow noopener\">Golf | Kisan juontaja huusi h\u00e4vytt\u00f6mi\u00e4 Rory McIlroylle ja aiheutti kaaoksen \u2013 erosi teht\u00e4v\u00e4st\u00e4\u00e4n<\/a>&nbsp;&nbsp;HS.fi<\/li>\n<li><a href=\"https:\/\/news.google.com\/rss\/articles\/CBMiWEFVX3lxTE01cHVCelRDdTR2OWplSDZzQU91NjdHQ2dzSU4yeE9SanctMzZFWjBvQ05RX3F3NVA5aE5KWVNVcEgwVmVlR2F5UExvci1NNjhOZDIzYTVZLUE?oc=5\" target=\"_blank\" rel=\"nofollow noopener\">Donald Trump aiheutti t\u00e4yden sekamelskan \u2013 h\u00e4mment\u00e4v\u00e4 kuva levi\u00e4\u00e4<\/a>&nbsp;&nbsp;Ilta-Sanomat<\/li>\n<li><a href=\"https:\/\/news.google.com\/rss\/articles\/CBMiQkFVX3lxTE1iUDFqcmRhb1BidkxqNEllN1NTRE5tc21INE9rMmxlSmxHMTljbVlsU3Z1bThWWmNTdHgxMEwzZGZaUQ?oc=5\" target=\"_blank\" rel=\"nofollow noopener\">Poliisi hillitsi t\u00f6rkeyksi\u00e4 huudelleita faneja Ryder Cupissa \u2013 Yhdysvallat sulamassa historiallisella tavalla<\/a>&nbsp;&nbsp;Yle<\/li>\n<li><a href=\"https:\/\/news.google.com\/rss\/articles\/CBMifkFVX3lxTE04WDRzRzBxOWNlNXg2dE15UHlvSnFMMFpka0k5bUFsbWlIUVA4RHpSWUZjS0NrSnZsc3IzREkzenhfb0lHcG9QejRVeEpicHFVbzdwbDBfZEI4VUdBT0V3SlF0Qno4UjJXbUs2dEV2Ty1VTWxUUHFaSnM4SUpIZw?oc=5\" target=\"_blank\" rel=\"nofollow noopener\">Supert\u00e4hti raivostui yleis\u00f6lle<\/a>&nbsp;&nbsp;Iltalehti<\/li>\n<li><a href=\"https:\/\/news.google.com\/rss\/articles\/CBMisgFBVV95cUxOcXQ5ajhWX2JaLUlWdGRreGViY01ETUdYNkZSV0hqNl9mb0hpOGduNjZLNVhkblJvZi1vdHFmQl9zUExzWTQ1bGhtc2Jzb2dCSWtQakl4TXFZUU4xUWNhRUJjRHRuWU5GODRCazhOMUR1a2NFVHpncVJnQi1UaEF2Mi1DM0U3RUpUTHRjcjg5WFhnVGUtcFkyV0ZRdjVldC01c18zQURmSEVBRkFRajJvSDJR?oc=5\" target=\"_blank\" rel=\"nofollow noopener\">Schefflerin painajainen jatkuu Ryder Cupissa \u2013 USA telineiss\u00e4 avausp\u00e4iv\u00e4n j\u00e4lkeen<\/a>&nbsp;&nbsp;Golfpiste.com<\/li>\n<\/ol>\n","protected":false},"excerpt":{"rendered":"Golf | Kisan juontaja huusi h\u00e4vytt\u00f6mi\u00e4 Rory McIlroylle ja aiheutti kaaoksen \u2013 erosi teht\u00e4v\u00e4st\u00e4\u00e4n&nbsp;&nbsp;HS.fi Donald Trump aiheutti t\u00e4yden&hellip;\n","protected":false},"author":2,"featured_media":47904,"comment_status":"","ping_status":"","sticky":false,"template":"","format":"standard","meta":{"footnotes":""},"categories":[136],"tags":[407,137,33,31,30,46,408,32,109],"class_list":{"0":"post-47903","1":"post","2":"type-post","3":"status-publish","4":"format-standard","5":"has-post-thumbnail","7":"category-julkkikset","8":"tag-celebrities","9":"tag-entertainment","10":"tag-fi","11":"tag-finland","12":"tag-finnish","13":"tag-helsingin-sanomat","14":"tag-julkkikset","15":"tag-suomi","16":"tag-viihde"},"share_on_mastodon":{"url":"","error":""},"_links":{"self":[{"href":"https:\/\/www.europesays.com\/fi\/wp-json\/wp\/v2\/posts\/47903","targetHints":{"allow":["GET"]}}],"collection":[{"href":"https:\/\/www.europesays.com\/fi\/wp-json\/wp\/v2\/posts"}],"about":[{"href":"https:\/\/www.europesays.com\/fi\/wp-json\/wp\/v2\/types\/post"}],"author":[{"embeddable":true,"href":"https:\/\/www.europesays.com\/fi\/wp-json\/wp\/v2\/users\/2"}],"replies":[{"embeddable":true,"href":"https:\/\/www.europesays.com\/fi\/wp-json\/wp\/v2\/comments?post=47903"}],"version-history":[{"count":0,"href":"https:\/\/www.europesays.com\/fi\/wp-json\/wp\/v2\/posts\/47903\/revisions"}],"wp:featuredmedia":[{"embeddable":true,"href":"https:\/\/www.europesays.com\/fi\/wp-json\/wp\/v2\/media\/47904"}],"wp:attachment":[{"href":"https:\/\/www.europesays.com\/fi\/wp-json\/wp\/v2\/media?parent=47903"}],"wp:term":[{"taxonomy":"category","embeddable":true,"href":"https:\/\/www.europesays.com\/fi\/wp-json\/wp\/v2\/categories?post=47903"},{"taxonomy":"post_tag","embeddable":true,"href":"https:\/\/www.europesays.com\/fi\/wp-json\/wp\/v2\/tags?post=47903"}],"curies":[{"name":"wp","href":"https:\/\/api.w.org\/{rel}","templated":true}]}}