{"id":47905,"date":"2025-09-28T19:47:08","date_gmt":"2025-09-28T19:47:08","guid":{"rendered":"https:\/\/www.europesays.com\/fi\/47905\/"},"modified":"2025-09-28T19:47:08","modified_gmt":"2025-09-28T19:47:08","slug":"mikko-silvennoinen-putosi-ttksta","status":"publish","type":"post","link":"https:\/\/www.europesays.com\/fi\/47905\/","title":{"rendered":"Mikko Silvennoinen putosi TTK:sta"},"content":{"rendered":"<p>Kolmas pari putosi syksyn Tanssii t\u00e4htien kanssa -kaudelta.<\/p>\n<p><img decoding=\"async\" class=\"image image-show image-preview\" src=\"https:\/\/www.europesays.com\/fi\/wp-content\/uploads\/2025\/09\/873869c11e61a2cacab6a09001d125978d247ce998b9ddf10d2114e7cd0e22f1.jpg\" alt=\"\"\/><img decoding=\"async\" class=\"image image-show\" src=\"https:\/\/www.europesays.com\/fi\/wp-content\/uploads\/2025\/09\/1759088828_721_873869c11e61a2cacab6a09001d125978d247ce998b9ddf10d2114e7cd0e22f1.jpg\" alt=\"\"\/><\/p>\n<p>Viisuselostaja Mikko Silvennoinen putosi TTK-kisasta. Atte Kajova<\/p>\n<p class=\"paragraph\">Kolmas pari putosi t\u00e4n\u00e4\u00e4n Tanssii t\u00e4htien kanssa -kisasta. Leikin joutuivat j\u00e4tt\u00e4m\u00e4\u00e4n <strong>Mikko Silvennoinen<\/strong> ja <strong>Matti Puro<\/strong>.<\/p>\n<p class=\"paragraph\">Mikko kiitti tanssipariaan vuolaasti.<\/p>\n<p class=\"paragraph\">\u2013 Olen tanssinut nelj\u00e4sti. Miettik\u00e4\u00e4, aivan uskomatonta. Kiitos kaikille jotka \u00e4\u00e4nestiv\u00e4t. Olen ker\u00e4nnyt sellaisen muiston, jota en tule ikin\u00e4 unohtamaan.<\/p>\n<p class=\"paragraph\">Matti kiitti Mikkoa rohkeudesta, jolla h\u00e4n l\u00e4hti kisaan mukaan.<\/p>\n<p>Mikko Silvennoinen ja Matti Puro olivat Tanssii t\u00e4htien kanssa -ohjelman ensimm\u00e4inen miespari. Atte Kajova<\/p>\n<p class=\"paragraph\">Pudotusuhan alla olivat Mikko ja Matti sek\u00e4 <strong>Pippa<\/strong> ja <strong>Marko<\/strong>. He olivat saaneet huonoimmat tuomaripisteet.<\/p>\n<p class=\"paragraph\">Illan paras pari oli <strong>Lakko<\/strong> ja <strong>Kastanja<\/strong>. He olivat my\u00f6s tuomaripisteiden ykk\u00f6si\u00e4.<\/p>\n<p>TTK-pisteet 28. syyskuuta<\/p>\n<p class=\"paragraph\">Kristiina ja Sami, jive: 6+6+7=19<\/p>\n<p class=\"paragraph\">Johannes ja Katri, rumba: 8+7+8=23<\/p>\n<p class=\"paragraph\">Marko ja Kia, samba: 6+6+6=18<\/p>\n<p class=\"paragraph\">Mikko ja Matti, paso doble: 4+4+4=12<\/p>\n<p class=\"paragraph\">Minna ja Mikko, cha cha cha: 5+5+6=16<\/p>\n<p class=\"paragraph\">Lakko ja Kastanja, paso doble: 8+8+9=25<\/p>\n<p class=\"paragraph\">Pippa ja Marko, samba: 3+4+4=11<\/p>\n<p class=\"paragraph\">Paulus ja Liisa, jive: 7+7+7=21<\/p>\n<p class=\"paragraph\">Tinze ja Valtteri, samba 7+6+7=20<\/p>\n<p class=\"paragraph\">Ensimm\u00e4isen\u00e4 mainitut pisteet ovat Jukka Haapalaisen, toisena Helena Ahti-Hallbergin ja kolmantena Jorma Uotisen.<\/p>\n<p class=\"paragraph\">Tanssii t\u00e4htien kanssa lauantaisin MTV3:lla kello 19.30 &amp; Katsomossa. <a href=\"https:\/\/www.iltalehti.fi\/telkku\" rel=\"nofollow noopener\" target=\"_blank\">Katso kaikki TV-ohjelmat ja l\u00e4hetysajat Telkun TV-oppaasta<\/a>.<\/p>\n","protected":false},"excerpt":{"rendered":"Kolmas pari putosi syksyn Tanssii t\u00e4htien kanssa -kaudelta. Viisuselostaja Mikko Silvennoinen putosi TTK-kisasta. Atte Kajova Kolmas pari putosi&hellip;\n","protected":false},"author":2,"featured_media":47906,"comment_status":"","ping_status":"","sticky":false,"template":"","format":"standard","meta":{"footnotes":""},"categories":[133],"tags":[35,137,33,31,30,979,1999,32,206,2140,140,139,156,109],"class_list":{"0":"post-47905","1":"post","2":"type-post","3":"status-publish","4":"format-standard","5":"has-post-thumbnail","7":"category-televisiot","8":"tag-24h","9":"tag-entertainment","10":"tag-fi","11":"tag-finland","12":"tag-finnish","13":"tag-sahkoinen-media","14":"tag-suomalaiset-tv-ohjelmat","15":"tag-suomi","16":"tag-televisiot","17":"tag-tosi-tv-ohjelmat","18":"tag-tv-ja-elokuvat","19":"tag-tv-ohjelmat","20":"tag-tv","21":"tag-viihde"},"share_on_mastodon":{"url":"","error":""},"_links":{"self":[{"href":"https:\/\/www.europesays.com\/fi\/wp-json\/wp\/v2\/posts\/47905","targetHints":{"allow":["GET"]}}],"collection":[{"href":"https:\/\/www.europesays.com\/fi\/wp-json\/wp\/v2\/posts"}],"about":[{"href":"https:\/\/www.europesays.com\/fi\/wp-json\/wp\/v2\/types\/post"}],"author":[{"embeddable":true,"href":"https:\/\/www.europesays.com\/fi\/wp-json\/wp\/v2\/users\/2"}],"replies":[{"embeddable":true,"href":"https:\/\/www.europesays.com\/fi\/wp-json\/wp\/v2\/comments?post=47905"}],"version-history":[{"count":0,"href":"https:\/\/www.europesays.com\/fi\/wp-json\/wp\/v2\/posts\/47905\/revisions"}],"wp:featuredmedia":[{"embeddable":true,"href":"https:\/\/www.europesays.com\/fi\/wp-json\/wp\/v2\/media\/47906"}],"wp:attachment":[{"href":"https:\/\/www.europesays.com\/fi\/wp-json\/wp\/v2\/media?parent=47905"}],"wp:term":[{"taxonomy":"category","embeddable":true,"href":"https:\/\/www.europesays.com\/fi\/wp-json\/wp\/v2\/categories?post=47905"},{"taxonomy":"post_tag","embeddable":true,"href":"https:\/\/www.europesays.com\/fi\/wp-json\/wp\/v2\/tags?post=47905"}],"curies":[{"name":"wp","href":"https:\/\/api.w.org\/{rel}","templated":true}]}}