{"id":47949,"date":"2025-09-28T20:41:08","date_gmt":"2025-09-28T20:41:08","guid":{"rendered":"https:\/\/www.europesays.com\/fi\/47949\/"},"modified":"2025-09-28T20:41:08","modified_gmt":"2025-09-28T20:41:08","slug":"nyt-suoratoistossa-spike-leen-ja-denzel-washingtonin-uusin-elokuva-on-akira-kurosawa-filmatisointi","status":"publish","type":"post","link":"https:\/\/www.europesays.com\/fi\/47949\/","title":{"rendered":"Nyt suoratoistossa: Spike Leen ja Denzel Washingtonin uusin elokuva on Akira Kurosawa -filmatisointi"},"content":{"rendered":"<p>Highest 2 Lowest\u00a0on nyt suoratoistettavissa my\u00f6s Suomessa. A24:n ja Applen tuottama elokuva on katsottavissa Apple TV Plus -suoratoistopalvelusta.<\/p>\n<p><strong>Spike Leen\u00a0<\/strong>uusin on uusintafilmatisointi\u00a0<strong>Akira Kurosawan<\/strong>\u00a0klassikosta\u00a0Taivas ja helvetti, joka sai ensi-iltansa vuonna 1963. Elokuva perustuu amerikkalaiseen romaaniin, joten elokuva tavallaan palasi takaisin juurilleen.<\/p>\n<p>P\u00e4\u00e4roolissa n\u00e4hd\u00e4\u00e4n <strong>Denzel Washington<\/strong>. Muissa rooleissa <strong>Jeffrey Wright, Ilfenesh Hadera, A$AP Rocky, Ice Spice <\/strong>ja<strong> Dean Winters<\/strong>. Katso elokuvan traileri alta.<\/p>\n<p><img loading=\"lazy\" decoding=\"async\" alt=\"YouTube video\" width=\"480\" height=\"360\" data-pin-nopin=\"true\" nopin=\"nopin\" class=\"perfmatters-lazy\" src=\"https:\/\/www.europesays.com\/fi\/wp-content\/uploads\/2025\/09\/1759092068_101_hqdefault.jpg\"\/><\/p>\n<p><a href=\"https:\/\/www.episodi.fi\/uutiset\/traileri-talta-nayttaa-denzel-washingtonin-uusi-rikosleffa-ohjaajana-spike-lee\/\" rel=\"nofollow noopener\" target=\"_blank\">Lue my\u00f6s: Traileri: t\u00e4lt\u00e4 n\u00e4ytt\u00e4\u00e4 Denzel Washingtonin uusi rikosleffa \u2013 ohjaajana Spike Lee<\/a><\/p>\n<p>Lue my\u00f6s: <a href=\"https:\/\/www.episodi.fi\/uutiskirje\/?uutiskirjemainos=tekstilinkkimainos\" title=\"Tilaa Episodin uutiskirje ja voit voittaa leffalippuja! Nappaa tv-vinkit suoraan s\u00e4hk\u00f6postiin t\u00e4st\u00e4.\" class=\"underline-custom !font-montserrat !font-bold !underline-offset-4 !decoration-4 !decoration-episodi-blue !text-md\" rel=\"nofollow noopener\" target=\"_blank\">Tilaa Episodin uutiskirje ja voit voittaa leffalippuja! Nappaa katseluvinkit suoraan s\u00e4hk\u00f6postiin t\u00e4st\u00e4.<\/a><\/p>\n<p>\t\t\tAiheeseen liittyvi\u00e4 elokuvia<\/p>\n","protected":false},"excerpt":{"rendered":"Highest 2 Lowest\u00a0on nyt suoratoistettavissa my\u00f6s Suomessa. A24:n ja Applen tuottama elokuva on katsottavissa Apple TV Plus -suoratoistopalvelusta.&hellip;\n","protected":false},"author":2,"featured_media":47950,"comment_status":"","ping_status":"","sticky":false,"template":"","format":"standard","meta":{"footnotes":""},"categories":[131],"tags":[5406,3707,155,137,33,173,31,30,8300,6302,172,8296,32,109],"class_list":{"0":"post-47949","1":"post","2":"type-post","3":"status-publish","4":"format-standard","5":"has-post-thumbnail","7":"category-elokuvat","8":"tag-apple-tv-plus","9":"tag-denzel-washington","10":"tag-elokuvat","11":"tag-entertainment","12":"tag-fi","13":"tag-film","14":"tag-finland","15":"tag-finnish","16":"tag-highest-2-lowest","17":"tag-ignostot","18":"tag-movies","19":"tag-spike-lee","20":"tag-suomi","21":"tag-viihde"},"share_on_mastodon":{"url":"","error":""},"_links":{"self":[{"href":"https:\/\/www.europesays.com\/fi\/wp-json\/wp\/v2\/posts\/47949","targetHints":{"allow":["GET"]}}],"collection":[{"href":"https:\/\/www.europesays.com\/fi\/wp-json\/wp\/v2\/posts"}],"about":[{"href":"https:\/\/www.europesays.com\/fi\/wp-json\/wp\/v2\/types\/post"}],"author":[{"embeddable":true,"href":"https:\/\/www.europesays.com\/fi\/wp-json\/wp\/v2\/users\/2"}],"replies":[{"embeddable":true,"href":"https:\/\/www.europesays.com\/fi\/wp-json\/wp\/v2\/comments?post=47949"}],"version-history":[{"count":0,"href":"https:\/\/www.europesays.com\/fi\/wp-json\/wp\/v2\/posts\/47949\/revisions"}],"wp:featuredmedia":[{"embeddable":true,"href":"https:\/\/www.europesays.com\/fi\/wp-json\/wp\/v2\/media\/47950"}],"wp:attachment":[{"href":"https:\/\/www.europesays.com\/fi\/wp-json\/wp\/v2\/media?parent=47949"}],"wp:term":[{"taxonomy":"category","embeddable":true,"href":"https:\/\/www.europesays.com\/fi\/wp-json\/wp\/v2\/categories?post=47949"},{"taxonomy":"post_tag","embeddable":true,"href":"https:\/\/www.europesays.com\/fi\/wp-json\/wp\/v2\/tags?post=47949"}],"curies":[{"name":"wp","href":"https:\/\/api.w.org\/{rel}","templated":true}]}}