{"id":47955,"date":"2025-09-28T20:47:32","date_gmt":"2025-09-28T20:47:32","guid":{"rendered":"https:\/\/www.europesays.com\/fi\/47955\/"},"modified":"2025-09-28T20:47:32","modified_gmt":"2025-09-28T20:47:32","slug":"nakokulma-olariin-uusi-iso-ruokakauppa-pienella-byrokratialla-kilpailijat-kihisevat-raivosta-paikalliset","status":"publish","type":"post","link":"https:\/\/www.europesays.com\/fi\/47955\/","title":{"rendered":"N\u00e4k\u00f6kulma | Olariin uusi iso ruokakauppa pienell\u00e4 byrokratialla? Kilpailijat kihisev\u00e4t raivosta | Paikalliset"},"content":{"rendered":"<p>N\u00e4ytt\u00e4\u00e4 vahvasti silt\u00e4, ett\u00e4 Tokmanni pit\u00e4\u00e4 kaavoittajia pilkkanaan. Pit\u00e4isik\u00f6 pieni s\u00e4\u00e4nt\u00f6jen venyttely kuitenkin sallia, jotta suomalaiseen ruokakauppaan saadaan lis\u00e4\u00e4 kilpailua?<\/p>\n<p>Olarilaisen kannalta ei ole mit\u00e4\u00e4n ongelmaa siin\u00e4, jos Olarin Tokmannin yhteyteen avataan Eurospar-ruokakauppa. Siin\u00e4 on Lidl ja Prisma ihan vieress\u00e4 ja Ison Omenan K-Citymarkettikin kivenheiton p\u00e4\u00e4ss\u00e4, mutta olisipa ainakin viel\u00e4 yksi vaihtoehto lis\u00e4\u00e4 ruokaostosten tekoon. Viel\u00e4p\u00e4 suhteellisen edullinen sellainen.<\/p>\n","protected":false},"excerpt":{"rendered":"N\u00e4ytt\u00e4\u00e4 vahvasti silt\u00e4, ett\u00e4 Tokmanni pit\u00e4\u00e4 kaavoittajia pilkkanaan. Pit\u00e4isik\u00f6 pieni s\u00e4\u00e4nt\u00f6jen venyttely kuitenkin sallia, jotta suomalaiseen ruokakauppaan saadaan&hellip;\n","protected":false},"author":2,"featured_media":47956,"comment_status":"","ping_status":"","sticky":false,"template":"","format":"standard","meta":{"footnotes":""},"categories":[76],"tags":[79,77,2199,400,33,31,30,12119,614,402,32,78,712,3038],"class_list":{"0":"post-47955","1":"post","2":"type-post","3":"status-publish","4":"format-standard","5":"has-post-thumbnail","7":"category-talous","8":"tag-business","9":"tag-economy","10":"tag-elintarvikekauppa-ja-supermarketit","11":"tag-espoo","12":"tag-fi","13":"tag-finland","14":"tag-finnish","15":"tag-kruunujuttu","16":"tag-maakunta-uusimaa","17":"tag-rakentaminen-kiinteistot","18":"tag-suomi","19":"tag-talous","20":"tag-tampereen-seutukunta","21":"tag-vahittaiskauppa-erikoistumattomissa-myymaloissa"},"share_on_mastodon":{"url":"","error":""},"_links":{"self":[{"href":"https:\/\/www.europesays.com\/fi\/wp-json\/wp\/v2\/posts\/47955","targetHints":{"allow":["GET"]}}],"collection":[{"href":"https:\/\/www.europesays.com\/fi\/wp-json\/wp\/v2\/posts"}],"about":[{"href":"https:\/\/www.europesays.com\/fi\/wp-json\/wp\/v2\/types\/post"}],"author":[{"embeddable":true,"href":"https:\/\/www.europesays.com\/fi\/wp-json\/wp\/v2\/users\/2"}],"replies":[{"embeddable":true,"href":"https:\/\/www.europesays.com\/fi\/wp-json\/wp\/v2\/comments?post=47955"}],"version-history":[{"count":0,"href":"https:\/\/www.europesays.com\/fi\/wp-json\/wp\/v2\/posts\/47955\/revisions"}],"wp:featuredmedia":[{"embeddable":true,"href":"https:\/\/www.europesays.com\/fi\/wp-json\/wp\/v2\/media\/47956"}],"wp:attachment":[{"href":"https:\/\/www.europesays.com\/fi\/wp-json\/wp\/v2\/media?parent=47955"}],"wp:term":[{"taxonomy":"category","embeddable":true,"href":"https:\/\/www.europesays.com\/fi\/wp-json\/wp\/v2\/categories?post=47955"},{"taxonomy":"post_tag","embeddable":true,"href":"https:\/\/www.europesays.com\/fi\/wp-json\/wp\/v2\/tags?post=47955"}],"curies":[{"name":"wp","href":"https:\/\/api.w.org\/{rel}","templated":true}]}}