{"id":47961,"date":"2025-09-28T20:50:09","date_gmt":"2025-09-28T20:50:09","guid":{"rendered":"https:\/\/www.europesays.com\/fi\/47961\/"},"modified":"2025-09-28T20:50:09","modified_gmt":"2025-09-28T20:50:09","slug":"sm-liiga-tommi-tikalle-kahden-ottelun-pelikielto","status":"publish","type":"post","link":"https:\/\/www.europesays.com\/fi\/47961\/","title":{"rendered":"SM-liiga: Tommi Tikalle kahden ottelun pelikielto"},"content":{"rendered":"<p>K\u00e4rp\u00e4t joutuu tulemaan toimeen kaksi ottelua ilman hy\u00f6kk\u00e4\u00e4j\u00e4\u00e4ns\u00e4.<\/p>\n<p>Videotuomio: MIten t\u00e4m\u00e4 joukkue voitiin unohtaa?Video: IS<\/p>\n<p class=\"article-body mb-nof-24 px-nof-16\">Oulun K\u00e4rppien hy\u00f6kk\u00e4\u00e4j\u00e4 <a class=\"article-personlink\" href=\"https:\/\/www.is.fi\/haku\/?query=Tommi%20Tikka\" rel=\"nofollow noopener\" target=\"_blank\">Tommi Tikka<\/a> on saanut kahden ottelun pelikiellon lauantain Tappara-ottelun tilanteesta. SM-liigan kurinpitodelegaatio <a class=\"article-genericlink\" href=\"https:\/\/www.liiga.fi\/fi\/uutiset\/karppien-tommi-tikalle-kahden-ottelun-pelikielto\" rel=\"nofollow noopener\" target=\"_blank\">tiedotti <\/a>asiasta sunnuntaina.<\/p>\n<p class=\"article-body mb-nof-24 px-nof-16\">Tikka, 30, taklasi Tapparan <a class=\"article-personlink\" href=\"https:\/\/www.is.fi\/haku\/?query=Joni%20Tuulolaa\" rel=\"nofollow noopener\" target=\"_blank\">Joni Tuulolaa<\/a> avauser\u00e4ss\u00e4 s\u00e4\u00e4nt\u00f6jenvastaisesti ja sai ison rangaistuksen ja pelirangaistuksen laitataklauksesta.<\/p>\n<p><img decoding=\"async\" src=\"https:\/\/www.europesays.com\/fi\/wp-content\/uploads\/2025\/09\/1759092609_216_468.jpg\" alt=\"Tommi Tikka l\u00e4hti suihkuun jo avauser\u00e4ss\u00e4.\" class=\"_Img_tdqg8_1\" style=\"aspect-ratio:1.5\" loading=\"eager\"\/><\/p>\n<p class=\"article-picture-caption\">Tommi Tikka l\u00e4hti suihkuun jo avauser\u00e4ss\u00e4. Kuva:\u00a0Jukka Ritola \/ Aamulehti<\/p>\n<p class=\"article-body mb-nof-24 px-nof-16\">Tilanteessa Tikka luisteli paineistamaan Tuulolaa ja huitaisi ensin mailallaan Tuulolan mailaan saaden t\u00e4m\u00e4n menett\u00e4m\u00e4\u00e4n kiekon.<\/p>\n<p class=\"article-body mb-nof-24 px-nof-16\">\u2013 V\u00e4litt\u00f6m\u00e4sti t\u00e4m\u00e4n j\u00e4lkeen Tikka jatkaa tilanteen pelaamista ty\u00f6nt\u00e4m\u00e4ll\u00e4 voimakkaasti k\u00e4sill\u00e4\u00e4n Tuulolaa yl\u00e4selk\u00e4\u00e4n. T\u00e4m\u00e4 aiheuttaa Tuulolan tasapainon menetyksen ja voimakkaan kaatumisen p\u00e4\u00e4tylaitaan, p\u00e4\u00e4t\u00f6ksess\u00e4 todetaan.<\/p>\n<p class=\"article-body mb-nof-24 px-nof-16\">\u2013 Tuulola ei k\u00e4yt\u00e4nn\u00f6ss\u00e4 k\u00e4\u00e4nn\u00e4 selk\u00e4\u00e4ns\u00e4 taklaajalle taikka altista itse\u00e4\u00e4n haavoittuvaan asentoon ennen kuin Tikka on aiheuttanut k\u00e4sill\u00e4\u00e4n Tuulolan tasapainon menett\u00e4misen.<\/p>\n<p class=\"article-body mb-nof-24 px-nof-16\">Tikka ei ole avannut viel\u00e4 pistetili\u00e4\u00e4n t\u00e4ll\u00e4 kaudella. J\u00e4\u00e4hyminuutteja on koossa 29. Urallaan h\u00e4n on pelannut 409 ottelua tehoilla 62+103. J\u00e4\u00e4hyminuutteja on 632.<\/p>\n<p class=\"article-body mb-nof-24 px-nof-16\">K\u00e4rp\u00e4t hankki Tikan riveihins\u00e4 viime kes\u00e4n\u00e4. SHL:st\u00e4 palannut hy\u00f6kk\u00e4\u00e4j\u00e4 teki 2+1 vuoden mittaisen sopimuksen.<\/p>\n<p class=\"article-body mb-nof-24 px-nof-16\">SM-liigan kapteenit \u00e4\u00e4nestiv\u00e4t h\u00e4net vuonna 2022 sarjan \u00e4rsytt\u00e4vimm\u00e4ksi pelaajaksi.<\/p>\n<p class=\"article-body mb-nof-24 px-nof-16\">Sunnuntai-iltana SM-liigan kurinpito langetti kahden ottelun pelikiellon my\u00f6s TPS:n hy\u00f6kk\u00e4\u00e4j\u00e4lle <a class=\"article-personlink\" href=\"https:\/\/www.is.fi\/haku\/?query=Sisu%20Yliniemelle\" rel=\"nofollow noopener\" target=\"_blank\">Sisu Yliniemelle<\/a>. 22-vuotias Yliniemi sai pannan HIFK:n <a class=\"article-personlink\" href=\"https:\/\/www.is.fi\/haku\/?query=Jesse%20Sepp%C3%A4l%C3%A4n\" rel=\"nofollow noopener\" target=\"_blank\">Jesse Sepp\u00e4l\u00e4n <\/a>p\u00e4\u00e4h\u00e4n osuneesta taklauksestaan.<\/p>\n","protected":false},"excerpt":{"rendered":"K\u00e4rp\u00e4t joutuu tulemaan toimeen kaksi ottelua ilman hy\u00f6kk\u00e4\u00e4j\u00e4\u00e4ns\u00e4. Videotuomio: MIten t\u00e4m\u00e4 joukkue voitiin unohtaa?Video: IS Oulun K\u00e4rppien hy\u00f6kk\u00e4\u00e4j\u00e4&hellip;\n","protected":false},"author":2,"featured_media":47962,"comment_status":"","ping_status":"","sticky":false,"template":"","format":"standard","meta":{"footnotes":""},"categories":[5],"tags":[22,23,26,27,33,31,30,17,34,24,25,28,29,15,18,21,32,19,20,16],"class_list":{"0":"post-47961","1":"post","2":"type-post","3":"status-publish","4":"format-standard","5":"has-post-thumbnail","7":"category-otsikot","8":"tag-breaking-news","9":"tag-breakingnews","10":"tag-featured-news","11":"tag-featurednews","12":"tag-fi","13":"tag-finland","14":"tag-finnish","15":"tag-headlines","16":"tag-ilta-sanomat","17":"tag-latest-news","18":"tag-latestnews","19":"tag-main-news","20":"tag-mainnews","21":"tag-news","22":"tag-otsikot","23":"tag-paauutiset","24":"tag-suomi","25":"tag-top-stories","26":"tag-topstories","27":"tag-uutiset"},"share_on_mastodon":{"url":"","error":""},"_links":{"self":[{"href":"https:\/\/www.europesays.com\/fi\/wp-json\/wp\/v2\/posts\/47961","targetHints":{"allow":["GET"]}}],"collection":[{"href":"https:\/\/www.europesays.com\/fi\/wp-json\/wp\/v2\/posts"}],"about":[{"href":"https:\/\/www.europesays.com\/fi\/wp-json\/wp\/v2\/types\/post"}],"author":[{"embeddable":true,"href":"https:\/\/www.europesays.com\/fi\/wp-json\/wp\/v2\/users\/2"}],"replies":[{"embeddable":true,"href":"https:\/\/www.europesays.com\/fi\/wp-json\/wp\/v2\/comments?post=47961"}],"version-history":[{"count":0,"href":"https:\/\/www.europesays.com\/fi\/wp-json\/wp\/v2\/posts\/47961\/revisions"}],"wp:featuredmedia":[{"embeddable":true,"href":"https:\/\/www.europesays.com\/fi\/wp-json\/wp\/v2\/media\/47962"}],"wp:attachment":[{"href":"https:\/\/www.europesays.com\/fi\/wp-json\/wp\/v2\/media?parent=47961"}],"wp:term":[{"taxonomy":"category","embeddable":true,"href":"https:\/\/www.europesays.com\/fi\/wp-json\/wp\/v2\/categories?post=47961"},{"taxonomy":"post_tag","embeddable":true,"href":"https:\/\/www.europesays.com\/fi\/wp-json\/wp\/v2\/tags?post=47961"}],"curies":[{"name":"wp","href":"https:\/\/api.w.org\/{rel}","templated":true}]}}