{"id":47968,"date":"2025-09-28T21:09:08","date_gmt":"2025-09-28T21:09:08","guid":{"rendered":"https:\/\/www.europesays.com\/fi\/47968\/"},"modified":"2025-09-28T21:09:08","modified_gmt":"2025-09-28T21:09:08","slug":"oikeusmurha-tuomaristo-ei-nahnyt-rumaa-temppua-iltalehti","status":"publish","type":"post","link":"https:\/\/www.europesays.com\/fi\/47968\/","title":{"rendered":"Oikeusmurha? Tuomaristo ei n\u00e4hnyt rumaa temppua &#8211; Iltalehti"},"content":{"rendered":"<ol>\n<li><a href=\"https:\/\/news.google.com\/rss\/articles\/CBMif0FVX3lxTE56QllqN09XYmVvQ3hpU2JQbzBxX1FIMDhITTJhcXNCQm1oWFJIb3dwOXhvM3N3b0dGckNtYkxDMGszSUhhYnlYZHdBT3NEcUdwaWJDdHlSczBJZFdaU3dPTHRqb2MwWFZ4Zm04SlVTMERzR0c4N3ZTYjBocjZaTG8?oc=5\" target=\"_blank\" rel=\"nofollow noopener\">Oikeusmurha? Tuomaristo ei n\u00e4hnyt rumaa temppua<\/a>&nbsp;&nbsp;Iltalehti<\/li>\n<li><a href=\"https:\/\/news.google.com\/rss\/articles\/CBMiQkFVX3lxTE9YdFFsY21tSDBGSHp6NGdSeERiUzNYeGs5cEYxakV1NUhsbWkxbW14Nm1uRzNEcFNsWUdja0FTTXNaUQ?oc=5\" target=\"_blank\" rel=\"nofollow noopener\">Arsenalille tunteikas viime hetken voitto \u2013 asiantuntija \u00e4im\u00e4n\u00e4 kaaoksesta: \u201dEi pit\u00e4isi tuntua t\u00e4lt\u00e4\u201d<\/a>&nbsp;&nbsp;Yle<\/li>\n<li><a href=\"https:\/\/news.google.com\/rss\/articles\/CBMiYEFVX3lxTE5nWVRYX1FWenhyb0FHdm9aNnRwOUZYTnFkcW9od3lYRXAtczR2U21QYS1fWXRYRC1iUGdaLWhlTTIzSUJDRmVNek9kR0lFSmtUV2oxd2QyQW9hZEZoeURoOA?oc=5\" target=\"_blank\" rel=\"nofollow noopener\">Mielet\u00f6nt\u00e4 draamaa Valioliigassa \u2013 Arsenal nousi voittoon lis\u00e4ajalla<\/a>&nbsp;&nbsp;Ilta-Sanomat<\/li>\n<li><a href=\"https:\/\/news.google.com\/rss\/articles\/CBMikAFBVV95cUxOODk1Nm9MbElOR3YycUxGRmNvaUJXbVMyaGE1ZGJ4clJ0cGhJUFkwcDJSNEhNcVVJbkh6b1FGdTlmalJYSmZaZXJ2WEpPQWxWWklOWG5jQTBaQzVEbTR0bEw4X3cxYzVyb0hVSHJNYlppNDh1TGs4eXROYWRLd1d6SVlIVXVxdVN3bThXTGxxTHg?oc=5\" target=\"_blank\" rel=\"nofollow noopener\">Arsenalin Mikel Arteta otti kantaa kohutilanteeseen<\/a>&nbsp;&nbsp;Sportti.com<\/li>\n<li><a href=\"https:\/\/news.google.com\/rss\/articles\/CBMiSkFVX3lxTFA0c3RTSWJPbDYxZkxqOEY3ZTdDdTFadFpmYVBnRzdXNU5rUFpqQWsxT1ltcml1UlVySUJSeU5NVnZDTXpOZ2tEbi13?oc=5\" target=\"_blank\" rel=\"nofollow noopener\">Arsenal nousi takaa rinnalle ja lis\u00e4ajalla voittoon \u2013 Aston Villa juhli kauden avausvoittoaan<\/a>&nbsp;&nbsp;Etel\u00e4-Suomen Sanomat<\/li>\n<\/ol>\n","protected":false},"excerpt":{"rendered":"Oikeusmurha? Tuomaristo ei n\u00e4hnyt rumaa temppua&nbsp;&nbsp;Iltalehti Arsenalille tunteikas viime hetken voitto \u2013 asiantuntija \u00e4im\u00e4n\u00e4 kaaoksesta: \u201dEi pit\u00e4isi tuntua&hellip;\n","protected":false},"author":2,"featured_media":47969,"comment_status":"","ping_status":"","sticky":false,"template":"","format":"standard","meta":{"footnotes":""},"categories":[158],"tags":[35,33,31,30,43,42,1984,41,1623,159,32,160],"class_list":{"0":"post-47968","1":"post","2":"type-post","3":"status-publish","4":"format-standard","5":"has-post-thumbnail","7":"category-urheilu","8":"tag-24h","9":"tag-fi","10":"tag-finland","11":"tag-finnish","12":"tag-jalkapallo","13":"tag-jalkapalloon-perustuvat-lajit","14":"tag-jalkapallopelaajat-miehet","15":"tag-liikunta-ja-urheilu","16":"tag-miesten-jalkapallo","17":"tag-sports","18":"tag-suomi","19":"tag-urheilu"},"share_on_mastodon":{"url":"","error":""},"_links":{"self":[{"href":"https:\/\/www.europesays.com\/fi\/wp-json\/wp\/v2\/posts\/47968","targetHints":{"allow":["GET"]}}],"collection":[{"href":"https:\/\/www.europesays.com\/fi\/wp-json\/wp\/v2\/posts"}],"about":[{"href":"https:\/\/www.europesays.com\/fi\/wp-json\/wp\/v2\/types\/post"}],"author":[{"embeddable":true,"href":"https:\/\/www.europesays.com\/fi\/wp-json\/wp\/v2\/users\/2"}],"replies":[{"embeddable":true,"href":"https:\/\/www.europesays.com\/fi\/wp-json\/wp\/v2\/comments?post=47968"}],"version-history":[{"count":0,"href":"https:\/\/www.europesays.com\/fi\/wp-json\/wp\/v2\/posts\/47968\/revisions"}],"wp:featuredmedia":[{"embeddable":true,"href":"https:\/\/www.europesays.com\/fi\/wp-json\/wp\/v2\/media\/47969"}],"wp:attachment":[{"href":"https:\/\/www.europesays.com\/fi\/wp-json\/wp\/v2\/media?parent=47968"}],"wp:term":[{"taxonomy":"category","embeddable":true,"href":"https:\/\/www.europesays.com\/fi\/wp-json\/wp\/v2\/categories?post=47968"},{"taxonomy":"post_tag","embeddable":true,"href":"https:\/\/www.europesays.com\/fi\/wp-json\/wp\/v2\/tags?post=47968"}],"curies":[{"name":"wp","href":"https:\/\/api.w.org\/{rel}","templated":true}]}}