{"id":48061,"date":"2025-09-28T23:46:10","date_gmt":"2025-09-28T23:46:10","guid":{"rendered":"https:\/\/www.europesays.com\/fi\/48061\/"},"modified":"2025-09-28T23:46:10","modified_gmt":"2025-09-28T23:46:10","slug":"pakko-sanoa-festivaalin-bussiretki-oli-elamys-mutta-suomussalmen-kunnan-toimet-kauhistuttavat-kaukaa-tullutta-tapahtumakavijaa","status":"publish","type":"post","link":"https:\/\/www.europesays.com\/fi\/48061\/","title":{"rendered":"Pakko sanoa! -festivaalin bussiretki oli el\u00e4mys, mutta Suomussalmen kunnan toimet kauhistuttavat kaukaa tullutta tapahtumak\u00e4vij\u00e4\u00e4"},"content":{"rendered":"<p>                                  Paikallisuutiset<\/p>\n<p>                <img loading=\"lazy\" decoding=\"async\" itemprop=\"contentUrl\" class=\"figure-img img-fluid\"  src=\"https:\/\/www.europesays.com\/fi\/wp-content\/uploads\/2025\/09\/1759103170_706_imengine.public.prod.hil.infomaker.io\" width=\"3530\" height=\"2208\"  alt=\"\"\/><\/p>\n<p>                                    Lokakuussa 73 vuotta t\u00e4ytt\u00e4v\u00e4 Reijo Kela esitti lauantaina kohtauksia Ilmarin kynn\u00f6s -esityksest\u00e4\u00e4n, josta Hiljainen kansa -ymp\u00e4rist\u00f6taideteos sai alkunsa vuonna 1988. Esitys p\u00e4\u00e4ttyi, kun Viitostien liikenne hiljeni hetkeksi.<br \/>\n                                                    Kuva:<br \/>\n                    Katja Mabrouk<\/p>\n<p>              Sun 28.9.2025 klo 14:25<br \/>\n                  | P\u00e4ivitetty: Sun 28.9.2025 klo 17:47<\/p>\n<p>      MAINOS &#8211; juttu jatkuu mainoksen j\u00e4lkeen<\/p>\n<p>      MAINOS &#8211; mainos p\u00e4\u00e4ttyy<\/p>\n<p class=\"ew-body\">Pakko sanoa! -festivaali muistutti lauantaina, kuinka Suomussalmen suosittu Hiljainen kansa sai alkunsa.<\/p>\n<p class=\"ew-body\">Tapahtumassa j\u00e4rjestetty bussiretki kuljetti yleis\u00f6n ymp\u00e4rist\u00f6taideteoksen \u00e4\u00e4relle, jossa tanssitaiteilija <strong id=\"strong-70499df687f7eef1d23d76840a6423be\">Reijo Kela<\/strong> esitti j\u00e4lkin\u00e4yt\u00f6ksen Ilmarin kynn\u00f6s -esityksest\u00e4\u00e4n.<\/p>\n<p class=\"ew-body\">Turvep\u00e4\u00e4t esiintyiv\u00e4t ensi<\/p>\n<p>  <a class=\"btn btn-secondary btn-icon-left\" href=\"#coral_thread\"><br \/>\n    <img decoding=\"async\" src=\"https:\/\/www.kainuunsanomat.fi\/wp-content\/themes\/hilla-theme\/assets\/img\/icon_comments.svg\" alt=\"\"\/><br \/>\n    Kommentoi<br \/>\n  <\/a><\/p>\n<p>  <a class=\"btn btn-secondary btn-icon-left mailto_web\" href=\"mailto:toimitus@kainuunsanomat.fi?subject=Ilmoita%20asiavirheest%C3%A4&amp;body=Otsikko%3A%20Pakko%20sanoa%21%20-festivaalin%20bussiretki%20oli%20el%C3%A4mys%2C%20mutta%20Suomussalmen%20kunnan%20toimet%20kauhistuttavat%20kaukaa%20tullutta%20tapahtumak%C3%A4vij%C3%A4%C3%A4%20%0AUuid%3A%207c0ad390-83c3-4f61-a18d-31aed8c61f9b%0AUrl%3A%20https%3A%2F%2Fwww.kainuunsanomat.fi%2Fartikkeli%2Fpakko-sanoa-festivaalin-bussiretki-oli-elamys-mutta-suomussalmen-kunnan-toimet-kauhistuttavat-kau\"><br \/>\n    <img decoding=\"async\" src=\"https:\/\/www.kainuunsanomat.fi\/wp-content\/themes\/hilla-theme\/assets\/img\/icon_feedback.svg\" alt=\"\"\/><br \/>\n    Ilmoita asiavirheest\u00e4<br \/>\n  <\/a><\/p>\n","protected":false},"excerpt":{"rendered":"Paikallisuutiset Lokakuussa 73 vuotta t\u00e4ytt\u00e4v\u00e4 Reijo Kela esitti lauantaina kohtauksia Ilmarin kynn\u00f6s -esityksest\u00e4\u00e4n, josta Hiljainen kansa -ymp\u00e4rist\u00f6taideteos sai&hellip;\n","protected":false},"author":2,"featured_media":48062,"comment_status":"","ping_status":"","sticky":false,"template":"","format":"standard","meta":{"footnotes":""},"categories":[130],"tags":[137,33,31,30,32,109],"class_list":{"0":"post-48061","1":"post","2":"type-post","3":"status-publish","4":"format-standard","5":"has-post-thumbnail","7":"category-viihde","8":"tag-entertainment","9":"tag-fi","10":"tag-finland","11":"tag-finnish","12":"tag-suomi","13":"tag-viihde"},"share_on_mastodon":{"url":"","error":""},"_links":{"self":[{"href":"https:\/\/www.europesays.com\/fi\/wp-json\/wp\/v2\/posts\/48061","targetHints":{"allow":["GET"]}}],"collection":[{"href":"https:\/\/www.europesays.com\/fi\/wp-json\/wp\/v2\/posts"}],"about":[{"href":"https:\/\/www.europesays.com\/fi\/wp-json\/wp\/v2\/types\/post"}],"author":[{"embeddable":true,"href":"https:\/\/www.europesays.com\/fi\/wp-json\/wp\/v2\/users\/2"}],"replies":[{"embeddable":true,"href":"https:\/\/www.europesays.com\/fi\/wp-json\/wp\/v2\/comments?post=48061"}],"version-history":[{"count":0,"href":"https:\/\/www.europesays.com\/fi\/wp-json\/wp\/v2\/posts\/48061\/revisions"}],"wp:featuredmedia":[{"embeddable":true,"href":"https:\/\/www.europesays.com\/fi\/wp-json\/wp\/v2\/media\/48062"}],"wp:attachment":[{"href":"https:\/\/www.europesays.com\/fi\/wp-json\/wp\/v2\/media?parent=48061"}],"wp:term":[{"taxonomy":"category","embeddable":true,"href":"https:\/\/www.europesays.com\/fi\/wp-json\/wp\/v2\/categories?post=48061"},{"taxonomy":"post_tag","embeddable":true,"href":"https:\/\/www.europesays.com\/fi\/wp-json\/wp\/v2\/tags?post=48061"}],"curies":[{"name":"wp","href":"https:\/\/api.w.org\/{rel}","templated":true}]}}