{"id":48107,"date":"2025-09-29T01:31:13","date_gmt":"2025-09-29T01:31:13","guid":{"rendered":"https:\/\/www.europesays.com\/fi\/48107\/"},"modified":"2025-09-29T01:31:13","modified_gmt":"2025-09-29T01:31:13","slug":"olisiko-joan-didion-halunnut-kaikkien-lukevan-hanen-terapiamuistiinpanonsa","status":"publish","type":"post","link":"https:\/\/www.europesays.com\/fi\/48107\/","title":{"rendered":"Olisiko Joan Didion halunnut kaikkien lukevan h\u00e4nen terapiamuistiinpanonsa?"},"content":{"rendered":"<p>HS-analyysi|Joan Didionin suomeksi ilmestyv\u00e4 Merkint\u00f6j\u00e4 Johnille vastaa moniin kysymyksiin arvoituksellisen kirjailijan el\u00e4m\u00e4st\u00e4, mutta oliko sen julkaisu oikein?<\/p>\n<p>28.9. 7:00<\/p>\n<p class=\"article-body mb-nof-24 px-nof-16\">Joan Didion (1934\u20132021) oli poikkeuksellisen ihailtu kirjailija: monen kirjailijuudesta haaveilevan naisen Pyh\u00e4 Joan.<\/p>\n<p class=\"article-body mb-nof-24 px-nof-16\">Tunnetun h\u00e4nest\u00e4 tekiv\u00e4t reportaasit ja romaanit, jotka luotasivat 1960- ja 1970-luvuilla amerikkalaisen kulttuurin murroskohtaa.<\/p>\n<p class=\"article-body mb-nof-24 px-nof-16\">Didion oli \u201dcool\u201d tavalla, jolla kukaan muu kirjailija ei t\u00e4ysin ollut: et\u00e4inen, tyylik\u00e4s ja Hollywoodin sis\u00e4piireiss\u00e4.<\/p>\n","protected":false},"excerpt":{"rendered":"HS-analyysi|Joan Didionin suomeksi ilmestyv\u00e4 Merkint\u00f6j\u00e4 Johnille vastaa moniin kysymyksiin arvoituksellisen kirjailijan el\u00e4m\u00e4st\u00e4, mutta oliko sen julkaisu oikein? 28.9.&hellip;\n","protected":false},"author":2,"featured_media":48108,"comment_status":"","ping_status":"","sticky":false,"template":"","format":"standard","meta":{"footnotes":""},"categories":[130],"tags":[137,33,31,30,46,32,109],"class_list":{"0":"post-48107","1":"post","2":"type-post","3":"status-publish","4":"format-standard","5":"has-post-thumbnail","7":"category-viihde","8":"tag-entertainment","9":"tag-fi","10":"tag-finland","11":"tag-finnish","12":"tag-helsingin-sanomat","13":"tag-suomi","14":"tag-viihde"},"share_on_mastodon":{"url":"","error":""},"_links":{"self":[{"href":"https:\/\/www.europesays.com\/fi\/wp-json\/wp\/v2\/posts\/48107","targetHints":{"allow":["GET"]}}],"collection":[{"href":"https:\/\/www.europesays.com\/fi\/wp-json\/wp\/v2\/posts"}],"about":[{"href":"https:\/\/www.europesays.com\/fi\/wp-json\/wp\/v2\/types\/post"}],"author":[{"embeddable":true,"href":"https:\/\/www.europesays.com\/fi\/wp-json\/wp\/v2\/users\/2"}],"replies":[{"embeddable":true,"href":"https:\/\/www.europesays.com\/fi\/wp-json\/wp\/v2\/comments?post=48107"}],"version-history":[{"count":0,"href":"https:\/\/www.europesays.com\/fi\/wp-json\/wp\/v2\/posts\/48107\/revisions"}],"wp:featuredmedia":[{"embeddable":true,"href":"https:\/\/www.europesays.com\/fi\/wp-json\/wp\/v2\/media\/48108"}],"wp:attachment":[{"href":"https:\/\/www.europesays.com\/fi\/wp-json\/wp\/v2\/media?parent=48107"}],"wp:term":[{"taxonomy":"category","embeddable":true,"href":"https:\/\/www.europesays.com\/fi\/wp-json\/wp\/v2\/categories?post=48107"},{"taxonomy":"post_tag","embeddable":true,"href":"https:\/\/www.europesays.com\/fi\/wp-json\/wp\/v2\/tags?post=48107"}],"curies":[{"name":"wp","href":"https:\/\/api.w.org\/{rel}","templated":true}]}}