{"id":48118,"date":"2025-09-29T01:57:13","date_gmt":"2025-09-29T01:57:13","guid":{"rendered":"https:\/\/www.europesays.com\/fi\/48118\/"},"modified":"2025-09-29T01:57:13","modified_gmt":"2025-09-29T01:57:13","slug":"pernilla-bockermanin-vointi-romahti-petollisten-jalkeen","status":"publish","type":"post","link":"https:\/\/www.europesays.com\/fi\/48118\/","title":{"rendered":"Pernilla B\u00f6ckermanin vointi romahti Petollisten j\u00e4lkeen"},"content":{"rendered":"<p>\n            Petolliset, 4. kausi, 2025, Pernilla B\u00f6ckerman.<br \/>\n            Saku Tiainen\/Sanoma\n        <\/p>\n<p class=\"subtitle \">Karkotettu Pernilla B\u00f6ckerman sairastui rajusti p\u00e4\u00e4sty\u00e4\u00e4n kuvauksista kotiin.<\/p>\n<p class=\"article-content article-content-width !bg-background\">Petollisten\u00a0podcastissa  jututtaa viimeisimpi\u00e4 l\u00e4htij\u00f6it\u00e4, murhattua  ja karkotettua .<\/p>\n<p class=\"article-content article-content-width !bg-background\">Tinke\u00e4 voisi sanoa Petolliset-formaatin ammattilaiseksi.\u00a0H\u00e4n on katsonut sarjan kaikki mahdolliset kaudet niin suomalaisista kuin ulkomaisista versioista.\u00a0<\/p>\n<p class=\"article-content article-content-width !bg-background\">Tubettaja antaakin tiukkaa kritiikki\u00e4 suomalaisille julkkispelaajille, jotka eroavat pelitaktiikaltaan ulkomaisista kollegoistaan.\u00a0<\/p>\n<p>        <a itemprop=\"url\" href=\"https:\/\/www.seiska.fi\/katso\/pernilla-bockerman-avoimena-uudesta-parisuhteestaan\/1823970\" rel=\"nofollow noopener\" target=\"_blank\"><\/p>\n<p>\nPernilla B\u00f6ckerman\n<\/p>\n<p class=\"section-date\">\n        <strong class=\"article-section\" data-section=\"katso\"><br \/>\n            katso<br \/>\n        <\/strong><br \/>\n        4.6. 06:15\n    <\/p>\n<p>Pernilla B\u00f6ckerman avoimena uudesta parisuhteestaan\n    <\/p>\n<p itemprop=\"description\" class=\"subtitle \">\n    Somevaikuttaja kertoo n\u00e4kemyksens\u00e4 avoimesta suhteesta.\n<\/p>\n<p>        <\/a><\/p>\n<p>                <img decoding=\"async\" src=\"https:\/\/www.europesays.com\/fi\/wp-content\/uploads\/2025\/09\/1943196.webp\" width=\"576\" height=\"322\" alt=\"Tinke pit\u00e4\u00e4 itse\u00e4\u00e4n kovana pelaajana. \u2013 Innostin muita uskollisia puhumaan. Se on petollisille huono asia, jos joku innostaa.\" loading=\"lazy\" \/>            <\/p>\n<p>\n            Tinke pit\u00e4\u00e4 itse\u00e4\u00e4n kovana pelaajana. \u2013 Innostin muita uskollisia puhumaan. Se on petollisille huono asia, jos joku innostaa.<br \/>\n            Saku Tiainen\/Sanoma\n        <\/p>\n<p class=\"article-content article-content-width !bg-background\">Esimerkkin\u00e4 Tinke nostaa pelin p\u00e4ivitt\u00e4iset teht\u00e4v\u00e4t, joissa tulee toimia tiimin\u00e4.\u00a0<\/p>\n<p class=\"article-content article-content-width !bg-background\">H\u00e4n ihmettelee, miksi Suomessa karkotusta pohdittaessa unohdetaan p\u00e4iv\u00e4n teht\u00e4vien merkitys eik\u00e4 pidet\u00e4 mukana vahvoja suorittajia, joista olisi apua kasvattamaan voittopottia.\u00a0\u00a0<\/p>\n<p class=\"article-content article-content-width !bg-background\">\u2013\tMiksi meill\u00e4 pelaajan voitontahtoa ei arvosteta samalla tavalla kuin ulkomailla? Suomessa pit\u00e4\u00e4 olla sein\u00e4ruusu, ett\u00e4 sinut pidet\u00e4\u00e4n peliss\u00e4, Tinke t\u00e4r\u00e4ytt\u00e4\u00e4.\u00a0<\/p>\n<p>        <a itemprop=\"url\" href=\"https:\/\/www.seiska.fi\/katso\/podcast-pernilla-bockermanilta-vietiin-puhelin-romahti-taysin\/1899762\" rel=\"nofollow noopener\" target=\"_blank\"><\/p>\n<p>\nPodcast:\n<\/p>\n<p class=\"section-date\">\n        <strong class=\"article-section\" data-section=\"katso\"><br \/>\n            katso<br \/>\n        <\/strong><br \/>\n        14.8. 13:55\n    <\/p>\n<p>Podcast: Pernilla B\u00f6ckermanilta vietiin puhelin \u2013 romahti t\u00e4ysin\n    <\/p>\n<p itemprop=\"description\" class=\"subtitle \">\n    Pernilla B\u00f6ckermanille puhelimesta luopuminen nosti vanhat traumat pintaan.\n<\/p>\n<p>        <\/a><\/p>\n<p>Vessan l\u00f6yt\u00e4minen j\u00e4nnitti<\/p>\n<p class=\"article-content article-content-width !bg-background\">Kun karkotettu Pernilla p\u00e4\u00e4si kotiin Vanajanlinnasta, h\u00e4nell\u00e4 nousi 40 asteen kuume.<\/p>\n<p>                <img decoding=\"async\" src=\"https:\/\/www.europesays.com\/fi\/wp-content\/uploads\/2025\/09\/1943190.webp\" width=\"576\" height=\"322\" alt=\"\u2013 Toivon, ett\u00e4 Mato Valtonen menee pitk\u00e4lle ja vie koko potin, Pernilla toteaa Petollisten paljastuksessa.\" loading=\"lazy\" \/>            <\/p>\n<p>\n            \u2013 Toivon, ett\u00e4 Mato Valtonen menee pitk\u00e4lle ja vie koko potin, Pernilla toteaa Petollisten paljastuksessa.<br \/>\n            Saku Tiainen\/Sanoma\n        <\/p>\n<p class=\"article-content article-content-width !bg-background\">Kehonsa tunteva urheilija uskoo tiet\u00e4v\u00e4ns\u00e4 sairastumisen syyn.\u00a0<\/p>\n<p class=\"article-content article-content-width !bg-background\">\u2013\tKaksi viikkoa ennen kuvauksia minulla oli ollut MM-kisat sis\u00e4soudussa. Kroppa varmaan sanoi, ett\u00e4 pit\u00e4isi ottaa iisimmin, mutta min\u00e4 l\u00e4hdinkin Petollisiin. Kehoni ei jaksanut sinnitell\u00e4 Petollisia loppuun. V\u00e4s\u00e4hdin jo linnassa.<\/p>\n<p class=\"article-content article-content-width !bg-background\">\u2013\tOlen j\u00e4nnitt\u00e4j\u00e4, ja j\u00e4nnit\u00e4n kaikkea outoa. Ei minua itse pelaaminen tai py\u00f6re\u00e4 p\u00f6yt\u00e4 j\u00e4nnitt\u00e4nyt, vaan se, miss\u00e4 vaikkapa on l\u00e4hin vessa. Minulla on kontrollin tarve, Pernilla tunnustaa.\u00a0<\/p>\n<p class=\"italic m-italic article-content article-content-width !bg-background\">Petolliset-podcast on kuunneltavissa Suplassa sek\u00e4 Ruudussa. Petolliset lauantaisin Nelosella ja Ruudussa.\u00a0<\/p>\n<p>        <a itemprop=\"url\" href=\"https:\/\/www.seiska.fi\/katso\/pernilla-bockerman-paljastaa-valinsa-ttk-anssiin\/1909882\" rel=\"nofollow noopener\" target=\"_blank\"><\/p>\n<p>\nPernilla B\u00f6ckerman\n<\/p>\n<p class=\"section-date\">\n        <strong class=\"article-section\" data-section=\"katso\"><br \/>\n            katso<br \/>\n        <\/strong><br \/>\n        27.8. 05:15\n    <\/p>\n<p>Pernilla B\u00f6ckerman paljastaa v\u00e4lins\u00e4 TTK-Anssiin\n    <\/p>\n<p itemprop=\"description\" class=\"subtitle \">\n    Vuoden 2023 Tanssii t\u00e4htien kanssa &#8211; voittaja Pernilla B\u00f6ckerman on hyl\u00e4nnyt tanssin.\n<\/p>\n<p>        <\/a><\/p>\n","protected":false},"excerpt":{"rendered":"Petolliset, 4. kausi, 2025, Pernilla B\u00f6ckerman. Saku Tiainen\/Sanoma Karkotettu Pernilla B\u00f6ckerman sairastui rajusti p\u00e4\u00e4sty\u00e4\u00e4n kuvauksista kotiin. Petollisten\u00a0podcastissa jututtaa&hellip;\n","protected":false},"author":2,"featured_media":48119,"comment_status":"","ping_status":"","sticky":false,"template":"","format":"standard","meta":{"footnotes":""},"categories":[130],"tags":[1427,137,33,31,30,12152,4697,11997,1758,12151,3394,3395,2923,6263,2158,3496,3893,4270,32,6333,109],"class_list":{"0":"post-48118","1":"post","2":"type-post","3":"status-publish","4":"format-standard","5":"has-post-thumbnail","7":"category-viihde","8":"tag-christoffer-strandberg","9":"tag-entertainment","10":"tag-fi","11":"tag-finland","12":"tag-finnish","13":"tag-haukut","14":"tag-kritiikki","15":"tag-mato-valtonen","16":"tag-nelonen","17":"tag-pelitaktiikka","18":"tag-pernilla-bockerman","19":"tag-petolliset","20":"tag-podcast","21":"tag-psykologinen-peli","22":"tag-ruutu","23":"tag-sairastuminen","24":"tag-sairaus","25":"tag-suomalainen","26":"tag-suomi","27":"tag-tinke-anetjarvi","28":"tag-viihde"},"share_on_mastodon":{"url":"","error":""},"_links":{"self":[{"href":"https:\/\/www.europesays.com\/fi\/wp-json\/wp\/v2\/posts\/48118","targetHints":{"allow":["GET"]}}],"collection":[{"href":"https:\/\/www.europesays.com\/fi\/wp-json\/wp\/v2\/posts"}],"about":[{"href":"https:\/\/www.europesays.com\/fi\/wp-json\/wp\/v2\/types\/post"}],"author":[{"embeddable":true,"href":"https:\/\/www.europesays.com\/fi\/wp-json\/wp\/v2\/users\/2"}],"replies":[{"embeddable":true,"href":"https:\/\/www.europesays.com\/fi\/wp-json\/wp\/v2\/comments?post=48118"}],"version-history":[{"count":0,"href":"https:\/\/www.europesays.com\/fi\/wp-json\/wp\/v2\/posts\/48118\/revisions"}],"wp:featuredmedia":[{"embeddable":true,"href":"https:\/\/www.europesays.com\/fi\/wp-json\/wp\/v2\/media\/48119"}],"wp:attachment":[{"href":"https:\/\/www.europesays.com\/fi\/wp-json\/wp\/v2\/media?parent=48118"}],"wp:term":[{"taxonomy":"category","embeddable":true,"href":"https:\/\/www.europesays.com\/fi\/wp-json\/wp\/v2\/categories?post=48118"},{"taxonomy":"post_tag","embeddable":true,"href":"https:\/\/www.europesays.com\/fi\/wp-json\/wp\/v2\/tags?post=48118"}],"curies":[{"name":"wp","href":"https:\/\/api.w.org\/{rel}","templated":true}]}}