{"id":48132,"date":"2025-09-29T02:22:07","date_gmt":"2025-09-29T02:22:07","guid":{"rendered":"https:\/\/www.europesays.com\/fi\/48132\/"},"modified":"2025-09-29T02:22:07","modified_gmt":"2025-09-29T02:22:07","slug":"heliovaara-eteni-murskavoitolla-kiinassa-jatkopeleihin-urheilu","status":"publish","type":"post","link":"https:\/\/www.europesays.com\/fi\/48132\/","title":{"rendered":"Heli\u00f6vaara eteni murskavoitolla Kiinassa jatkopeleihin | Urheilu"},"content":{"rendered":"<p>Harri Heli\u00f6vaara ja h\u00e4nen brittil\u00e4inen nelinpelikaverinsa Henry Patten olivat voittoisia toisenkin kierroksen ottelunsa Kiinan avoimessa tennisturnauksessa. He kukistivat sunnuntaina Pekingiss\u00e4 puoliv\u00e4lieriss\u00e4 kiinalaisen Bu Yunchaoketen ja brittil\u00e4isen Cameron Norrien suoraan kahdessa er\u00e4ss\u00e4 6\u20133, 6\u20134.<\/p>\n<p>Heli\u00f6vaara ja Patten mursivat Pekingiss\u00e4 vastustajaparinsa sy\u00f6t\u00f6n ensimm\u00e4isess\u00e4 ja toisessa er\u00e4ss\u00e4.<\/p>\n<p>Ottelu kesti tunnin ja kymmenen minuuttia.<\/p>\n<p>V\u00e4lieriss\u00e4 Heli\u00f6vaara\/Patten kohtaa voittajan maanantaina pelattavasta puoliv\u00e4lier\u00e4ottelusta Marcelo Arevalo\/Mate Pavic\u2013Guido Andreozzi\/Manuel Guinard.<\/p>\n","protected":false},"excerpt":{"rendered":"Harri Heli\u00f6vaara ja h\u00e4nen brittil\u00e4inen nelinpelikaverinsa Henry Patten olivat voittoisia toisenkin kierroksen ottelunsa Kiinan avoimessa tennisturnauksessa. He kukistivat&hellip;\n","protected":false},"author":2,"featured_media":48133,"comment_status":"","ping_status":"","sticky":false,"template":"","format":"standard","meta":{"footnotes":""},"categories":[158],"tags":[722,2110,33,31,30,766,41,5340,159,32,160,2957,161],"class_list":{"0":"post-48132","1":"post","2":"type-post","3":"status-publish","4":"format-standard","5":"has-post-thumbnail","7":"category-urheilu","8":"tag-amerikka","9":"tag-elamantapa-ja-vapaa-aika","10":"tag-fi","11":"tag-finland","12":"tag-finnish","13":"tag-koronavirus","14":"tag-liikunta-ja-urheilu","15":"tag-peking","16":"tag-sports","17":"tag-suomi","18":"tag-urheilu","19":"tag-urheilujarjestot","20":"tag-urheilutapahtumat"},"share_on_mastodon":{"url":"","error":""},"_links":{"self":[{"href":"https:\/\/www.europesays.com\/fi\/wp-json\/wp\/v2\/posts\/48132","targetHints":{"allow":["GET"]}}],"collection":[{"href":"https:\/\/www.europesays.com\/fi\/wp-json\/wp\/v2\/posts"}],"about":[{"href":"https:\/\/www.europesays.com\/fi\/wp-json\/wp\/v2\/types\/post"}],"author":[{"embeddable":true,"href":"https:\/\/www.europesays.com\/fi\/wp-json\/wp\/v2\/users\/2"}],"replies":[{"embeddable":true,"href":"https:\/\/www.europesays.com\/fi\/wp-json\/wp\/v2\/comments?post=48132"}],"version-history":[{"count":0,"href":"https:\/\/www.europesays.com\/fi\/wp-json\/wp\/v2\/posts\/48132\/revisions"}],"wp:featuredmedia":[{"embeddable":true,"href":"https:\/\/www.europesays.com\/fi\/wp-json\/wp\/v2\/media\/48133"}],"wp:attachment":[{"href":"https:\/\/www.europesays.com\/fi\/wp-json\/wp\/v2\/media?parent=48132"}],"wp:term":[{"taxonomy":"category","embeddable":true,"href":"https:\/\/www.europesays.com\/fi\/wp-json\/wp\/v2\/categories?post=48132"},{"taxonomy":"post_tag","embeddable":true,"href":"https:\/\/www.europesays.com\/fi\/wp-json\/wp\/v2\/tags?post=48132"}],"curies":[{"name":"wp","href":"https:\/\/api.w.org\/{rel}","templated":true}]}}