{"id":48143,"date":"2025-09-29T02:41:08","date_gmt":"2025-09-29T02:41:08","guid":{"rendered":"https:\/\/www.europesays.com\/fi\/48143\/"},"modified":"2025-09-29T02:41:08","modified_gmt":"2025-09-29T02:41:08","slug":"mikko-leppilammen-surullinen-tilanne-paljastui","status":"publish","type":"post","link":"https:\/\/www.europesays.com\/fi\/48143\/","title":{"rendered":"Mikko Leppilammen surullinen tilanne paljastui"},"content":{"rendered":"<p>\n            20211117 HELSINKI. TRIPLA. Kylm\u00e4 Syli. Mikko Leppilampi. PHOTO: ATTE KAJOVA<br \/>\n            ATTE KAJOVA\n        <\/p>\n<p class=\"subtitle \">Mikko Leppilampi on k\u00e4rsinyt skandaalistaan my\u00f6s taloudellisesti.<\/p>\n<p class=\"article-content article-content-width !bg-background\"> on viett\u00e4nyt hiljaiseloa kev\u00e4\u00e4st\u00e4 2024 alkaen.<\/p>\n<p class=\"font-weight-bold m-font-weight-bold article-content article-content-width !bg-background\">Katso video julkisuudesta kadonneesta Mikko Leppilammesta:<\/p>\n<p class=\"article-content article-content-width !bg-background\">Tuolloin h\u00e4n joutui kohun keskelle, kun Seiska kertoi, ett\u00e4 h\u00e4nt\u00e4 <a href=\"https:\/\/www.seiska.fi\/vain-seiskassa\/mikko-leppilampea-epaillaan-seksuaalisesta-ahdistelusta\/1336437\" target=\"_blank\" rel=\"nofollow noopener\">ep\u00e4ill\u00e4\u00e4n seksuaalisesta ahdistelusta<\/a>. Uutista seurasivat my\u00f6s uudet skandaalit, jotka liittyiv\u00e4t Mikon k\u00e4ynteihin hieronnoissa.<\/p>\n<p class=\"article-content article-content-width !bg-background\">Sittemmin syytt\u00e4j\u00e4 katsoi, ettei poliisi ollut esitutkinnassa l\u00f6yt\u00e4nyt todenn\u00e4k\u00f6isi\u00e4 syit\u00e4 rikosep\u00e4ilyn tueksi. Mikkoa ei siis en\u00e4\u00e4 syytet\u00e4 tai ep\u00e4ill\u00e4 mist\u00e4\u00e4n seksuaalirikoksesta.<\/p>\n<p class=\"article-content article-content-width !bg-background\">Kohun leimahtaessa Mikko katosi julkisuudesta l\u00e4hes kokonaan.\u00a0<\/p>\n<p class=\"article-content article-content-width !bg-background\">Muusikolla, n\u00e4yttelij\u00e4ll\u00e4 ja juontajalla on ollut monta rautaa tulessa, mutta tiett\u00e4v\u00e4sti h\u00e4n on keskittynyt viime aikoina enemm\u00e4n perhe-el\u00e4m\u00e4\u00e4ns\u00e4 vaimonsa  ja lastensa kanssa.<\/p>\n<p>        <a itemprop=\"url\" href=\"https:\/\/www.seiska.fi\/rikos\/vuoden-skandaali-mikko-leppilampi-kohun-keskella-porttikielto-kauneushoitolaan\/1549509\" rel=\"nofollow noopener\" target=\"_blank\"><\/p>\n<p class=\"section-date\">\n        <strong class=\"article-section\" data-section=\"rikos\"><br \/>\n            rikos<br \/>\n        <\/strong><br \/>\n        31.12.2024 11:00\n    <\/p>\n<p>Vuoden skandaali: Mikko Leppilampi kohun keskell\u00e4 \u2013 porttikielto kauneushoitolaan\n    <\/p>\n<p itemprop=\"description\" class=\"subtitle \">\n    Rikostutkinnassa olleen tapauksen k\u00e4sittely kesti l\u00e4hes kahdeksan kuukautta.\n<\/p>\n<p>        <\/a><\/p>\n<p>Vaikea tilikausi<\/p>\n<p class=\"article-content article-content-width !bg-background\">T\u00f6iden v\u00e4heneminen n\u00e4kyy my\u00f6s Mikon yrityksen ML Entertainment Oy:n tuoreessa tilinp\u00e4\u00e4t\u00f6ksess\u00e4.<\/p>\n<p class=\"article-content article-content-width !bg-background\">Viel\u00e4 vuonna 2023 Mikon firma takoi 247 000 euron liikevaihdon, mutta vuonna 2024 se oli en\u00e4\u00e4 89 000 euroa.<\/p>\n<p class=\"article-content article-content-width !bg-background\">Firman bisnes ei ollut erityisen kannattavaa vuonna 2023, kun viivan alle j\u00e4i reilut 4 500 euroa, mutta tulos sukelsi per\u00e4ti 67 000 euroa pakkaselle\u00a0vuonna 2024.<\/p>\n<p class=\"article-content article-content-width !bg-background\">Yksi selitt\u00e4v\u00e4 tekij\u00e4 tappion takana\u00a0on se, ett\u00e4 vaikka vuoden 2024 liikevaihto oli vain runsas kolmasosa edellisest\u00e4 vuodesta, henkil\u00f6st\u00f6kulut kolminkertaistuivat samassa ajassa 62 000 euroon.<\/p>\n<p>        <a itemprop=\"url\" href=\"https:\/\/www.seiska.fi\/vain-seiskassa\/uutta-tietoa-mikko-leppilammesta\/1615207\" rel=\"nofollow noopener\" target=\"_blank\"><\/p>\n<p>\nLeffabileet\n<\/p>\n<p class=\"section-date\">\n        <strong class=\"article-section\" data-section=\"vain seiskassa\"><br \/>\n            vain seiskassa<br \/>\n        <\/strong><br \/>\n        18.2. 06:00\n    <\/p>\n<p>Uutta tietoa Mikko Leppilammesta!\n    <\/p>\n<p itemprop=\"description\" class=\"subtitle \">\n    Mikko Leppilampi ei saapunut sovitusti keikalle.\n<\/p>\n<p>        <\/a><\/p>\n<p>                <img decoding=\"async\" src=\"https:\/\/www.europesays.com\/fi\/wp-content\/uploads\/2025\/09\/1924847.webp\" width=\"576\" height=\"322\" alt=\"Beata-vaimo on ollut Mikon tukena vaikeina aikoina.\" loading=\"lazy\" \/>            <\/p>\n<p>\n            Beata-vaimo on ollut Mikon tukena vaikeina aikoina.<br \/>\n            TIMO KORHONEN\n        <\/p>\n<p>Kallis osamaksuauto<\/p>\n<p class=\"article-content article-content-width !bg-background\">Raskaista tappioista huolimatta Mikon firman taloustilanne on viel\u00e4 kohtuullisen tasapainossa.<\/p>\n<p class=\"article-content article-content-width !bg-background\">ML Entertainment Oy:ll\u00e4 on voitonjakokelpoisia varoja 271 000 euroa.<\/p>\n<p class=\"article-content article-content-width !bg-background\">Firman pankkitilill\u00e4 makasi tilikauden p\u00e4\u00e4tteeksi 57 000 euron k\u00e4teiskassa. Lis\u00e4ksi yrityksell\u00e4 on sijoituksia yhteens\u00e4 358 000 euron edest\u00e4, ja my\u00f6s saamisia omitusyhteysyrityksilt\u00e4 yhteens\u00e4 98 000 euroa.<\/p>\n<p class=\"article-content article-content-width !bg-background\">Samalla on kuitenkin todettava, ett\u00e4 yhti\u00f6n kassassa on my\u00f6s runsaasti vierasta p\u00e4\u00e4omaa.<\/p>\n<p class=\"article-content article-content-width !bg-background\">ML Entertainmentill\u00e4 on muun muassa yli 108 000 euron laina osamaksuajoneuvosta.<\/p>\n<p class=\"article-content article-content-width !bg-background\">Vaikeuksista huolimatta Mikko nosti firmasta tilikauden p\u00e4\u00e4ttyess\u00e4 21 677 euroa osinkoja.<\/p>\n<p>        <a itemprop=\"url\" href=\"https:\/\/www.seiska.fi\/kotimaa\/beata-ja-mikko-leppilampi-suuri-suru\/1863349\" rel=\"nofollow noopener\" target=\"_blank\"><\/p>\n<p>\nBeata ja Mikko\n<\/p>\n<p class=\"section-date\">\n        <strong class=\"article-section\" data-section=\"kotimaa\"><br \/>\n            kotimaa<br \/>\n        <\/strong><br \/>\n        9.7. 18:00\n    <\/p>\n<p>Beata ja Mikko Leppilampi: Suuri suru\n    <\/p>\n<p itemprop=\"description\" class=\"subtitle \">\n    Beata n\u00e4ytt\u00e4ytyi perjantaina Savonlinnassa, Mikko taas lauantaina Kalastajatorpalla.\n<\/p>\n<p>        <\/a><\/p>\n<p>                <img decoding=\"async\" src=\"https:\/\/www.europesays.com\/fi\/wp-content\/uploads\/2025\/09\/1887973.webp\" width=\"576\" height=\"322\" alt=\"Kohun j\u00e4lkeen Mikko on ollut julkisuudessa vain harvoin. Kes\u00e4ll\u00e4 h\u00e4n yll\u00e4tti pelaamalla tossul\u00e4tk\u00e4turnauksessa.\" loading=\"lazy\" \/>            <\/p>\n<p>\n            Kohun j\u00e4lkeen Mikko on ollut julkisuudessa vain harvoin. Kes\u00e4ll\u00e4 h\u00e4n yll\u00e4tti pelaamalla tossul\u00e4tk\u00e4turnauksessa.<br \/>\n            Matti Matikainen\n        <\/p>\n<p>Palaa televisioon<\/p>\n<p class=\"article-content article-content-width !bg-background\">Mikko onkin varmasti matkalla kohti parempia aikoja, sill\u00e4 kes\u00e4st\u00e4 l\u00e4htien on julkistettu useita uusia tv-rooleja.\u00a0<\/p>\n<p class=\"article-content article-content-width !bg-background\">Tv-kanavat ovat ilmoittaneet muun muassa Hautalehto-, Karkurit-\u00a0 ja J\u00e4\u00e4n vangit -sarjoista, joissa kaikissa Mikolla on merkitt\u00e4v\u00e4 rooli.<\/p>\n<p class=\"article-content article-content-width !bg-background\">H\u00e4n on my\u00f6s palannut julkisuuteen  juontamassa <a href=\"https:\/\/podimo.com\/fi\/shows\/valo-pimiassa\" target=\"_blank\" rel=\"nofollow noopener\">Valo Pimi\u00e4ss\u00e4 -podcastissa<\/a>.<\/p>\n<p class=\"article-content article-content-width !bg-background\">Elokuisessa haastattelussa Mikko pohti kohun vaikutuksia avoimesti.<\/p>\n<p class=\"article-content article-content-width !bg-background\">\u2013 Ajattele se tilanne, kun kaikki se menee pois. Et kelpaa mihink\u00e4\u00e4n. Kuin nopeasti tajuaa sen, ett\u00e4 ovet sulkeutuvat ja tuolit k\u00e4\u00e4ntyv\u00e4t \u2013 negatiivisella tavalla. Tunnistaa tosi vahvasti my\u00f6s sen, ett\u00e4 t\u00e4m\u00e4 on maailma, joka ei ole omissa k\u00e4siss\u00e4 ja valinnoistani kiinni, Mikko sanoi.<\/p>\n<p>        <a itemprop=\"url\" href=\"https:\/\/www.seiska.fi\/katso\/mikko-leppilampi-tekee-nayttavan-paluun\/1824184\" rel=\"nofollow noopener\" target=\"_blank\"><\/p>\n<p>\nMikko Leppilampi\n<\/p>\n<p class=\"section-date\">\n        <strong class=\"article-section\" data-section=\"katso\"><br \/>\n            katso<br \/>\n        <\/strong><br \/>\n        3.6. 13:15\n    <\/p>\n<p>Mikko Leppilampi tekee n\u00e4ytt\u00e4v\u00e4n paluun\n    <\/p>\n<p itemprop=\"description\" class=\"subtitle \">\n    Mikko Leppilammen t\u00e4hditt\u00e4m\u00e4t sarjat n\u00e4hd\u00e4\u00e4n taas tv:ss\u00e4.\n<\/p>\n<p>        <\/a><\/p>\n","protected":false},"excerpt":{"rendered":"20211117 HELSINKI. TRIPLA. Kylm\u00e4 Syli. Mikko Leppilampi. PHOTO: ATTE KAJOVA ATTE KAJOVA Mikko Leppilampi on k\u00e4rsinyt skandaalistaan my\u00f6s&hellip;\n","protected":false},"author":2,"featured_media":48144,"comment_status":"","ping_status":"","sticky":false,"template":"","format":"standard","meta":{"footnotes":""},"categories":[136],"tags":[407,137,33,31,30,408,4424,12156,1240,4796,32,12155,571,939,109,4461,5584],"class_list":{"0":"post-48143","1":"post","2":"type-post","3":"status-publish","4":"format-standard","5":"has-post-thumbnail","7":"category-julkkikset","8":"tag-celebrities","9":"tag-entertainment","10":"tag-fi","11":"tag-finland","12":"tag-finnish","13":"tag-julkkikset","14":"tag-mikko-leppilampi","15":"tag-ml-entertainment-oy","16":"tag-raha","17":"tag-seksuaalinen-ahdistelu","18":"tag-suomi","19":"tag-taloudelliset-vaikeudet","20":"tag-tv-sarjat","21":"tag-tyo","22":"tag-viihde","23":"tag-yrittaja","24":"tag-yritys"},"share_on_mastodon":{"url":"","error":""},"_links":{"self":[{"href":"https:\/\/www.europesays.com\/fi\/wp-json\/wp\/v2\/posts\/48143","targetHints":{"allow":["GET"]}}],"collection":[{"href":"https:\/\/www.europesays.com\/fi\/wp-json\/wp\/v2\/posts"}],"about":[{"href":"https:\/\/www.europesays.com\/fi\/wp-json\/wp\/v2\/types\/post"}],"author":[{"embeddable":true,"href":"https:\/\/www.europesays.com\/fi\/wp-json\/wp\/v2\/users\/2"}],"replies":[{"embeddable":true,"href":"https:\/\/www.europesays.com\/fi\/wp-json\/wp\/v2\/comments?post=48143"}],"version-history":[{"count":0,"href":"https:\/\/www.europesays.com\/fi\/wp-json\/wp\/v2\/posts\/48143\/revisions"}],"wp:featuredmedia":[{"embeddable":true,"href":"https:\/\/www.europesays.com\/fi\/wp-json\/wp\/v2\/media\/48144"}],"wp:attachment":[{"href":"https:\/\/www.europesays.com\/fi\/wp-json\/wp\/v2\/media?parent=48143"}],"wp:term":[{"taxonomy":"category","embeddable":true,"href":"https:\/\/www.europesays.com\/fi\/wp-json\/wp\/v2\/categories?post=48143"},{"taxonomy":"post_tag","embeddable":true,"href":"https:\/\/www.europesays.com\/fi\/wp-json\/wp\/v2\/tags?post=48143"}],"curies":[{"name":"wp","href":"https:\/\/api.w.org\/{rel}","templated":true}]}}