{"id":48278,"date":"2025-09-29T06:17:07","date_gmt":"2025-09-29T06:17:07","guid":{"rendered":"https:\/\/www.europesays.com\/fi\/48278\/"},"modified":"2025-09-29T06:17:07","modified_gmt":"2025-09-29T06:17:07","slug":"james-gunn-on-vaikea-loytaa-nayttelijoita-jotka-eivat-haluaisi-olla-batman","status":"publish","type":"post","link":"https:\/\/www.europesays.com\/fi\/48278\/","title":{"rendered":"James Gunn: \u201dOn vaikea l\u00f6yt\u00e4\u00e4 n\u00e4yttelij\u00f6it\u00e4 jotka eiv\u00e4t haluaisi olla Batman\u201d"},"content":{"rendered":"<p>Peacemaker-sarjan luoja <strong>James Gunn<\/strong> kertoi, ett\u00e4 on tyytyv\u00e4inen tulevan Batman-elokuvan The Brave and the Boldin k\u00e4sikirjoitusprosessin etenemiseen.<\/p>\n<p>Elokuva on kuitenkin kehitysvaiheessa ja monet yksityiskohdat, kuten Batmanin ja h\u00e4nen poikansa Damienin v\u00e4linen suhde ovat viel\u00e4 avoimena.<\/p>\n<p>Lue my\u00f6s: <a href=\"https:\/\/www.episodi.fi\/uutiset\/james-gunn-paljasti-uuden-batman-projektin-mutta-mihin-universumiin-tama-kuuluu\/\" title=\"James Gunn paljasti uuden Batman-projektin \u2013 mutta mihin universumiin t\u00e4m\u00e4 kuuluu?\" class=\"underline-custom !font-montserrat !font-bold !underline-offset-4 !decoration-4 !decoration-episodi-blue !text-md\" rel=\"nofollow noopener\" target=\"_blank\">James Gunn paljasti uuden Batman-projektin \u2013 mutta mihin universumiin t\u00e4m\u00e4 kuuluu?<\/a><\/p>\n<p>Lue my\u00f6s: <a href=\"https:\/\/www.episodi.fi\/uutiset\/onko-guardians-of-the-galaxy-stara-uusi-batman-nain-james-gunn-vastaa\/\" title=\"Onko Guardians of the Galaxy -stara uusi Batman? \u2013 N\u00e4in James Gunn vastaa\" class=\"underline-custom !font-montserrat !font-bold !underline-offset-4 !decoration-4 !decoration-episodi-blue !text-md\" rel=\"nofollow noopener\" target=\"_blank\">Onko Guardians of the Galaxy -stara uusi Batman? \u2013 N\u00e4in James Gunn vastaa<\/a><\/p>\n<p>Batmanin esitt\u00e4j\u00e4\u00e4 ei ole valittu, mutta Gunn ei ole huolissaan. Ainakaan valinnan paljouden puutteesta.<\/p>\n<p>\u201dKuule, et uskoisi kuinka moni iso n\u00e4yttelij\u00e4 on sanonut haluavansa olla Batman.\u201d<\/p>\n<p>\u201dOn vaikeampaa l\u00f6yt\u00e4\u00e4 n\u00e4yttelij\u00f6it\u00e4, jotka eiv\u00e4t haluaisi olla Batman. H\u00e4n on se hahmo, jota kaikki haluavat esitt\u00e4\u00e4. T\u00e4m\u00e4 on fakta\u201d, Gunn kertoi.<\/p>\n<p>Tulevan elokuvan ohjaajana toimii <strong>Andy Muschietti<\/strong>. K\u00e4sikirjoittajan nime\u00e4 ei ole viel\u00e4 julkaistu.<\/p>\n<p>DCU-universumissa on juuri nyt tekeill\u00e4 useita projekteja, kuten <strong>Viola Davisin<\/strong> t\u00e4hditt\u00e4m\u00e4 Waller-sarja, Supermanin jatko-osa Man of Tomorrow sek\u00e4 Supergirl-sarja.<\/p>\n<p>Gunn on vahvistanut, ett\u00e4 Peacemaker-sarjan kolmas kausi ei ole suunnitteilla.<\/p>\n<p>L\u00e4hde: <a href=\"https:\/\/deadline.com\/2025\/09\/james-gunn-batman-the-brave-and-the-bold-1236563588\/\" rel=\"nofollow noopener\" target=\"_blank\">Deadline<\/a><\/p>\n<p>Lue my\u00f6s: <a href=\"https:\/\/www.episodi.fi\/uutiskirje\/?uutiskirjemainos=tekstilinkkimainos\" title=\"Tilaa Episodin uutiskirje ja voit voittaa leffalippuja! Nappaa tv-vinkit suoraan s\u00e4hk\u00f6postiin t\u00e4st\u00e4.\" class=\"underline-custom !font-montserrat !font-bold !underline-offset-4 !decoration-4 !decoration-episodi-blue !text-md\" rel=\"nofollow noopener\" target=\"_blank\">Tilaa Episodin uutiskirje ja voit voittaa leffalippuja! Nappaa katseluvinkit suoraan s\u00e4hk\u00f6postiin t\u00e4st\u00e4.<\/a><\/p>\n","protected":false},"excerpt":{"rendered":"Peacemaker-sarjan luoja James Gunn kertoi, ett\u00e4 on tyytyv\u00e4inen tulevan Batman-elokuvan The Brave and the Boldin k\u00e4sikirjoitusprosessin etenemiseen. Elokuva&hellip;\n","protected":false},"author":2,"featured_media":48279,"comment_status":"","ping_status":"","sticky":false,"template":"","format":"standard","meta":{"footnotes":""},"categories":[130],"tags":[137,33,31,30,180,32,12169,109],"class_list":{"0":"post-48278","1":"post","2":"type-post","3":"status-publish","4":"format-standard","5":"has-post-thumbnail","7":"category-viihde","8":"tag-entertainment","9":"tag-fi","10":"tag-finland","11":"tag-finnish","12":"tag-james-gunn","13":"tag-suomi","14":"tag-the-brave-and-the-bold","15":"tag-viihde"},"share_on_mastodon":{"url":"","error":""},"_links":{"self":[{"href":"https:\/\/www.europesays.com\/fi\/wp-json\/wp\/v2\/posts\/48278","targetHints":{"allow":["GET"]}}],"collection":[{"href":"https:\/\/www.europesays.com\/fi\/wp-json\/wp\/v2\/posts"}],"about":[{"href":"https:\/\/www.europesays.com\/fi\/wp-json\/wp\/v2\/types\/post"}],"author":[{"embeddable":true,"href":"https:\/\/www.europesays.com\/fi\/wp-json\/wp\/v2\/users\/2"}],"replies":[{"embeddable":true,"href":"https:\/\/www.europesays.com\/fi\/wp-json\/wp\/v2\/comments?post=48278"}],"version-history":[{"count":0,"href":"https:\/\/www.europesays.com\/fi\/wp-json\/wp\/v2\/posts\/48278\/revisions"}],"wp:featuredmedia":[{"embeddable":true,"href":"https:\/\/www.europesays.com\/fi\/wp-json\/wp\/v2\/media\/48279"}],"wp:attachment":[{"href":"https:\/\/www.europesays.com\/fi\/wp-json\/wp\/v2\/media?parent=48278"}],"wp:term":[{"taxonomy":"category","embeddable":true,"href":"https:\/\/www.europesays.com\/fi\/wp-json\/wp\/v2\/categories?post=48278"},{"taxonomy":"post_tag","embeddable":true,"href":"https:\/\/www.europesays.com\/fi\/wp-json\/wp\/v2\/tags?post=48278"}],"curies":[{"name":"wp","href":"https:\/\/api.w.org\/{rel}","templated":true}]}}