{"id":48311,"date":"2025-09-29T07:03:07","date_gmt":"2025-09-29T07:03:07","guid":{"rendered":"https:\/\/www.europesays.com\/fi\/48311\/"},"modified":"2025-09-29T07:03:07","modified_gmt":"2025-09-29T07:03:07","slug":"paakirjoitus-galleria-nuovo-piristi-vuosikymmenien-ajan-lahden-taide-elamaa-paakirjoitus-mielipide","status":"publish","type":"post","link":"https:\/\/www.europesays.com\/fi\/48311\/","title":{"rendered":"P\u00e4\u00e4kirjoitus | Galleria Nuovo piristi vuosikymmenien ajan Lahden taide-el\u00e4m\u00e4\u00e4 | P\u00e4\u00e4kirjoitus &#038; mielipide"},"content":{"rendered":"<p>Galleria Nuovon lopettaminen j\u00e4tt\u00e4\u00e4 ison aukon lahtelaiseen kulttuuriel\u00e4m\u00e4\u00e4n. Riitta Nuorivaara-Luhtasen vuonna 1977 perustama Nuovo on Lahden ylivoimaisesti vanhin ja tunnetuin taidegalleria. Galleriaa on luotsannut viimeiset kymmenen vuotta Nuorivaara-Luhtasen tyt\u00e4r Kea Nuorivaara.<\/p>\n<p>Taideala ei viime vuosina ole ollut helpoimmasta p\u00e4\u00e4st\u00e4. Taidemyynti on l\u00e4htenyt laskuun koronan ja Ven\u00e4j\u00e4n aloittaman hy\u00f6kk\u00e4yssodan j\u00e4lkeen. Vuositilastojen mukaan taidemyynti on nyt Suomessa historiallisen matalalla tasolla. Vuonna 2022 myynnin arvo oli viel\u00e4 9,8 miljoonaa euroa, viime vuonna en\u00e4\u00e4 5,2 miljoonaa. Nuovossa myynti on pudonnut viel\u00e4 t\u00e4t\u00e4kin rajummin.<\/p>\n<p><a href=\"https:\/\/www.ess.fi\/paikalliset\/8868397\" rel=\"nofollow noopener\" target=\"_blank\">Talous lienee suurin syy gallerian lopettamiseen<\/a>, vaikka toki taustalla on henkil\u00f6kohtaisempiakin syit\u00e4. Kun viel\u00e4 toinen galleriatilan vuokranantajista tarvitsee tilan omaan k\u00e4ytt\u00f6\u00f6ns\u00e4, olisi Nuovolla ollut joka tapauksessa muutto pois tiloista, joissa se on toiminut 1980-luvulta asti.<\/p>\n<blockquote class=\"voice-no-read rs_skip diks-blockquote\">\n<p class=\"diks-blockquote__text\">Yksityisen gallerian pit\u00e4minen Lahdessa n\u00e4in pitk\u00e4\u00e4n on ollut kulttuuriteko.<\/p>\n<\/blockquote>\n<p>Yksityisen gallerian pit\u00e4minen Lahdessa n\u00e4in pitk\u00e4\u00e4n on ollut kulttuuriteko. Gallerian menestykseen vaikutti varmasti perustajan kiinnostus taiteeseen, innostus ja kunnianhimo. Nuovo tunnettiin hyvin my\u00f6s valtakunnallisesti, sill\u00e4 se painotti toimintaansa hyv\u00e4tasoisen kotimaisen \u2013 ja usein my\u00f6s lahtelaisen \u2013 nykytaiteen esitt\u00e4miseen. Nuovossa n\u00e4htiin niin Matti Koskelan, Reino Hietasen, Maunu Lappalaisen kuin Jorma Kard\u00e9ninkin t\u00f6it\u00e4 useaan otteeseen.<\/p>\n<p>1980-luvun lopulla Lahdessa toimi parhaimmillaan kahdeksan taidegalleriaa. Lahti oli kuvataidekaupunkina merkitt\u00e4v\u00e4, olihan kaupungissa kaksi arvostettua oppilaitosta: Taideinstituutti ja Muotoiluinstituutti, joihin tuli oppilaita eri puolilta maata. Osaava galleristi pystyi haistamaan tulevia huipputekij\u00f6it\u00e4 suoraan oppilaitoksista.<\/p>\n<p>Etel\u00e4-Suomen Sanomissa kuitenkin surkuteltiin pian kuvataiteen inflaatiota, sill\u00e4 kahdeksan gallerian kulta-aika ei kauan kest\u00e4nyt. 1990-luvun lama kuritti taidemyynti\u00e4, ja gallerioita lopetettiin. Nuovo j\u00e4i eloon, sill\u00e4 se oli pystynyt l\u00f6yt\u00e4m\u00e4\u00e4n siihen menness\u00e4 vakiintuneen ostajakunnan eri puolilta Suomea. Galleriasta myytiin taidetta my\u00f6s ulkomaille.<\/p>\n<p>Paitsi ostajille, gallerioiden tarjonnalla on iso merkitys kuvataiteilijoille ja my\u00f6s kaikille muillekin kuvataiteen yst\u00e4ville. Nuovon j\u00e4tt\u00e4m\u00e4\u00e4 aukkoa ei ole helppo t\u00e4ytt\u00e4\u00e4, vaikka kaupunkiin on saatukin visuaalisten taiteiden museo Malva. Pienist\u00e4 gallerioista Lahteen j\u00e4\u00e4 viel\u00e4 Galleria Uusi Kipin\u00e4 ja satamassa n\u00e4yttelyit\u00e4 j\u00e4rjest\u00e4v\u00e4 Pro Puu. Positiivista on my\u00f6s se, ett\u00e4 <a href=\"https:\/\/www.ess.fi\/paikalliset\/8117688\" rel=\"nofollow noopener\" target=\"_blank\">kuvataiteen korkeakouluopinnot<\/a> siirtyiv\u00e4t Lappeenrannasta takaisin Lahteen.<\/p>\n","protected":false},"excerpt":{"rendered":"Galleria Nuovon lopettaminen j\u00e4tt\u00e4\u00e4 ison aukon lahtelaiseen kulttuuriel\u00e4m\u00e4\u00e4n. Riitta Nuorivaara-Luhtasen vuonna 1977 perustama Nuovo on Lahden ylivoimaisesti vanhin&hellip;\n","protected":false},"author":2,"featured_media":48312,"comment_status":"","ping_status":"","sticky":false,"template":"","format":"standard","meta":{"footnotes":""},"categories":[135],"tags":[389,387,388,390,137,33,31,30,524,1801,1446,2349,4357,4024,32,394,393,391,392,549,109],"class_list":{"0":"post-48311","1":"post","2":"type-post","3":"status-publish","4":"format-standard","5":"has-post-thumbnail","7":"category-taiteet-ja-suunnittelu","8":"tag-arts","9":"tag-arts-and-design","10":"tag-artsanddesign","11":"tag-design","12":"tag-entertainment","13":"tag-fi","14":"tag-finland","15":"tag-finnish","16":"tag-kulttuuri-ja-taidetapahtumat-ja-nayttelyt","17":"tag-lahti","18":"tag-lappeenranta","19":"tag-myynti","20":"tag-paakirjoitukset","21":"tag-paakirjoitus","22":"tag-suomi","23":"tag-suunnittelu","24":"tag-taiteet","25":"tag-taiteet-ja-suunnittelu","26":"tag-taiteetsuunnittelu","27":"tag-ukrainan-sota","28":"tag-viihde"},"share_on_mastodon":{"url":"","error":""},"_links":{"self":[{"href":"https:\/\/www.europesays.com\/fi\/wp-json\/wp\/v2\/posts\/48311","targetHints":{"allow":["GET"]}}],"collection":[{"href":"https:\/\/www.europesays.com\/fi\/wp-json\/wp\/v2\/posts"}],"about":[{"href":"https:\/\/www.europesays.com\/fi\/wp-json\/wp\/v2\/types\/post"}],"author":[{"embeddable":true,"href":"https:\/\/www.europesays.com\/fi\/wp-json\/wp\/v2\/users\/2"}],"replies":[{"embeddable":true,"href":"https:\/\/www.europesays.com\/fi\/wp-json\/wp\/v2\/comments?post=48311"}],"version-history":[{"count":0,"href":"https:\/\/www.europesays.com\/fi\/wp-json\/wp\/v2\/posts\/48311\/revisions"}],"wp:featuredmedia":[{"embeddable":true,"href":"https:\/\/www.europesays.com\/fi\/wp-json\/wp\/v2\/media\/48312"}],"wp:attachment":[{"href":"https:\/\/www.europesays.com\/fi\/wp-json\/wp\/v2\/media?parent=48311"}],"wp:term":[{"taxonomy":"category","embeddable":true,"href":"https:\/\/www.europesays.com\/fi\/wp-json\/wp\/v2\/categories?post=48311"},{"taxonomy":"post_tag","embeddable":true,"href":"https:\/\/www.europesays.com\/fi\/wp-json\/wp\/v2\/tags?post=48311"}],"curies":[{"name":"wp","href":"https:\/\/api.w.org\/{rel}","templated":true}]}}