{"id":48326,"date":"2025-09-29T07:15:09","date_gmt":"2025-09-29T07:15:09","guid":{"rendered":"https:\/\/www.europesays.com\/fi\/48326\/"},"modified":"2025-09-29T07:15:09","modified_gmt":"2025-09-29T07:15:09","slug":"jarvisydamen-toimitusjohtaja-on-aarimmaisen-pahoillaan","status":"publish","type":"post","link":"https:\/\/www.europesays.com\/fi\/48326\/","title":{"rendered":"J\u00e4rvisyd\u00e4men toimitusjohtaja on &#8221;\u00e4\u00e4rimm\u00e4isen pahoillaan&#8221;"},"content":{"rendered":"<p>J\u00e4rvisyd\u00e4men toimitusjohtaja Markus Heiskanen kertoo tiedotteessa, ettei ole tiennyt alihankkijan ty\u00f6ntekij\u00f6iden huonoista ty\u00f6oloista. Tietokirjan kirjoittanut toimittaja Paavo Teittinen on toista mielt\u00e4.<\/p>\n<p><img decoding=\"async\" class=\"image image-show image-preview\" src=\"https:\/\/www.europesays.com\/fi\/wp-content\/uploads\/2025\/09\/7e41c868229a7b0d2ca5cc8143050196f4f0cc022b00f6ad9db7d266f75ac2dd.jpg\" alt=\"\"\/><img decoding=\"async\" class=\"image image-show\" src=\"https:\/\/www.europesays.com\/fi\/wp-content\/uploads\/2025\/09\/1759130109_410_7e41c868229a7b0d2ca5cc8143050196f4f0cc022b00f6ad9db7d266f75ac2dd.jpg\" alt=\"\"\/><\/p>\n<p>J\u00e4rvisyd\u00e4men toimitusjohtaja Markus Heiskanen kuvattuna vuonna 2019. Tiina Somerpuro<\/p>\n<p class=\"paragraph\">Kylpyl\u00e4hotelli J\u00e4rvisyd\u00e4mess\u00e4 on ty\u00f6skennellyt alipalkattuja ukrainalaisia sotapakolaisia ep\u00e4inhimillisill\u00e4 ty\u00f6ajoilla, toimittaja <strong>Paavo Teittinen<\/strong> kertoo uutiskirjassaan Pitk\u00e4 vuoro (Gummerus 2025). My\u00f6s Iltalehti <a href=\"https:\/\/www.iltalehti.fi\/kotimaa\/aed96490-6098-4f01-a70a-51ec98247f49\" rel=\"nofollow noopener\" target=\"_blank\">kertoi<\/a> asiasta aiemmassa jutussaan.<\/p>\n<p class=\"paragraph\">Nyt J\u00e4rvisyd\u00e4men toimitusjohtaja <strong>Markus Heiskanen<\/strong> avaa tiedotteessaan, ett\u00e4 ei ole tiennyt alihankkijansa huonoista ty\u00f6oloista.<\/p>\n<p class=\"paragraph\">\u2013 Olimme p\u00f6yristyneit\u00e4 siit\u00e4, ett\u00e4 Savo-Karjalan Huoltopalvelu oli hoitanut asiansa heikosti. Ei ihme, ett\u00e4 se oli saanut AVI:lta asianmukaisen huomautuksen. Alihankkijan olisi ehdottomasti pit\u00e4nyt ilmoittaa n\u00e4ist\u00e4 puutteista meille, Heiskanen sanoo tiedotteessa.<\/p>\n<p class=\"paragraph\">Teittinen haastatteli Heiskasta my\u00f6s kirjassa, ja t\u00e4m\u00e4 kertoi haastattelussa samaa.<\/p>\n<p class=\"paragraph\">Ukrainalaisnaiset siivosivat hotellia ja ker\u00e4siv\u00e4t astioita ravintolassa. Ty\u00f6p\u00e4iv\u00e4t venyiv\u00e4t, niit\u00e4 saattoi olla viikossa seitsem\u00e4n, ja palkkaa maksettiin vaihtelevasti, Teittinen kertoo. Er\u00e4s nainen teki kahdessa kuussa oman kirjanpitonsa mukaan t\u00f6it\u00e4 367 tuntia. Palkkaa h\u00e4n sai 1\u00a0500 euroa. Tuntipalkka oli nelj\u00e4 euroa.<\/p>\n<p class=\"paragraph\">Heiskasen mukaan Savo-Karjalan Huoltopalvelun saamat viranomaishuomautukset olivat syy siihen, ett\u00e4 J\u00e4rvisyd\u00e4n siirtyi ostamaan vastaavat palvelut Solilta.<\/p>\n<p class=\"paragraph\">\u2013 Olen \u00e4\u00e4rimm\u00e4isen pahoillani, ett\u00e4 SKH:n henkil\u00f6st\u00f6ll\u00e4 on ollut ongelmia palkanmaksun ja ty\u00f6ajan kanssa. Jos olisin tiennyt asiasta aikaisemmin, olisin my\u00f6s katkaissut sopimuksen nopeammin. T\u00e4m\u00e4 on ollut ik\u00e4v\u00e4 opetus, jonka sain kantap\u00e4\u00e4n kautta.<\/p>\n<p class=\"paragraph\">Ukrainalaisnaisten mukaan omistaja Heiskanen ja h\u00e4nen perheens\u00e4 tiesiv\u00e4t heid\u00e4n riist\u00e4misest\u00e4\u00e4n.<\/p>\n<p class=\"paragraph\">Yksi omistajaperheen j\u00e4sen kirjoitti s\u00e4hk\u00f6postissa ty\u00f6ntekij\u00e4lle, ett\u00e4 J\u00e4rvisyd\u00e4n ei ollut voinut maksaa Iavorskyille, joten Iavorskyi ei ollut voinut maksaa ty\u00f6ntekij\u00f6ille.<\/p>\n<p class=\"paragraph\">Teittinen kirjoittaa pit\u00e4v\u00e4ns\u00e4 aineistonsa perusteella selv\u00e4n\u00e4, ett\u00e4 Heiskasen perheess\u00e4 on tiedetty, ett\u00e4 ukrainalaisia ty\u00f6ntekij\u00f6it\u00e4 on kohdeltu huonosti.<\/p>\n<p class=\"paragraph\">Osa Heiskasten yrityksist\u00e4 on tehnyt kovaa tulosta. Lomakyl\u00e4 J\u00e4rvisyd\u00e4n Oy teki vuonna 2024 l\u00e4hes 9 miljoonaa voittoa.<\/p>\n<p class=\"paragraph\">Perjantaina uutisoitiin J\u00e4rvisyd\u00e4men konkurssista. J\u00e4rvisyd\u00e4n tiedotti per\u00e4\u00e4n, ett\u00e4 \u201dkonkurssiasia on hoidettu vastapuolen kanssa\u201d ja palvelut ovat auki normaalisti.<\/p>\n","protected":false},"excerpt":{"rendered":"J\u00e4rvisyd\u00e4men toimitusjohtaja Markus Heiskanen kertoo tiedotteessa, ettei ole tiennyt alihankkijan ty\u00f6ntekij\u00f6iden huonoista ty\u00f6oloista. Tietokirjan kirjoittanut toimittaja Paavo Teittinen&hellip;\n","protected":false},"author":2,"featured_media":48327,"comment_status":"","ping_status":"","sticky":false,"template":"","format":"standard","meta":{"footnotes":""},"categories":[12],"tags":[35,22,23,26,27,33,31,30,17,24,25,28,29,923,15,18,21,32,3592,19,20,860,3512,3515,16],"class_list":{"0":"post-48326","1":"post","2":"type-post","3":"status-publish","4":"format-standard","5":"has-post-thumbnail","7":"category-suomi","8":"tag-24h","9":"tag-breaking-news","10":"tag-breakingnews","11":"tag-featured-news","12":"tag-featurednews","13":"tag-fi","14":"tag-finland","15":"tag-finnish","16":"tag-headlines","17":"tag-latest-news","18":"tag-latestnews","19":"tag-main-news","20":"tag-mainnews","21":"tag-matkustaminen","22":"tag-news","23":"tag-otsikot","24":"tag-paauutiset","25":"tag-suomi","26":"tag-toimitusjohtaja-paajohtaja","27":"tag-top-stories","28":"tag-topstories","29":"tag-tyoelama","30":"tag-tyontekijat","31":"tag-tyovoima","32":"tag-uutiset"},"share_on_mastodon":{"url":"","error":""},"_links":{"self":[{"href":"https:\/\/www.europesays.com\/fi\/wp-json\/wp\/v2\/posts\/48326","targetHints":{"allow":["GET"]}}],"collection":[{"href":"https:\/\/www.europesays.com\/fi\/wp-json\/wp\/v2\/posts"}],"about":[{"href":"https:\/\/www.europesays.com\/fi\/wp-json\/wp\/v2\/types\/post"}],"author":[{"embeddable":true,"href":"https:\/\/www.europesays.com\/fi\/wp-json\/wp\/v2\/users\/2"}],"replies":[{"embeddable":true,"href":"https:\/\/www.europesays.com\/fi\/wp-json\/wp\/v2\/comments?post=48326"}],"version-history":[{"count":0,"href":"https:\/\/www.europesays.com\/fi\/wp-json\/wp\/v2\/posts\/48326\/revisions"}],"wp:featuredmedia":[{"embeddable":true,"href":"https:\/\/www.europesays.com\/fi\/wp-json\/wp\/v2\/media\/48327"}],"wp:attachment":[{"href":"https:\/\/www.europesays.com\/fi\/wp-json\/wp\/v2\/media?parent=48326"}],"wp:term":[{"taxonomy":"category","embeddable":true,"href":"https:\/\/www.europesays.com\/fi\/wp-json\/wp\/v2\/categories?post=48326"},{"taxonomy":"post_tag","embeddable":true,"href":"https:\/\/www.europesays.com\/fi\/wp-json\/wp\/v2\/tags?post=48326"}],"curies":[{"name":"wp","href":"https:\/\/api.w.org\/{rel}","templated":true}]}}