{"id":48410,"date":"2025-09-29T09:17:06","date_gmt":"2025-09-29T09:17:06","guid":{"rendered":"https:\/\/www.europesays.com\/fi\/48410\/"},"modified":"2025-09-29T09:17:06","modified_gmt":"2025-09-29T09:17:06","slug":"tiesitko-tata-frendit-tahti-kirjoitti-kauhulegendalle-kirjeen-muuttaakseen-uransa-suunnan","status":"publish","type":"post","link":"https:\/\/www.europesays.com\/fi\/48410\/","title":{"rendered":"Tiesitk\u00f6 t\u00e4t\u00e4? Frendit-t\u00e4hti kirjoitti kauhulegendalle kirjeen muuttaakseen uransa suunnan"},"content":{"rendered":"<p>Yleis\u00f6lle tutuksi tulleista rooleista voi joskus olla vaikea p\u00e4\u00e4st\u00e4 eroon. T\u00e4m\u00e4n on saanut kokea my\u00f6s Frendien Monicana tunnettu <strong>Courtney Cox<\/strong>.<\/p>\n<p>Rikkoakseen muotin, johon uhkasi Frendien takia joutua, l\u00e4hti Cox tavoittelemaan toimittaja Gale Weathersin roolia vuoden 1996 Scream-kauhuelokuvassa. Screamin tuottajat suhtautuivat n\u00e4yttelij\u00e4\u00e4n kuitenkin nihke\u00e4sti t\u00e4m\u00e4n \u201ckiltin tyt\u00f6n\u201d imagon takia. Cox ei suostunut j\u00e4\u00e4m\u00e4\u00e4n tv-imagonsa vangiksi vaan otti kyn\u00e4n kauniiseen k\u00e4teens\u00e4 tehd\u00e4kseen asialle jotain.<\/p>\n<p>Lue my\u00f6s: <a href=\"https:\/\/www.episodi.fi\/uutiset\/tiesitko-tata-kulttiklassikon-tahti-oli-saada-james-bondin-roolin\/\" title=\"Tiesitk\u00f6 t\u00e4t\u00e4? Kulttiklassikon t\u00e4hti oli saada James Bondin roolin \u2013 muuttui toiseksi ikoniseksi sankariksi\" class=\"underline-custom !font-montserrat !font-bold !underline-offset-4 !decoration-4 !decoration-episodi-blue !text-md\" rel=\"nofollow noopener\" target=\"_blank\">Tiesitk\u00f6 t\u00e4t\u00e4? Kulttiklassikon t\u00e4hti oli saada James Bondin roolin \u2013 muuttui toiseksi ikoniseksi sankariksi<\/a><\/p>\n<p>Frendit-t\u00e4hti kirjoitti omin k\u00e4sin kirjeen Screamin ohjaajalle, kauhulegenda <strong>Wes Cravenille<\/strong> (Painajainen Elm Streetill\u00e4, The Hills Have Eyes). Kirjeess\u00e4\u00e4n n\u00e4yttelij\u00e4 vakuutti osaavansa n\u00e4ytell\u00e4 uskottavasti \u201ct\u00e4ydellisen \u00e4mm\u00e4n\u201d roolia. Cox onnistui suorapuheisella ja itsevarmalla kirjeell\u00e4\u00e4n saamaan Cravenin puolelleen, ja ohjaaja kiinnitti h\u00e4net Weathersin rooliin.<\/p>\n<p>Coxin kyn\u00e4ily kannatti, sill\u00e4 Frendien Monican ohella Scream-elokuvasarjassa pitk\u00e4\u00e4n el\u00e4nyt Gale Weathers lienee n\u00e4yttelij\u00e4n tunnetuimpia ja pidetyimpi\u00e4 rooleja.<\/p>\n<p>L\u00e4hde: <a href=\"https:\/\/www.businessinsider.com\/scream-courteney-cox-role-told-director-she-can-be-bitch-2023-2\" rel=\"nofollow noopener\" target=\"_blank\">Business Insider<\/a><\/p>\n<p>Lue my\u00f6s: <a href=\"https:\/\/www.episodi.fi\/uutiskirje\/?uutiskirjemainos=tekstilinkkimainos\" title=\"Tilaa Episodin uutiskirje ja voit voittaa leffalippuja! Nappaa tv-vinkit suoraan s\u00e4hk\u00f6postiin t\u00e4st\u00e4.\" class=\"underline-custom !font-montserrat !font-bold !underline-offset-4 !decoration-4 !decoration-episodi-blue !text-md\" rel=\"nofollow noopener\" target=\"_blank\">Tilaa Episodin uutiskirje ja voit voittaa leffalippuja! Nappaa katseluvinkit suoraan s\u00e4hk\u00f6postiin t\u00e4st\u00e4.<\/a><\/p>\n","protected":false},"excerpt":{"rendered":"Yleis\u00f6lle tutuksi tulleista rooleista voi joskus olla vaikea p\u00e4\u00e4st\u00e4 eroon. T\u00e4m\u00e4n on saanut kokea my\u00f6s Frendien Monicana tunnettu&hellip;\n","protected":false},"author":2,"featured_media":48411,"comment_status":"","ping_status":"","sticky":false,"template":"","format":"standard","meta":{"footnotes":""},"categories":[131],"tags":[155,137,33,173,31,30,172,32,109],"class_list":{"0":"post-48410","1":"post","2":"type-post","3":"status-publish","4":"format-standard","5":"has-post-thumbnail","7":"category-elokuvat","8":"tag-elokuvat","9":"tag-entertainment","10":"tag-fi","11":"tag-film","12":"tag-finland","13":"tag-finnish","14":"tag-movies","15":"tag-suomi","16":"tag-viihde"},"share_on_mastodon":{"url":"","error":""},"_links":{"self":[{"href":"https:\/\/www.europesays.com\/fi\/wp-json\/wp\/v2\/posts\/48410","targetHints":{"allow":["GET"]}}],"collection":[{"href":"https:\/\/www.europesays.com\/fi\/wp-json\/wp\/v2\/posts"}],"about":[{"href":"https:\/\/www.europesays.com\/fi\/wp-json\/wp\/v2\/types\/post"}],"author":[{"embeddable":true,"href":"https:\/\/www.europesays.com\/fi\/wp-json\/wp\/v2\/users\/2"}],"replies":[{"embeddable":true,"href":"https:\/\/www.europesays.com\/fi\/wp-json\/wp\/v2\/comments?post=48410"}],"version-history":[{"count":0,"href":"https:\/\/www.europesays.com\/fi\/wp-json\/wp\/v2\/posts\/48410\/revisions"}],"wp:featuredmedia":[{"embeddable":true,"href":"https:\/\/www.europesays.com\/fi\/wp-json\/wp\/v2\/media\/48411"}],"wp:attachment":[{"href":"https:\/\/www.europesays.com\/fi\/wp-json\/wp\/v2\/media?parent=48410"}],"wp:term":[{"taxonomy":"category","embeddable":true,"href":"https:\/\/www.europesays.com\/fi\/wp-json\/wp\/v2\/categories?post=48410"},{"taxonomy":"post_tag","embeddable":true,"href":"https:\/\/www.europesays.com\/fi\/wp-json\/wp\/v2\/tags?post=48410"}],"curies":[{"name":"wp","href":"https:\/\/api.w.org\/{rel}","templated":true}]}}