{"id":48471,"date":"2025-09-29T10:30:06","date_gmt":"2025-09-29T10:30:06","guid":{"rendered":"https:\/\/www.europesays.com\/fi\/48471\/"},"modified":"2025-09-29T10:30:06","modified_gmt":"2025-09-29T10:30:06","slug":"syyttaja-ilmoitti-tyytymattomyytensa-jethro-rostedtin-tuomioon","status":"publish","type":"post","link":"https:\/\/www.europesays.com\/fi\/48471\/","title":{"rendered":"Syytt\u00e4j\u00e4 ilmoitti tyytym\u00e4tt\u00f6myytens\u00e4 Jethro Rostedtin tuomioon"},"content":{"rendered":"<p>Tuomio ei ole viel\u00e4 lainvoimainen.<\/p>\n<p class=\"article-body mb-nof-24 px-nof-16\">Yritt\u00e4j\u00e4 ja mediapersoona <a class=\"article-personlink\" href=\"https:\/\/www.is.fi\/haku\/?query=Jethro%20Rostedt\" rel=\"nofollow noopener\" target=\"_blank\">Jethro Rostedt<\/a> tuomittiin syyskuussa vuoden ja kahdeksan kuukauden ehdolliseen vankeusrangaistukseen. Rikoksia oli yhteens\u00e4 nelj\u00e4, joista kolme t\u00f6rke\u00e4\u00e4 veropetosta ja yksi perusmuotoinen veropetos.<\/p>\n<p class=\"article-body mb-nof-24 px-nof-16\">Nyt Varsinais-Suomen k\u00e4r\u00e4j\u00e4oikeudesta kerrotaan IS:lle, ett\u00e4 syytt\u00e4j\u00e4 on ilmaissut tyytym\u00e4tt\u00f6myytens\u00e4 tuomioon. Koska tuomio ei ole viel\u00e4 lainvoimainen, siit\u00e4 voi valittaa 10. lokakuuta saakka.<\/p>\n<p class=\"article-body mb-nof-24 px-nof-16\">Asiasta ensimm\u00e4isen\u00e4 uutisoineen <a class=\"article-genericlink\" href=\"https:\/\/app.seiska.fi\/story\/1944602\/content.html\" rel=\"nofollow noopener\" target=\"_blank\">Seiskan<\/a> mukaan Rostedt pit\u00e4\u00e4 tuomiota jo nyt kovana.<\/p>\n<p class=\"article-body mb-nof-24 px-nof-16\">\u2013 Mun mielest\u00e4 tuomio on tosi kova, en m\u00e4 muuta osaa sanoa, Rostedt sanoo.<\/p>\n<p class=\"article-body mb-nof-24 px-nof-16\">Rostedtin oikeudenk\u00e4ynniss\u00e4 oli kyse oli tunnustamisoikeudenk\u00e4ynnist\u00e4, jossa syytetty tunnustaa tekonsa ja suostuu tuomioon ennalta sovitun tuomioesityksen mukaisesti. Menettelyn tarkoituksena on nopeuttaa oikeusprosessia ja usein my\u00f6s lievent\u00e4\u00e4 rangaistusta, kun syytt\u00e4j\u00e4 voi tehd\u00e4 tuomioesityksen lievennetylt\u00e4 rangaistusasteikolta.<\/p>\n","protected":false},"excerpt":{"rendered":"Tuomio ei ole viel\u00e4 lainvoimainen. Yritt\u00e4j\u00e4 ja mediapersoona Jethro Rostedt tuomittiin syyskuussa vuoden ja kahdeksan kuukauden ehdolliseen vankeusrangaistukseen.&hellip;\n","protected":false},"author":2,"featured_media":48472,"comment_status":"","ping_status":"","sticky":false,"template":"","format":"standard","meta":{"footnotes":""},"categories":[136],"tags":[407,137,33,31,30,34,408,32,109],"class_list":{"0":"post-48471","1":"post","2":"type-post","3":"status-publish","4":"format-standard","5":"has-post-thumbnail","7":"category-julkkikset","8":"tag-celebrities","9":"tag-entertainment","10":"tag-fi","11":"tag-finland","12":"tag-finnish","13":"tag-ilta-sanomat","14":"tag-julkkikset","15":"tag-suomi","16":"tag-viihde"},"share_on_mastodon":{"url":"","error":""},"_links":{"self":[{"href":"https:\/\/www.europesays.com\/fi\/wp-json\/wp\/v2\/posts\/48471","targetHints":{"allow":["GET"]}}],"collection":[{"href":"https:\/\/www.europesays.com\/fi\/wp-json\/wp\/v2\/posts"}],"about":[{"href":"https:\/\/www.europesays.com\/fi\/wp-json\/wp\/v2\/types\/post"}],"author":[{"embeddable":true,"href":"https:\/\/www.europesays.com\/fi\/wp-json\/wp\/v2\/users\/2"}],"replies":[{"embeddable":true,"href":"https:\/\/www.europesays.com\/fi\/wp-json\/wp\/v2\/comments?post=48471"}],"version-history":[{"count":0,"href":"https:\/\/www.europesays.com\/fi\/wp-json\/wp\/v2\/posts\/48471\/revisions"}],"wp:featuredmedia":[{"embeddable":true,"href":"https:\/\/www.europesays.com\/fi\/wp-json\/wp\/v2\/media\/48472"}],"wp:attachment":[{"href":"https:\/\/www.europesays.com\/fi\/wp-json\/wp\/v2\/media?parent=48471"}],"wp:term":[{"taxonomy":"category","embeddable":true,"href":"https:\/\/www.europesays.com\/fi\/wp-json\/wp\/v2\/categories?post=48471"},{"taxonomy":"post_tag","embeddable":true,"href":"https:\/\/www.europesays.com\/fi\/wp-json\/wp\/v2\/tags?post=48471"}],"curies":[{"name":"wp","href":"https:\/\/api.w.org\/{rel}","templated":true}]}}