{"id":48492,"date":"2025-09-29T11:00:06","date_gmt":"2025-09-29T11:00:06","guid":{"rendered":"https:\/\/www.europesays.com\/fi\/48492\/"},"modified":"2025-09-29T11:00:06","modified_gmt":"2025-09-29T11:00:06","slug":"suvi-terasniskan-faneille-todella-ikavia-uutisia-viime-viikolla-tama-on-tilanne-nyt","status":"publish","type":"post","link":"https:\/\/www.europesays.com\/fi\/48492\/","title":{"rendered":"Suvi Ter\u00e4sniskan faneille todella ik\u00e4vi\u00e4 uutisia viime viikolla: t\u00e4m\u00e4 on tilanne nyt"},"content":{"rendered":"<p>Kerroimme uutisessamme viime viikolla <a href=\"https:\/\/www.como.fi\/uutiset\/ikavia-uutisia-suvi-terasniskan-faneille-nyt-saatiin-uutta-tietoa\/\" rel=\"nofollow noopener\" target=\"_blank\">t\u00e4\u00e4ll\u00e4<\/a>, miten <strong>Suvi Ter\u00e4sniskan<\/strong> tulevat kiertuep\u00e4iv\u00e4t ovat myyneet todella hyvin, ja monet konsertit olivat loppuunmyytj\u00e4. T\u00e4m\u00e4 on toki hyv\u00e4 tilanne Suville, ja hienoa, ett\u00e4 hyv\u00e4 musiikki kiinnostaa suomalaisia! Ik\u00e4v\u00e4mpi uutinen t\u00e4m\u00e4 oli niille faneille, jotka eiv\u00e4t v\u00e4ltt\u00e4m\u00e4tt\u00e4 lippuja haluamiinsa konsertteihin saaneet.<\/p>\n<p>Lue my\u00f6s: <a href=\"https:\/\/www.como.fi\/uutiset\/ikavia-uutisia-suvi-terasniskan-faneille-nyt-saatiin-uutta-tietoa\/\" title=\"Ik\u00e4vi\u00e4 uutisia Suvi Ter\u00e4sniskan faneille \u2013 nyt saatiin uutta tietoa\" class=\"underline-custom !font-montserrat !font-bold !underline-offset-4 !decoration-4 !decoration-red-600 !text-md\" rel=\"nofollow noopener\" target=\"_blank\">Ik\u00e4vi\u00e4 uutisia Suvi Ter\u00e4sniskan faneille \u2013 nyt saatiin uutta tietoa<\/a><\/p>\n<p>Nyt Suvi on tehnyt p\u00e4ivityst\u00e4 loppuvuoden konserttien lipputilanteeseen.<\/p>\n<p>\u201dMun syksyn triokiertue jatkuu t\u00e4ll\u00e4 viikolla Muhokselta ja Raahesta. Raaheen on ainakin vapautunut muutamia hyvi\u00e4 paikkoja permannolle. Selvittelemme viel\u00e4 ett\u00e4 onko Muhoksella viel\u00e4 vapaita paikkoja ovella myynniss\u00e4.\u201d<\/p>\n<p>Katso alta, onko lippuja viel\u00e4 saatavilla l\u00e4heisimp\u00e4\u00e4n konserttipaikkaasi!<\/p>\n<p>Lue my\u00f6s: <a href=\"https:\/\/www.como.fi\/tilaa-comon-uutiskirje\/\" title=\"Tilaa Comon uutiskirje ja tied\u00e4t mist\u00e4 kahvitauolla puhutaan! Nappaa kotimaan tv-vinkit ja puheenaiheet suoraan s\u00e4hk\u00f6postiin t\u00e4st\u00e4.\" class=\"underline-custom !font-montserrat !font-bold !underline-offset-4 !decoration-4 !decoration-red-600 !text-md\" rel=\"nofollow noopener\" target=\"_blank\">Tilaa Comon uutiskirje ja tied\u00e4t mist\u00e4 kahvitauolla puhutaan! Nappaa kotimaan tv-vinkit ja puheenaiheet suoraan s\u00e4hk\u00f6postiin t\u00e4st\u00e4.<\/a><\/p>\n","protected":false},"excerpt":{"rendered":"Kerroimme uutisessamme viime viikolla t\u00e4\u00e4ll\u00e4, miten Suvi Ter\u00e4sniskan tulevat kiertuep\u00e4iv\u00e4t ovat myyneet todella hyvin, ja monet konsertit olivat&hellip;\n","protected":false},"author":2,"featured_media":40083,"comment_status":"","ping_status":"","sticky":false,"template":"","format":"standard","meta":{"footnotes":""},"categories":[132],"tags":[137,33,31,30,195,47,32,6416,109],"class_list":{"0":"post-48492","1":"post","2":"type-post","3":"status-publish","4":"format-standard","5":"has-post-thumbnail","7":"category-musiikki","8":"tag-entertainment","9":"tag-fi","10":"tag-finland","11":"tag-finnish","12":"tag-music","13":"tag-musiikki","14":"tag-suomi","15":"tag-suvi-teru00e4sniska","16":"tag-viihde"},"share_on_mastodon":{"url":"","error":""},"_links":{"self":[{"href":"https:\/\/www.europesays.com\/fi\/wp-json\/wp\/v2\/posts\/48492","targetHints":{"allow":["GET"]}}],"collection":[{"href":"https:\/\/www.europesays.com\/fi\/wp-json\/wp\/v2\/posts"}],"about":[{"href":"https:\/\/www.europesays.com\/fi\/wp-json\/wp\/v2\/types\/post"}],"author":[{"embeddable":true,"href":"https:\/\/www.europesays.com\/fi\/wp-json\/wp\/v2\/users\/2"}],"replies":[{"embeddable":true,"href":"https:\/\/www.europesays.com\/fi\/wp-json\/wp\/v2\/comments?post=48492"}],"version-history":[{"count":0,"href":"https:\/\/www.europesays.com\/fi\/wp-json\/wp\/v2\/posts\/48492\/revisions"}],"wp:featuredmedia":[{"embeddable":true,"href":"https:\/\/www.europesays.com\/fi\/wp-json\/wp\/v2\/media\/40083"}],"wp:attachment":[{"href":"https:\/\/www.europesays.com\/fi\/wp-json\/wp\/v2\/media?parent=48492"}],"wp:term":[{"taxonomy":"category","embeddable":true,"href":"https:\/\/www.europesays.com\/fi\/wp-json\/wp\/v2\/categories?post=48492"},{"taxonomy":"post_tag","embeddable":true,"href":"https:\/\/www.europesays.com\/fi\/wp-json\/wp\/v2\/tags?post=48492"}],"curies":[{"name":"wp","href":"https:\/\/api.w.org\/{rel}","templated":true}]}}