{"id":48697,"date":"2025-09-29T15:30:06","date_gmt":"2025-09-29T15:30:06","guid":{"rendered":"https:\/\/www.europesays.com\/fi\/48697\/"},"modified":"2025-09-29T15:30:06","modified_gmt":"2025-09-29T15:30:06","slug":"trumpin-lahettilas-uskoo-tomahawk-lapimurtoon-iskekaa-syvalle","status":"publish","type":"post","link":"https:\/\/www.europesays.com\/fi\/48697\/","title":{"rendered":"Trumpin l\u00e4hettil\u00e4s uskoo Tomahawk-l\u00e4pimurtoon: &#8221;Iskek\u00e4\u00e4 syv\u00e4lle&#8221;"},"content":{"rendered":"<p>\n\tSuomenmaa \u2013 STT\t29.9.2025 16:30, muokattu<br \/>\n\t29.9.2025 17:47\n<\/p>\n<p>\t\t\t\t\t\t\t\t\tUkrainan sota<\/p>\n<p>Yhdysvallat saattaa olla antamassa Ukrainalle luvan pitk\u00e4n kantaman iskuihin Ven\u00e4j\u00e4lle amerikkalaisilla aseilla, sanoi presidentti<strong> Donald Trumpin<\/strong> erityisl\u00e4hettil\u00e4s <strong>Keith Kellogg<\/strong> Fox-kanavan haastattelussa.<\/p>\n<p>Kelloggilta kysyttiin, onko Trump antanut luvan pitk\u00e4n kantaman iskuihin Ven\u00e4j\u00e4lle.<\/p>\n<p>\u2013\u2009Luettuani mit\u00e4 Trump on sanonut ja luettuani my\u00f6s mit\u00e4 varapresidentti <strong>J. D. Vance<\/strong> ja ulkoministeri <strong>Marco Rubio<\/strong> ovat sanoneet, vastaukseni on kyll\u00e4, Kellogg vastasi.<\/p>\n<p>\u2013\u2009Iskek\u00e4\u00e4 syv\u00e4lle. Turvapaikkoja ei ole olemassa, Kellogg jatkoi.<\/p>\n<p>Vance sanoi toisessa haastattelussa, ett\u00e4 presidentti Trump on parhaillaan tekem\u00e4ss\u00e4 p\u00e4\u00e4t\u00f6st\u00e4 siit\u00e4, toimitetaanko Ukrainalle pitk\u00e4n kantaman Tomahawk-ohjuksia.<\/p>\n<p>Kremlin edustaja <strong>Dmitri Peskov<\/strong> v\u00e4h\u00e4tteli maanantaina mahdollisia uusia ohjuksia. Peskovin mukaan ei ole olemassa sellaista ihmeasetta, joka muuttaisi sodan nykyist\u00e4 dynamiikkaa, joten uusilla aseilla ei ole merkityst\u00e4.<\/p>\n","protected":false},"excerpt":{"rendered":"Suomenmaa \u2013 STT 29.9.2025 16:30, muokattu 29.9.2025 17:47 Ukrainan sota Yhdysvallat saattaa olla antamassa Ukrainalle luvan pitk\u00e4n kantaman&hellip;\n","protected":false},"author":2,"featured_media":48698,"comment_status":"","ping_status":"","sticky":false,"template":"","format":"standard","meta":{"footnotes":""},"categories":[5],"tags":[22,23,26,27,33,31,30,17,24,25,28,29,15,18,21,32,19,20,16],"class_list":{"0":"post-48697","1":"post","2":"type-post","3":"status-publish","4":"format-standard","5":"has-post-thumbnail","7":"category-otsikot","8":"tag-breaking-news","9":"tag-breakingnews","10":"tag-featured-news","11":"tag-featurednews","12":"tag-fi","13":"tag-finland","14":"tag-finnish","15":"tag-headlines","16":"tag-latest-news","17":"tag-latestnews","18":"tag-main-news","19":"tag-mainnews","20":"tag-news","21":"tag-otsikot","22":"tag-paauutiset","23":"tag-suomi","24":"tag-top-stories","25":"tag-topstories","26":"tag-uutiset"},"share_on_mastodon":{"url":"","error":""},"_links":{"self":[{"href":"https:\/\/www.europesays.com\/fi\/wp-json\/wp\/v2\/posts\/48697","targetHints":{"allow":["GET"]}}],"collection":[{"href":"https:\/\/www.europesays.com\/fi\/wp-json\/wp\/v2\/posts"}],"about":[{"href":"https:\/\/www.europesays.com\/fi\/wp-json\/wp\/v2\/types\/post"}],"author":[{"embeddable":true,"href":"https:\/\/www.europesays.com\/fi\/wp-json\/wp\/v2\/users\/2"}],"replies":[{"embeddable":true,"href":"https:\/\/www.europesays.com\/fi\/wp-json\/wp\/v2\/comments?post=48697"}],"version-history":[{"count":0,"href":"https:\/\/www.europesays.com\/fi\/wp-json\/wp\/v2\/posts\/48697\/revisions"}],"wp:featuredmedia":[{"embeddable":true,"href":"https:\/\/www.europesays.com\/fi\/wp-json\/wp\/v2\/media\/48698"}],"wp:attachment":[{"href":"https:\/\/www.europesays.com\/fi\/wp-json\/wp\/v2\/media?parent=48697"}],"wp:term":[{"taxonomy":"category","embeddable":true,"href":"https:\/\/www.europesays.com\/fi\/wp-json\/wp\/v2\/categories?post=48697"},{"taxonomy":"post_tag","embeddable":true,"href":"https:\/\/www.europesays.com\/fi\/wp-json\/wp\/v2\/tags?post=48697"}],"curies":[{"name":"wp","href":"https:\/\/api.w.org\/{rel}","templated":true}]}}