{"id":48777,"date":"2025-09-29T17:29:06","date_gmt":"2025-09-29T17:29:06","guid":{"rendered":"https:\/\/www.europesays.com\/fi\/48777\/"},"modified":"2025-09-29T17:29:06","modified_gmt":"2025-09-29T17:29:06","slug":"salkkarit-hahmo-yllatetaan-totaalisesti-mtvuutiset-fi","status":"publish","type":"post","link":"https:\/\/www.europesays.com\/fi\/48777\/","title":{"rendered":"Salkkarit-hahmo yll\u00e4tet\u00e4\u00e4n totaalisesti &#8211; mtvuutiset.fi"},"content":{"rendered":"<ol>\n<li><a href=\"https:\/\/news.google.com\/rss\/articles\/CBMiiwFBVV95cUxQTmxiYnFZSWtCRlNGM1JEb3lHRzlvMUl1QmlUS3E0WDVBejlJdlpuSjlqS1lPdkEzemhXdzduY3B2dXJnZHF1b2RMYkVjN1lqaDk1Z0NoeUQ0aEdGUElpcnZwaWxMdzE0aGU1OGx3UVNoUHFPelhxbVV3SFdUWThXbzJodVJ0T241enRR?oc=5\" target=\"_blank\" rel=\"nofollow noopener\">Salkkarit-hahmo yll\u00e4tet\u00e4\u00e4n totaalisesti<\/a>&nbsp;&nbsp;mtvuutiset.fi<\/li>\n<li><a href=\"https:\/\/news.google.com\/rss\/articles\/CBMikAFBVV95cUxNVFNyRTRtSV8waG9fdzBoMXlGM19WREtLdWVOV0VoMkdYS3VRODlMaWNmdUMwOFM1a2lBVnc5R0VNNGFqS1V1VWxrbk1ZVWtZcmFJM1BUX1VlQlpHZ1AtOGtzXy1UZlZPMHJSeTVnaTNVNTVmd2R1a1N1c18wOTU0N2xrNEJ5X3dsajlHcF9EZm4?oc=5\" target=\"_blank\" rel=\"nofollow noopener\">Salatut el\u00e4m\u00e4t: Uusi hurmuri saapuu Pihlajakadulle<\/a>&nbsp;&nbsp;Seiska.fi<\/li>\n<li><a href=\"https:\/\/news.google.com\/rss\/articles\/CBMimgFBVV95cUxNVlZUZ2o2alZyNjYyOVlXN3dnZzVncGtrMF8zVXlMRThWd2k4S1FNalh2RURFN3BjeE9WdERXUlJBbjdnQlp1aXJqOUZ6UFlibmZwaEtQQjZqZ0g1bmFTaFcwaWdGUTRMbXpfclE0aFBuLW8tRkxkX0FoSGkySWhicWdFaDZEYVZLSEJwZnpCdTFuYUFULTJVS0pB?oc=5\" target=\"_blank\" rel=\"nofollow noopener\">Salkkarit-hahmo kohtaa komistuksen \u2013 h\u00e4keltyy t\u00e4ysin<\/a>&nbsp;&nbsp;mtvuutiset.fi<\/li>\n<li><a href=\"https:\/\/news.google.com\/rss\/articles\/CBMixAFBVV95cUxOa1dwbFpCeGZsWm5lT2N0SV9YakhfM1lZVS1TVnVjbUZiejlnZmVOQ185TUFYWVp1UGRSZjBjSG9sNWxSNjk3QXpTUEdzTkRmU0l1bkJEd3ZEbmNzWW96V1U4bWVSaGw2anE1bURPOENFRXduVkhnbmNoZnBJX1RzOUlpNmVQb0g4RTM1LV9ZYmNQRFNJS21mYmloOENFeERUdnBFX0lURnhiaWJfQU1pcE5rUzFTMTRwbDB5aFp4cV9xdGtJ?oc=5\" target=\"_blank\" rel=\"nofollow noopener\">Paljastuksia! Salkkarit-kurkistuksessa musertava uutinen: &#8221;Pelk\u00e4\u00e4n, ett\u00e4 olet my\u00f6h\u00e4ss\u00e4&#8221;<\/a>&nbsp;&nbsp;mtvuutiset.fi<\/li>\n<\/ol>\n","protected":false},"excerpt":{"rendered":"Salkkarit-hahmo yll\u00e4tet\u00e4\u00e4n totaalisesti&nbsp;&nbsp;mtvuutiset.fi Salatut el\u00e4m\u00e4t: Uusi hurmuri saapuu Pihlajakadulle&nbsp;&nbsp;Seiska.fi Salkkarit-hahmo kohtaa komistuksen \u2013 h\u00e4keltyy t\u00e4ysin&nbsp;&nbsp;mtvuutiset.fi Paljastuksia! Salkkarit-kurkistuksessa musertava&hellip;\n","protected":false},"author":2,"featured_media":48778,"comment_status":"","ping_status":"","sticky":false,"template":"","format":"standard","meta":{"footnotes":""},"categories":[133],"tags":[137,33,31,30,32,206,156,109],"class_list":{"0":"post-48777","1":"post","2":"type-post","3":"status-publish","4":"format-standard","5":"has-post-thumbnail","7":"category-televisiot","8":"tag-entertainment","9":"tag-fi","10":"tag-finland","11":"tag-finnish","12":"tag-suomi","13":"tag-televisiot","14":"tag-tv","15":"tag-viihde"},"share_on_mastodon":{"url":"","error":""},"_links":{"self":[{"href":"https:\/\/www.europesays.com\/fi\/wp-json\/wp\/v2\/posts\/48777","targetHints":{"allow":["GET"]}}],"collection":[{"href":"https:\/\/www.europesays.com\/fi\/wp-json\/wp\/v2\/posts"}],"about":[{"href":"https:\/\/www.europesays.com\/fi\/wp-json\/wp\/v2\/types\/post"}],"author":[{"embeddable":true,"href":"https:\/\/www.europesays.com\/fi\/wp-json\/wp\/v2\/users\/2"}],"replies":[{"embeddable":true,"href":"https:\/\/www.europesays.com\/fi\/wp-json\/wp\/v2\/comments?post=48777"}],"version-history":[{"count":0,"href":"https:\/\/www.europesays.com\/fi\/wp-json\/wp\/v2\/posts\/48777\/revisions"}],"wp:featuredmedia":[{"embeddable":true,"href":"https:\/\/www.europesays.com\/fi\/wp-json\/wp\/v2\/media\/48778"}],"wp:attachment":[{"href":"https:\/\/www.europesays.com\/fi\/wp-json\/wp\/v2\/media?parent=48777"}],"wp:term":[{"taxonomy":"category","embeddable":true,"href":"https:\/\/www.europesays.com\/fi\/wp-json\/wp\/v2\/categories?post=48777"},{"taxonomy":"post_tag","embeddable":true,"href":"https:\/\/www.europesays.com\/fi\/wp-json\/wp\/v2\/tags?post=48777"}],"curies":[{"name":"wp","href":"https:\/\/api.w.org\/{rel}","templated":true}]}}