{"id":48806,"date":"2025-09-29T18:06:08","date_gmt":"2025-09-29T18:06:08","guid":{"rendered":"https:\/\/www.europesays.com\/fi\/48806\/"},"modified":"2025-09-29T18:06:08","modified_gmt":"2025-09-29T18:06:08","slug":"muutokset-tuottavat-hiljalleen-tulosta-jukurit-hc-oyn-tilikauden-2024-2025-tulos-tappiollinen-mutta-suunta-on-oikea","status":"publish","type":"post","link":"https:\/\/www.europesays.com\/fi\/48806\/","title":{"rendered":"Muutokset tuottavat hiljalleen tulosta: Jukurit HC Oy:n tilikauden 2024\u20132025 tulos tappiollinen, mutta suunta on oikea"},"content":{"rendered":"<p>Jukurit HC Oy:n yhti\u00f6kokous pidettiin maanantaina 29.9.2025. Kokouksessa osakkeenomistajat vahvistivat tilinp\u00e4\u00e4t\u00f6ksen kaudelta 1.5.2024-30.4.2025.<\/p>\n<p>Jukurit HC Oy:n osakkeenomistajat vahvistivat tilinp\u00e4\u00e4t\u00f6ksen kaudelta 1.5.2024\u201330.4.2025 maanantaina 29.9.2025 pidetyss\u00e4 yhti\u00f6kokouksessa.<\/p>\n<p>Jukurit HC Oy:n tilikauden liikevaihto oli 4,67 miljoonaa euroa. Liikevaihto laski edellisvuoden 4,81 miljoonasta eurosta 140 000 euroa.  <\/p>\n<p>Jukurit HC Oy:n tilikauden liiketulos oli &#8211; 323 923 euroa, joka oli edellist\u00e4 tilikautta selv\u00e4sti parempi (\u2013 709 595 euroa). <\/p>\n<p>Tilikauden tulos tilinp\u00e4\u00e4t\u00f6ssiirtojen ja verojen j\u00e4lkeen oli &#8211; 414 530 euroa, ollen edellist\u00e4 tilikautta heikompi (- 342 008 euroa). Edellisell\u00e4 tilikaudella tulosta paransivat merkitt\u00e4v\u00e4sti kertaluonteiset rahoitustuotot ja konserniavustus.<\/p>\n<p>\u2013 Taloudellinen tulos ei ole tavoitteen mukainen. Tilikauden tappiollista tulosta rasittivat odotettua heikompi urheilullinen menestys, yleis\u00f6tavoitteesta j\u00e4\u00e4minen, valmentajavaihdos kesken kauden ja runsaiden loukkaantumisten vaikutus pelaajakuluihin. Tilikauden onnistumisiksi pit\u00e4\u00e4 laskea yritysmyynnin kasvu ja liiketoiminnan kulujen tehostaminen, toteaa Jukurien toimitusjohtaja Tero Kumela.<\/p>\n<p>Koska Jukurit HC Oy ei laadi konsernitilinp\u00e4\u00e4t\u00f6st\u00e4, puuttuu edell\u00e4 mainituista luvuista Jukurit HC Oy:n tyt\u00e4ryhti\u00f6n Kalevankankaan Areena Oy:n liikevaihto ja tulos.<\/p>\n<p>Jukureissa jo toissa tilikaudella aloitetut tehostamistoimet talouden tervehdytt\u00e4miseksi ovat toimineet ja seuran suunta taloudellisesti on nyt oikea. Tekemist\u00e4 kuitenkin riitt\u00e4\u00e4 edelleen taloudellisen tilanteen kohentamiseksi. Liiketoiminnan kasvua haetaan muun muassa uusien tapahtumakonseptien my\u00f6t\u00e4. T\u00e4st\u00e4 esimerkkin\u00e4 15 vuoden tauon j\u00e4lkeen kiekkokalenteriin palannut Marski Cup ja perjantaina 12. joulukuuta 2025 Let&#8217;s Go Areenalla j\u00e4rjestett\u00e4v\u00e4 Etel\u00e4-Savon suurin pikkujoulutapahtuma \u2013 BIGkujoulut.<\/p>\n<p>Taloudellisesti tavoitteena on nollatulos kaudella 2025-2026, mit\u00e4 tavoitellaan maltillisella liikevaihdon kasvulla sek\u00e4 kustannuss\u00e4\u00e4st\u00f6ill\u00e4.  <\/p>\n<p>&#8211; Nollatuloksen saavuttaminen SM-liigan selv\u00e4sti pienimm\u00e4ll\u00e4 talousalueella on kunniahimoinen tavoite, mutta kaiken onnistuessa ja koko yhteis\u00f6n tuella teht\u00e4viss\u00e4, arvioi Kumela. <\/p>\n<p>Maanantaina pidetyss\u00e4 yhti\u00f6kokouksessa p\u00e4\u00e4tettiin, ett\u00e4 nykyisest\u00e4 hallituksesta jatkavat Juhana Tikka, Ari Pohjola, Jarkko Kettunen, Perttu Ahvenainen ja Tero Palosaari. Ty\u00f6n per\u00e4ss\u00e4 Kuopioon muuttaneen Harri Mattisen tilalle hallitukseen valittiin m\u00e4ntyharjulainen Esko Poutanen.<\/p>\n<p>Jukurit jatkaa ty\u00f6t\u00e4\u00e4n vahvistaakseen asemaansa koko Etel\u00e4-Savon alueen vetovoimatekij\u00e4n\u00e4 ja yhteis\u00f6llisen\u00e4 urheilutoimijana. Tavoitteena on parantaa urheilullista kilpailukyky\u00e4, kasvattaa yleis\u00f6m\u00e4\u00e4ri\u00e4 ja vahvistaa Jukurien taloutta kest\u00e4v\u00e4lle pohjalle.<\/p>\n<p>Viime kaudella Jukurit toteutti osakeannin seuran omistuspohjan laajentamiseksi. Omistusrakenteen vahvistamista jatketaan t\u00e4ll\u00e4 tilikaudella. Tavoitteena on tuoda seuran p\u00e4\u00e4omistajiksi mukaan uusia sijoittajia ja ker\u00e4t\u00e4 t\u00e4t\u00e4 kautta ensimm\u00e4isess\u00e4 vaiheessa 500 000 euroa lis\u00e4rahoitusta. <\/p>\n<p>Lis\u00e4ksi Jukurit aloittaa my\u00f6hemmin syksyll\u00e4 erityisesti faneja ajatellen toteutetun osakeannin. Annin kautta jokaisella on mahdollisuus olla mukana rakentamassa ja vahvistamassa Jukurien tulevaisuutta.<\/p>\n<p> &#8211; Nyt toteutettava osakeanti on tarkoitettu t\u00e4ydent\u00e4m\u00e4\u00e4n viime vuoden antia. Matalampi minimimerkint\u00e4 mahdollistaa toivottavasti kaikille halukkaille l\u00e4htemisen mukaan omistamaan ja tukemaan Jukureita.<\/p>\n<p>Jukurit kiitt\u00e4\u00e4 kaikkia kannattajiaan, kausikorttilaisia sek\u00e4 yhteisty\u00f6kumppaneitaan tuesta kohti yhteisi\u00e4 tavoitteita.<\/p>\n<p>Lis\u00e4tietoja: <\/p>\n<p>Tero Kumela<br \/>p. +358 40 079 2239<br \/>Jukurit HC Oy:n toimitusjohtaja<\/p>\n<p>Juhana Tikka<br \/>p. +358 44 758 2321<br \/>Jukurit HC Oy:n puheenjohtaja<\/p>\n","protected":false},"excerpt":{"rendered":"Jukurit HC Oy:n yhti\u00f6kokous pidettiin maanantaina 29.9.2025. Kokouksessa osakkeenomistajat vahvistivat tilinp\u00e4\u00e4t\u00f6ksen kaudelta 1.5.2024-30.4.2025. Jukurit HC Oy:n osakkeenomistajat vahvistivat&hellip;\n","protected":false},"author":2,"featured_media":48807,"comment_status":"","ping_status":"","sticky":false,"template":"","format":"standard","meta":{"footnotes":""},"categories":[5],"tags":[22,23,26,27,33,31,30,17,24,25,28,29,15,18,21,32,19,20,16],"class_list":{"0":"post-48806","1":"post","2":"type-post","3":"status-publish","4":"format-standard","5":"has-post-thumbnail","7":"category-otsikot","8":"tag-breaking-news","9":"tag-breakingnews","10":"tag-featured-news","11":"tag-featurednews","12":"tag-fi","13":"tag-finland","14":"tag-finnish","15":"tag-headlines","16":"tag-latest-news","17":"tag-latestnews","18":"tag-main-news","19":"tag-mainnews","20":"tag-news","21":"tag-otsikot","22":"tag-paauutiset","23":"tag-suomi","24":"tag-top-stories","25":"tag-topstories","26":"tag-uutiset"},"share_on_mastodon":{"url":"","error":""},"_links":{"self":[{"href":"https:\/\/www.europesays.com\/fi\/wp-json\/wp\/v2\/posts\/48806","targetHints":{"allow":["GET"]}}],"collection":[{"href":"https:\/\/www.europesays.com\/fi\/wp-json\/wp\/v2\/posts"}],"about":[{"href":"https:\/\/www.europesays.com\/fi\/wp-json\/wp\/v2\/types\/post"}],"author":[{"embeddable":true,"href":"https:\/\/www.europesays.com\/fi\/wp-json\/wp\/v2\/users\/2"}],"replies":[{"embeddable":true,"href":"https:\/\/www.europesays.com\/fi\/wp-json\/wp\/v2\/comments?post=48806"}],"version-history":[{"count":0,"href":"https:\/\/www.europesays.com\/fi\/wp-json\/wp\/v2\/posts\/48806\/revisions"}],"wp:featuredmedia":[{"embeddable":true,"href":"https:\/\/www.europesays.com\/fi\/wp-json\/wp\/v2\/media\/48807"}],"wp:attachment":[{"href":"https:\/\/www.europesays.com\/fi\/wp-json\/wp\/v2\/media?parent=48806"}],"wp:term":[{"taxonomy":"category","embeddable":true,"href":"https:\/\/www.europesays.com\/fi\/wp-json\/wp\/v2\/categories?post=48806"},{"taxonomy":"post_tag","embeddable":true,"href":"https:\/\/www.europesays.com\/fi\/wp-json\/wp\/v2\/tags?post=48806"}],"curies":[{"name":"wp","href":"https:\/\/api.w.org\/{rel}","templated":true}]}}