{"id":48881,"date":"2025-09-29T19:49:09","date_gmt":"2025-09-29T19:49:09","guid":{"rendered":"https:\/\/www.europesays.com\/fi\/48881\/"},"modified":"2025-09-29T19:49:09","modified_gmt":"2025-09-29T19:49:09","slug":"aiti-yllatti-miehen-ja-lapsen-pimeassa-huoneessa-vuosia-myohemmin-karmea-totuus-paljastui","status":"publish","type":"post","link":"https:\/\/www.europesays.com\/fi\/48881\/","title":{"rendered":"\u00c4iti yll\u00e4tti miehen ja lapsen pime\u00e4ss\u00e4 huoneessa \u2013 Vuosia my\u00f6hemmin karmea totuus paljastui"},"content":{"rendered":"<p>Mies meni kesken illanvieton pienen pojan huoneeseen ja laittoi synk\u00e4n videon py\u00f6rim\u00e4\u00e4n.<\/p>\n<p><img decoding=\"async\" class=\"image image-show image-preview\" src=\"https:\/\/www.europesays.com\/fi\/wp-content\/uploads\/2025\/09\/ef664f0b3fc9c570c33c006246f458e5c9168bf45d3a38d94ecf3087baf41dc4.jpg\" alt=\"\"\/><img decoding=\"async\" class=\"image image-show\" src=\"https:\/\/www.europesays.com\/fi\/wp-content\/uploads\/2025\/09\/1758595148_244_ef664f0b3fc9c570c33c006246f458e5c9168bf45d3a38d94ecf3087baf41dc4.jpg\" alt=\"\"\/><\/p>\n<p>Mies tuomittiin muutaman kuukauden ehdolliseen vankeusrangaistukseen. Kuvituskuva. Inka Soveri<\/p>\n<ul>\n<li>45-vuotias mies tuomittiin nelj\u00e4n kuukauden ehdolliseen vankeuteen 9\u201310-vuotiaan naapurinpojan seksuaalisesta hyv\u00e4ksik\u00e4yt\u00f6st\u00e4.<\/li>\n<li>Mies n\u00e4ytti lapselle pornoa kahdesti.<\/li>\n<li>Pojan mukaan toiseen tilanteeseen liittyi sukupuoliyhteys. T\u00e4m\u00e4 osa syytteest\u00e4 hyl\u00e4ttiin n\u00e4yt\u00f6n puutteessa.<\/li>\n<\/ul>\n<p class=\"paragraph\">Nyky\u00e4\u00e4n 45-vuotias mies hyv\u00e4ksik\u00e4ytti 9\u201310-vuotiasta naapurinpoikaa. Mies tuomittiin rikoksesta nelj\u00e4n kuukauden ehdolliseen vankeuteen.<\/p>\n<p class=\"paragraph\">Yl\u00e4kerrassa asunut mies oli seurustellut ennen tekoja samassa talossa asuneen uhrin \u00e4idin kanssa. H\u00e4n vieraili edelleen s\u00e4\u00e4nn\u00f6llisesti naisen ja lapsen luona alakerrassa.<\/p>\n<p class=\"paragraph\">Kertomansa mukaan poika oli viett\u00e4nyt miehen kanssa aikaa kahdestaan kolme kertaa. Ensimm\u00e4isell\u00e4 kerralla mies oli n\u00e4ytt\u00e4nyt lapselle televisioon kytkem\u00e4lt\u00e4\u00e4n l\u00e4pp\u00e4rilt\u00e4 pornoa. Lapsi ei ollut aiemmin joutunut moista materiaalia katsomaan.<\/p>\n<p>\u00c4iti yll\u00e4tti<\/p>\n<p class=\"paragraph\">Vakavin tapaus sattui my\u00f6hemmin, kun mies oli viett\u00e4m\u00e4ss\u00e4 iltaa pojan \u00e4idin ja t\u00e4m\u00e4n uuden miesyst\u00e4v\u00e4n kanssa. Jossain vaiheessa mies oli mennyt pojan huoneeseen.<\/p>\n<p class=\"paragraph\">S\u00e4kkituolilla pime\u00e4ss\u00e4 huoneessa maannut poika oli menossa nukkumaan, kun mies rupesi katsomaan pojan tietokoneelta pornoa.<\/p>\n<p class=\"paragraph\">Pojan mukaan mies oli t\u00e4m\u00e4n j\u00e4lkeen mennyt pojan luokse, riisunut h\u00e4nen housunsa ja ottanut h\u00e4nen sukuelimens\u00e4 suuhunsa.<\/p>\n<p class=\"paragraph\">Kesken kaiken pojan \u00e4iti koputti ovelle. Mies per\u00e4\u00e4ntyi. Poika peitti itsens\u00e4 peitolla ja esitti nukkuvaa.<\/p>\n<p class=\"paragraph\">\u00c4idin ep\u00e4ilykset her\u00e4siv\u00e4t. H\u00e4n tarkasti seuraavana aamuna pojan selaushistorian, joka vahvisti ep\u00e4ilykset, ett\u00e4 mies ja poika olivat katsoneet yhdess\u00e4 pornoa. Poika ei halunnut puhua tapahtuneesta \u00e4idilleen.<\/p>\n<p class=\"paragraph\">My\u00f6hemmin \u00e4iti totesi pojalle, ettei h\u00e4nen ole en\u00e4\u00e4 hyv\u00e4 viett\u00e4\u00e4 aikaa miehen kanssa. H\u00e4n kertoi pojalle ep\u00e4ilev\u00e4ns\u00e4 vahvasti, ett\u00e4 pojan huoneessa oli tapahtunut jotain, mutta poika kiisti kaiken.<\/p>\n<p>My\u00f6nsi n\u00e4ytt\u00e4neens\u00e4 pornoa<\/p>\n<p class=\"paragraph\">Poika avautui tapahtumista \u00e4idilleen vasta vuosia my\u00f6hemmin. Rikos tapahtui vuonna 2011.<\/p>\n<p class=\"paragraph\">Koska teko tuli viranomaisten tietoon viiveell\u00e4, siihen sovellettiin tekoaikana voimassa olevaa lains\u00e4\u00e4d\u00e4nt\u00f6\u00e4. Nykylain mukaan mies olisi saanut pojan kertomuksen perusteella syytteen lapsenraiskauksesta.<\/p>\n<p class=\"paragraph\">Mies kiisti k\u00e4r\u00e4jill\u00e4 kaiken muun paitsi pornon n\u00e4ytt\u00e4misen. H\u00e4n kertoi n\u00e4ytt\u00e4neens\u00e4 lapselle muutaman sekunnin p\u00e4tk\u00e4n pornoa ja v\u00e4itti, ettei t\u00e4ss\u00e4 ollut mit\u00e4\u00e4n seksuaalista.<\/p>\n<p>Sukupuoliyhteys n\u00e4ytt\u00e4m\u00e4tt\u00e4<\/p>\n<p class=\"paragraph\">Syytt\u00e4j\u00e4 haki miehelle rangaistusta t\u00f6rke\u00e4st\u00e4 lapsen seksuaalisesta hyv\u00e4ksik\u00e4yt\u00f6st\u00e4. Helsingin k\u00e4r\u00e4j\u00e4oikeus kuitenkin katsoi, ett\u00e4 teko t\u00e4ytti vain perusmuotoisen rikoksen tunnusmerkist\u00f6n.<\/p>\n<p class=\"paragraph\">K\u00e4r\u00e4j\u00e4oikeus hylk\u00e4si syytteen sukupuoliyhteyden osalta n\u00e4yt\u00f6n puutteessa. \u00c4iti ei ollut huoneeseen tullessaan havainnut t\u00e4t\u00e4. Oikeus ei pit\u00e4nyt uskottavana, ett\u00e4 asia olisi j\u00e4\u00e4nyt n\u00e4iss\u00e4 olosuhteissa huomaamatta.<\/p>\n<p class=\"paragraph\">Tuomio tuli lopulta pelk\u00e4st\u00e4\u00e4n pornon n\u00e4ytt\u00e4misest\u00e4 lapselle. Mies n\u00e4ytti lapselle t\u00e4m\u00e4n ik\u00e4\u00e4n sopimatonta materiaalia kaksi kertaa. K\u00e4r\u00e4j\u00e4oikeus katsoi, ett\u00e4 mies tavoitteli teoillaan seksuaalista kiihottumista.<\/p>\n<p class=\"paragraph\">Ehdollisen tuomionsa lis\u00e4ksi mies m\u00e4\u00e4r\u00e4ttiin maksamaan uhrilleen 1500 euroa aiheuttamastaan k\u00e4rsimyksest\u00e4. Mies valitti tuomiostaan hovioikeuteen, joka ei my\u00f6nt\u00e4nyt jatkok\u00e4sittelylupaa. K\u00e4r\u00e4j\u00e4tuomio j\u00e4\u00e4 siis voimaan.<\/p>\n","protected":false},"excerpt":{"rendered":"Mies meni kesken illanvieton pienen pojan huoneeseen ja laittoi synk\u00e4n videon py\u00f6rim\u00e4\u00e4n. Mies tuomittiin muutaman kuukauden ehdolliseen vankeusrangaistukseen.&hellip;\n","protected":false},"author":2,"featured_media":42711,"comment_status":"","ping_status":"","sticky":false,"template":"","format":"standard","meta":{"footnotes":""},"categories":[12],"tags":[35,22,23,26,27,33,31,30,17,101,99,100,24,25,28,29,15,18,21,98,875,32,19,20,16],"class_list":{"0":"post-48881","1":"post","2":"type-post","3":"status-publish","4":"format-standard","5":"has-post-thumbnail","7":"category-suomi","8":"tag-24h","9":"tag-breaking-news","10":"tag-breakingnews","11":"tag-featured-news","12":"tag-featurednews","13":"tag-fi","14":"tag-finland","15":"tag-finnish","16":"tag-headlines","17":"tag-ihmissuhteet","18":"tag-lapset","19":"tag-lapset-ja-nuoret","20":"tag-latest-news","21":"tag-latestnews","22":"tag-main-news","23":"tag-mainnews","24":"tag-news","25":"tag-otsikot","26":"tag-paauutiset","27":"tag-perhe","28":"tag-seksi","29":"tag-suomi","30":"tag-top-stories","31":"tag-topstories","32":"tag-uutiset"},"share_on_mastodon":{"url":"","error":""},"_links":{"self":[{"href":"https:\/\/www.europesays.com\/fi\/wp-json\/wp\/v2\/posts\/48881","targetHints":{"allow":["GET"]}}],"collection":[{"href":"https:\/\/www.europesays.com\/fi\/wp-json\/wp\/v2\/posts"}],"about":[{"href":"https:\/\/www.europesays.com\/fi\/wp-json\/wp\/v2\/types\/post"}],"author":[{"embeddable":true,"href":"https:\/\/www.europesays.com\/fi\/wp-json\/wp\/v2\/users\/2"}],"replies":[{"embeddable":true,"href":"https:\/\/www.europesays.com\/fi\/wp-json\/wp\/v2\/comments?post=48881"}],"version-history":[{"count":0,"href":"https:\/\/www.europesays.com\/fi\/wp-json\/wp\/v2\/posts\/48881\/revisions"}],"wp:featuredmedia":[{"embeddable":true,"href":"https:\/\/www.europesays.com\/fi\/wp-json\/wp\/v2\/media\/42711"}],"wp:attachment":[{"href":"https:\/\/www.europesays.com\/fi\/wp-json\/wp\/v2\/media?parent=48881"}],"wp:term":[{"taxonomy":"category","embeddable":true,"href":"https:\/\/www.europesays.com\/fi\/wp-json\/wp\/v2\/categories?post=48881"},{"taxonomy":"post_tag","embeddable":true,"href":"https:\/\/www.europesays.com\/fi\/wp-json\/wp\/v2\/tags?post=48881"}],"curies":[{"name":"wp","href":"https:\/\/api.w.org\/{rel}","templated":true}]}}