{"id":48912,"date":"2025-09-29T20:40:07","date_gmt":"2025-09-29T20:40:07","guid":{"rendered":"https:\/\/www.europesays.com\/fi\/48912\/"},"modified":"2025-09-29T20:40:07","modified_gmt":"2025-09-29T20:40:07","slug":"brittilainen-lastenhoitaja-tuomittiin-kahdeksaksi-vuodeksi-vankeuteen-sadismista-paivakodissa","status":"publish","type":"post","link":"https:\/\/www.europesays.com\/fi\/48912\/","title":{"rendered":"Brittil\u00e4inen lastenhoitaja tuomittiin kahdeksaksi vuodeksi vankeuteen sadismista p\u00e4iv\u00e4kodissa"},"content":{"rendered":"<p>Brittihoitajan todettiin kohdelleen kaltoin 21:t\u00e4 pient\u00e4 lasta.<\/p>\n<p class=\"article-body mb-nof-24 px-nof-16\">Brittil\u00e4inen lastentarhan ty\u00f6ntekij\u00e4 on tuomittu kahdeksaksi vuodeksi vankeuteen, kun h\u00e4n oli kohdellut sadistisesti 21:t\u00e4 vauvaa kahdessa eri p\u00e4iv\u00e4kodissa lokakuun 2023 ja kes\u00e4kuun 2024 v\u00e4lisen\u00e4 aikana.<\/p>\n<p class=\"article-body mb-nof-24 px-nof-16\">Asiasta kertoi <a class=\"article-genericlink\" href=\"https:\/\/www.bbc.com\/news\/articles\/c30616ev66eo?at_medium=RSS&amp;at_campaign=rss\" rel=\"nofollow noopener\" target=\"_blank\">BBC<\/a>.<\/p>\n<p class=\"article-body mb-nof-24 px-nof-16\">Oikeus totesi 22-vuotiaan <a class=\"article-personlink\" href=\"https:\/\/www.is.fi\/haku\/?query=Roksana%20Leckan\" rel=\"nofollow noopener\" target=\"_blank\">Roksana Leckan<\/a> nipistelleen, l\u00e4im\u00e4ytelleen, ly\u00f6neen, potkineen, tukistaneen ja vet\u00e4neen korvista puolustuskyvytt\u00f6mi\u00e4 vauvoja. Lis\u00e4ksi Lecka oli kaatanut vauvoja p\u00e4\u00e4 edell\u00e4 pinnas\u00e4nkyihin sek\u00e4 aiheuttanut vauvoille mustelmia ja tahallisesti kipua.<\/p>\n<p class=\"article-body mb-nof-24 px-nof-16\">Nuorin vauva Leckan uhreista oli vain 10-kuukautinen.<\/p>\n<p class=\"article-body mb-nof-24 px-nof-16\">Syytt\u00e4j\u00e4n mukaan pahimmillaan Lecka nipisteli useita lapsia kymmeni\u00e4 kertoja yhden p\u00e4iv\u00e4n aikana.<\/p>\n<p class=\"article-body mb-nof-24 px-nof-16\">\u2013\u2009Syyllistyit useisiin tarpeettomiin v\u00e4kivaltaisuuksiin, tuomari <a class=\"article-personlink\" href=\"https:\/\/www.is.fi\/haku\/?query=Sarah%20Plaschkes\" rel=\"nofollow noopener\" target=\"_blank\">Sarah Plaschkes<\/a> sanoi Leckalle BBC:n mukaan.<\/p>\n<p class=\"article-body mb-nof-24 px-nof-16\">Leckan teot paljastuivat viime vuoden kes\u00e4kuussa, kun h\u00e4net oli l\u00e4hetetty Lounais-Lontoossa sijaitsevasta p\u00e4iv\u00e4kodista kotiin kesken ty\u00f6p\u00e4iv\u00e4n sen takia, ett\u00e4 h\u00e4n oli nipistellyt useita lapsia.<\/p>\n<p class=\"article-body mb-nof-24 px-nof-16\">\u2013\u2009N\u00e4m\u00e4 lapset olivat niin viattomia ja haavoittuvia. He eiv\u00e4t kyenneet puhumaan, he eiv\u00e4t kyenneet puolustautumaan, he eiv\u00e4t voineet kertoa meille vanhemmille, ett\u00e4 heille oli tapahtunut jotain. He olivat t\u00e4ysin avuttomia, kun Roksana k\u00e4vi heid\u00e4n kimppuunsa, er\u00e4s \u00e4iti sanoi oikeudessa.<\/p>\n","protected":false},"excerpt":{"rendered":"Brittihoitajan todettiin kohdelleen kaltoin 21:t\u00e4 pient\u00e4 lasta. Brittil\u00e4inen lastentarhan ty\u00f6ntekij\u00e4 on tuomittu kahdeksaksi vuodeksi vankeuteen, kun h\u00e4n oli&hellip;\n","protected":false},"author":2,"featured_media":48913,"comment_status":"","ping_status":"","sticky":false,"template":"","format":"standard","meta":{"footnotes":""},"categories":[14],"tags":[22,23,26,27,33,31,30,17,34,24,25,28,29,15,18,21,32,19,20,56,16,59,60,61],"class_list":{"0":"post-48912","1":"post","2":"type-post","3":"status-publish","4":"format-standard","5":"has-post-thumbnail","7":"category-ulkomaat","8":"tag-breaking-news","9":"tag-breakingnews","10":"tag-featured-news","11":"tag-featurednews","12":"tag-fi","13":"tag-finland","14":"tag-finnish","15":"tag-headlines","16":"tag-ilta-sanomat","17":"tag-latest-news","18":"tag-latestnews","19":"tag-main-news","20":"tag-mainnews","21":"tag-news","22":"tag-otsikot","23":"tag-paauutiset","24":"tag-suomi","25":"tag-top-stories","26":"tag-topstories","27":"tag-ulkomaat","28":"tag-uutiset","29":"tag-world","30":"tag-world-news","31":"tag-worldnews"},"share_on_mastodon":{"url":"","error":""},"_links":{"self":[{"href":"https:\/\/www.europesays.com\/fi\/wp-json\/wp\/v2\/posts\/48912","targetHints":{"allow":["GET"]}}],"collection":[{"href":"https:\/\/www.europesays.com\/fi\/wp-json\/wp\/v2\/posts"}],"about":[{"href":"https:\/\/www.europesays.com\/fi\/wp-json\/wp\/v2\/types\/post"}],"author":[{"embeddable":true,"href":"https:\/\/www.europesays.com\/fi\/wp-json\/wp\/v2\/users\/2"}],"replies":[{"embeddable":true,"href":"https:\/\/www.europesays.com\/fi\/wp-json\/wp\/v2\/comments?post=48912"}],"version-history":[{"count":0,"href":"https:\/\/www.europesays.com\/fi\/wp-json\/wp\/v2\/posts\/48912\/revisions"}],"wp:featuredmedia":[{"embeddable":true,"href":"https:\/\/www.europesays.com\/fi\/wp-json\/wp\/v2\/media\/48913"}],"wp:attachment":[{"href":"https:\/\/www.europesays.com\/fi\/wp-json\/wp\/v2\/media?parent=48912"}],"wp:term":[{"taxonomy":"category","embeddable":true,"href":"https:\/\/www.europesays.com\/fi\/wp-json\/wp\/v2\/categories?post=48912"},{"taxonomy":"post_tag","embeddable":true,"href":"https:\/\/www.europesays.com\/fi\/wp-json\/wp\/v2\/tags?post=48912"}],"curies":[{"name":"wp","href":"https:\/\/api.w.org\/{rel}","templated":true}]}}