{"id":48970,"date":"2025-09-29T22:20:11","date_gmt":"2025-09-29T22:20:11","guid":{"rendered":"https:\/\/www.europesays.com\/fi\/48970\/"},"modified":"2025-09-29T22:20:11","modified_gmt":"2025-09-29T22:20:11","slug":"asiantuntijat-kommentoivat-trumpin-tapaa-kayttaa-meikkia","status":"publish","type":"post","link":"https:\/\/www.europesays.com\/fi\/48970\/","title":{"rendered":"Asiantuntijat kommentoivat Trumpin tapaa k\u00e4ytt\u00e4\u00e4 meikki\u00e4"},"content":{"rendered":"<p>Asiantuntijat ovat sit\u00e4 mielt\u00e4, ett\u00e4 Trump sortuu ulkon\u00e4k\u00f6ns\u00e4 suhteen tavanomaisiin k\u00e4mmeihin.<\/p>\n<p>29.9. 18:30<\/p>\n<p class=\"article-body mb-nof-24 px-nof-16\">Monien huomio on kes\u00e4n ja syksyn mittaan kiinnittynyt presidentti Donald Trumpin k\u00e4teen.<\/p>\n<p class=\"article-body mb-nof-24 px-nof-16\">Jo pidemm\u00e4n aikaa Trumpin k\u00e4mmensel\u00e4ss\u00e4 on silloin t\u00e4ll\u00f6in n\u00e4hty suuri mustelma. Kenties enemm\u00e4n huomiota ovat kiinnitt\u00e4neet yritykset peitt\u00e4\u00e4 mustelmaa ilmiselv\u00e4ll\u00e4 meikkipeitteell\u00e4.<\/p>\n<p class=\"article-body mb-nof-24 px-nof-16\">Julkisuudenhenkil\u00f6iden kanssa ty\u00f6skentelev\u00e4 meikkitaiteilija<a class=\"article-personlink\" href=\"https:\/\/www.is.fi\/haku\/?query=%20Bryan%20Cantor\" rel=\"nofollow noopener\" target=\"_blank\"> Bryan Cantor<\/a> kommentoi <a class=\"article-genericlink\" href=\"https:\/\/www.huffpost.com\/entry\/a-makeup-artist-and-a-spray-tan-expert-offer-their-professional-opinion-on-what-exactly-is-happening-here-goog_l_68d5512de4b0ca9d88178080?origin=home-life-unit\" rel=\"nofollow noopener\" target=\"_blank\">Huffpost<\/a>-lehdelle, ettei k\u00e4siss\u00e4 olevien mustelmien tai muiden j\u00e4lkien peitt\u00e4minen peitevoiteella paikallisesti ole kannattavaa.<\/p>\n<p class=\"article-body mb-nof-24 px-nof-16\">\u2013 Jos ymp\u00e4r\u00f6iv\u00e4lle iholle ei tee mit\u00e4\u00e4n, lopputulos on aina huomiota her\u00e4tt\u00e4v\u00e4. Jos j\u00e4lki\u00e4 k\u00e4siss\u00e4 haluaa peitt\u00e4\u00e4, voi yritt\u00e4\u00e4 k\u00e4ytt\u00e4\u00e4 tahraamatonta ja levi\u00e4m\u00e4t\u00f6nt\u00e4 meikkivoidetta, joka on tarkoitettu keholle tai jaloille.<\/p>\n<p><img decoding=\"async\" src=\"https:\/\/www.europesays.com\/fi\/wp-content\/uploads\/2025\/09\/1759184411_899_468.jpg\" alt=\"\" class=\"_Img_tdqg8_1\" style=\"aspect-ratio:1.5011727912431587\" loading=\"eager\"\/><\/p>\n<p class=\"article-picture-caption\">Kuva:\u00a0AARON SCHWARTZ \/ POOL<\/p>\n<p><img decoding=\"async\" src=\"https:\/\/www.europesays.com\/fi\/wp-content\/uploads\/2025\/09\/1759184411_269_468.jpg\" alt=\"Trumpin k\u00e4mmenselk\u00e4\u00e4n on selv\u00e4sti k\u00e4ytetty jonkinlaista meikkituotetta.\" class=\"_Img_tdqg8_1\" style=\"aspect-ratio:1.5011727912431587\" loading=\"eager\"\/><\/p>\n<p class=\"article-picture-caption\">Trumpin k\u00e4mmenselk\u00e4\u00e4n on selv\u00e4sti k\u00e4ytetty jonkinlaista meikkituotetta. Kuva:\u00a0REUTERS\/Annabelle Gordon<\/p>\n<p><img decoding=\"async\" src=\"https:\/\/www.europesays.com\/fi\/wp-content\/uploads\/2025\/09\/1759184411_168_468.jpg\" alt=\"\" class=\"_Img_tdqg8_1\" style=\"aspect-ratio:1.5\" loading=\"eager\"\/><\/p>\n<p class=\"article-picture-caption\">Kuva:\u00a0REUTERS\/Brian Snyder<\/p>\n<p class=\"article-body mb-nof-24 px-nof-16\">Trumpin iho on vuosien mittaan kiinnitt\u00e4nyt huomiota muutenkin kuin vain k\u00e4sien osalta. H\u00e4nen ihoaan on luonnehdittu oranssiksi, mink\u00e4 on ajateltu johtuvan itseruskettavan k\u00e4yt\u00f6st\u00e4 sek\u00e4 aurinkopuuterista.<\/p>\n<p class=\"article-body mb-nof-24 px-nof-16\">Cantor painottaa, ett\u00e4 on t\u00e4rke\u00e4\u00e4 valita sopivan s\u00e4vyisi\u00e4 tuotteita pohjameikkiin. T\u00e4m\u00e4 ei ole Trumpin kohdalla h\u00e4nen mielest\u00e4\u00e4n onnistunut.<\/p>\n<p class=\"article-body mb-nof-24 px-nof-16\">\u2013 On selv\u00e4\u00e4, ett\u00e4 meikkivoide ei sovi yhteen h\u00e4nen pohjas\u00e4vyns\u00e4 kanssa, puhumattakaan ihonv\u00e4rist\u00e4, h\u00e4n toteaa katsoessaan Trumpin kuvaa.<\/p>\n<p class=\"article-body mb-nof-24 px-nof-16\">Itseruskettava-br\u00e4ndin omistaja <a class=\"article-personlink\" href=\"https:\/\/www.is.fi\/haku\/?query=Trina%20Eibon\" rel=\"nofollow noopener\" target=\"_blank\">Trina Eibon<\/a> kommentoi Huffpostille, ett\u00e4 my\u00f6s ep\u00e4onnistunut itseruskettavan k\u00e4ytt\u00f6 voi vaikuttaa siihen, miksi Trumpin iho vaikuttaa ep\u00e4tasaiselta.<\/p>\n<p class=\"article-body mb-nof-24 px-nof-16\">Eibon kertoo, ett\u00e4 kirkkaat valot ja kameroiden salamavalot voivat entisest\u00e4\u00e4n korostaa mokia itseruskettavan kanssa. Presidenttin\u00e4 Trump tietysti viett\u00e4\u00e4 kameroiden edess\u00e4 paljon aikaa.<\/p>\n<p class=\"article-body mb-nof-24 px-nof-16\">Cantor puolestaan kommentoi, ett\u00e4 koska kasvot, kaula ja rintakeh\u00e4 altistuvat eri m\u00e4\u00e4rille auringonvaloa, voi meikkivoiteen tai itseruskettavan s\u00e4vyn valitseminen olla vaikeaa. H\u00e4n suosittelee, ett\u00e4 kiintopiste pidet\u00e4\u00e4n v\u00e4ri\u00e4 valittaessa rintakeh\u00e4ss\u00e4.<\/p>\n<p class=\"article-body mb-nof-24 px-nof-16\">\u2013 Siihen sopivaa s\u00e4vy\u00e4 voi k\u00e4ytt\u00e4\u00e4 tasoittamaan kaikki kolme aluetta saman s\u00e4vyisiksi.<\/p>\n<p><img decoding=\"async\" src=\"https:\/\/www.europesays.com\/fi\/wp-content\/uploads\/2025\/09\/1759184411_596_468.jpg\" alt=\"Asiantuntijan mukaan salamavalot voivat korostaa sit\u00e4, ett\u00e4 meikki tai itseruskettava eiv\u00e4t n\u00e4yt\u00e4 tasaiselta.\" class=\"_Img_tdqg8_1\" style=\"aspect-ratio:1.4490566037735848\" loading=\"eager\"\/><\/p>\n<p class=\"article-picture-caption\">Asiantuntijan mukaan salamavalot voivat korostaa sit\u00e4, ett\u00e4 meikki tai itseruskettava eiv\u00e4t n\u00e4yt\u00e4 tasaiselta. Kuva:\u00a0Alexander Drago \/ Reuters<\/p>\n<p class=\"article-body mb-nof-24 px-nof-16\">Aiemmin mediassa on kiinnitetty huomiota my\u00f6s siihen, miten Trumpin ihon s\u00e4vy vaikuttaa vaihtelevan tilanteesta riippuen. Kuvatoimittaja <a class=\"article-personlink\" href=\"https:\/\/www.is.fi\/haku\/?query=Emily%20Elsie\" rel=\"nofollow noopener\" target=\"_blank\">Emily Elsie<\/a> teki vuonna 2024 asiasta mielenkiintoisen havainnon.<\/p>\n<p class=\"article-body mb-nof-24 px-nof-16\">\u2013 Mit\u00e4 stressaantuneempi h\u00e4n on, sit\u00e4 enemm\u00e4n meikki\u00e4, h\u00e4n tiivist\u00e4\u00e4.<\/p>\n<p class=\"article-body mb-nof-24 px-nof-16\">\u2013 Kun Trump astui valtaan vuonna 2017, h\u00e4n oli huomattavasti v\u00e4hemm\u00e4n oranssi. Mit\u00e4 pidemp\u00e4\u00e4n h\u00e4nen kautensa kesti, sit\u00e4 enemm\u00e4n aurinkopuuteria h\u00e4n laittoi, Elsie kirjoitti sosiaalisessa mediassa.<\/p>\n<p class=\"article-body mb-nof-24 px-nof-16\">Sama kaava on Elsien mukaan ollut n\u00e4ht\u00e4viss\u00e4 my\u00f6s tuoreemmissa tapauksissa, esimerkiksi vuoden 2024 presidentinvaaleissa.<\/p>\n<p class=\"article-body mb-nof-24 px-nof-16\">\u2013 Kun Trumpin suosio kasvoi ja voitto oli varma, aurinkopuuteri oli poissa.<\/p>\n","protected":false},"excerpt":{"rendered":"Asiantuntijat ovat sit\u00e4 mielt\u00e4, ett\u00e4 Trump sortuu ulkon\u00e4k\u00f6ns\u00e4 suhteen tavanomaisiin k\u00e4mmeihin. 29.9. 18:30 Monien huomio on kes\u00e4n ja&hellip;\n","protected":false},"author":2,"featured_media":48971,"comment_status":"","ping_status":"","sticky":false,"template":"","format":"standard","meta":{"footnotes":""},"categories":[130],"tags":[137,33,31,30,34,32,109],"class_list":{"0":"post-48970","1":"post","2":"type-post","3":"status-publish","4":"format-standard","5":"has-post-thumbnail","7":"category-viihde","8":"tag-entertainment","9":"tag-fi","10":"tag-finland","11":"tag-finnish","12":"tag-ilta-sanomat","13":"tag-suomi","14":"tag-viihde"},"share_on_mastodon":{"url":"","error":""},"_links":{"self":[{"href":"https:\/\/www.europesays.com\/fi\/wp-json\/wp\/v2\/posts\/48970","targetHints":{"allow":["GET"]}}],"collection":[{"href":"https:\/\/www.europesays.com\/fi\/wp-json\/wp\/v2\/posts"}],"about":[{"href":"https:\/\/www.europesays.com\/fi\/wp-json\/wp\/v2\/types\/post"}],"author":[{"embeddable":true,"href":"https:\/\/www.europesays.com\/fi\/wp-json\/wp\/v2\/users\/2"}],"replies":[{"embeddable":true,"href":"https:\/\/www.europesays.com\/fi\/wp-json\/wp\/v2\/comments?post=48970"}],"version-history":[{"count":0,"href":"https:\/\/www.europesays.com\/fi\/wp-json\/wp\/v2\/posts\/48970\/revisions"}],"wp:featuredmedia":[{"embeddable":true,"href":"https:\/\/www.europesays.com\/fi\/wp-json\/wp\/v2\/media\/48971"}],"wp:attachment":[{"href":"https:\/\/www.europesays.com\/fi\/wp-json\/wp\/v2\/media?parent=48970"}],"wp:term":[{"taxonomy":"category","embeddable":true,"href":"https:\/\/www.europesays.com\/fi\/wp-json\/wp\/v2\/categories?post=48970"},{"taxonomy":"post_tag","embeddable":true,"href":"https:\/\/www.europesays.com\/fi\/wp-json\/wp\/v2\/tags?post=48970"}],"curies":[{"name":"wp","href":"https:\/\/api.w.org\/{rel}","templated":true}]}}