{"id":49021,"date":"2025-09-29T23:43:11","date_gmt":"2025-09-29T23:43:11","guid":{"rendered":"https:\/\/www.europesays.com\/fi\/49021\/"},"modified":"2025-09-29T23:43:11","modified_gmt":"2025-09-29T23:43:11","slug":"hsn-pikatestissa-hummus-house-street-style","status":"publish","type":"post","link":"https:\/\/www.europesays.com\/fi\/49021\/","title":{"rendered":"HS:n pikatestiss\u00e4 Hummus House Street Style"},"content":{"rendered":"<p>Pikatesti|Redin kauppakeskuksen ravintola-alueella avasi elokuussa Hummus House Street Style.<\/p>\n<p>29.9. 19:00<\/p>\n<p class=\"article-body mb-nof-24 px-nof-16\">Klassisen berliinil\u00e4isen katuruuan voi karkeasti jakaa kahteen kategoriaan: d\u00f6nerit ja falafelit.<\/p>\n<p class=\"article-body mb-nof-24 px-nof-16\">Helsingist\u00e4 on jo tovin saanut d\u00f6nereit\u00e4, jotka tuovat mieleen Kreuzbergin nuhjuisten katujen pikaruokakioskit, jos oikein puree hammasta ja k\u00e4ytt\u00e4\u00e4 mielikuvitustaan.<\/p>\n<p class=\"article-body mb-nof-24 px-nof-16\">Mutta mist\u00e4 Helsingist\u00e4 saisi berliinim\u00e4isen falafel-annoksen?<\/p>\n","protected":false},"excerpt":{"rendered":"Pikatesti|Redin kauppakeskuksen ravintola-alueella avasi elokuussa Hummus House Street Style. 29.9. 19:00 Klassisen berliinil\u00e4isen katuruuan voi karkeasti jakaa kahteen&hellip;\n","protected":false},"author":2,"featured_media":49022,"comment_status":"","ping_status":"","sticky":false,"template":"","format":"standard","meta":{"footnotes":""},"categories":[12],"tags":[22,23,26,27,33,31,30,17,46,24,25,28,29,15,18,21,32,19,20,16],"class_list":{"0":"post-49021","1":"post","2":"type-post","3":"status-publish","4":"format-standard","5":"has-post-thumbnail","7":"category-suomi","8":"tag-breaking-news","9":"tag-breakingnews","10":"tag-featured-news","11":"tag-featurednews","12":"tag-fi","13":"tag-finland","14":"tag-finnish","15":"tag-headlines","16":"tag-helsingin-sanomat","17":"tag-latest-news","18":"tag-latestnews","19":"tag-main-news","20":"tag-mainnews","21":"tag-news","22":"tag-otsikot","23":"tag-paauutiset","24":"tag-suomi","25":"tag-top-stories","26":"tag-topstories","27":"tag-uutiset"},"share_on_mastodon":{"url":"","error":""},"_links":{"self":[{"href":"https:\/\/www.europesays.com\/fi\/wp-json\/wp\/v2\/posts\/49021","targetHints":{"allow":["GET"]}}],"collection":[{"href":"https:\/\/www.europesays.com\/fi\/wp-json\/wp\/v2\/posts"}],"about":[{"href":"https:\/\/www.europesays.com\/fi\/wp-json\/wp\/v2\/types\/post"}],"author":[{"embeddable":true,"href":"https:\/\/www.europesays.com\/fi\/wp-json\/wp\/v2\/users\/2"}],"replies":[{"embeddable":true,"href":"https:\/\/www.europesays.com\/fi\/wp-json\/wp\/v2\/comments?post=49021"}],"version-history":[{"count":0,"href":"https:\/\/www.europesays.com\/fi\/wp-json\/wp\/v2\/posts\/49021\/revisions"}],"wp:featuredmedia":[{"embeddable":true,"href":"https:\/\/www.europesays.com\/fi\/wp-json\/wp\/v2\/media\/49022"}],"wp:attachment":[{"href":"https:\/\/www.europesays.com\/fi\/wp-json\/wp\/v2\/media?parent=49021"}],"wp:term":[{"taxonomy":"category","embeddable":true,"href":"https:\/\/www.europesays.com\/fi\/wp-json\/wp\/v2\/categories?post=49021"},{"taxonomy":"post_tag","embeddable":true,"href":"https:\/\/www.europesays.com\/fi\/wp-json\/wp\/v2\/tags?post=49021"}],"curies":[{"name":"wp","href":"https:\/\/api.w.org\/{rel}","templated":true}]}}