{"id":49041,"date":"2025-09-30T00:22:11","date_gmt":"2025-09-30T00:22:11","guid":{"rendered":"https:\/\/www.europesays.com\/fi\/49041\/"},"modified":"2025-09-30T00:22:11","modified_gmt":"2025-09-30T00:22:11","slug":"seiska-karla-karmala-puhuu-oikeudenkaynnistaan","status":"publish","type":"post","link":"https:\/\/www.europesays.com\/fi\/49041\/","title":{"rendered":"Seiska: Karla Karmala puhuu oikeudenk\u00e4ynnist\u00e4\u00e4n"},"content":{"rendered":"<p>Tuomio sai Karmalan miettim\u00e4\u00e4n arvomaailmaansa.<\/p>\n<p>29.9. 7:43<\/p>\n<p class=\"article-body mb-nof-24 px-nof-16\">Sotilasrikoksista tuomittu <a class=\"article-personlink\" href=\"https:\/\/www.is.fi\/haku\/?query=Arja%20Korisevan\" rel=\"nofollow noopener\" target=\"_blank\">Arja Korisevan<\/a> tyt\u00e4r <a class=\"article-personlink\" href=\"https:\/\/www.is.fi\/haku\/?query=Karla%20Karmala\" rel=\"nofollow noopener\" target=\"_blank\">Karla Karmala<\/a>, 24, avaa tuntojaan oikeudenk\u00e4ynnin j\u00e4lkeen <a class=\"article-genericlink\" href=\"https:\/\/www.seiska.fi\/vain-seiskassa\/yllatysuutinen-nyt-puhuu-arja-korisevan-karla-tytar\/1934830\" rel=\"nofollow noopener\" target=\"_blank\">Seiskan<\/a> haastattelussa. H\u00e4n kertoo kes\u00e4n aikana tutkiskelleensa itse\u00e4\u00e4n ja omia arvojaan.<\/p>\n<p class=\"article-body mb-nof-24 px-nof-16\">\u2013 Nyt on ollut paljon aikaa katsoa peiliin ja pohtia, ett\u00e4 millainen ihminen haluan olla ja mitk\u00e4 ovat itselleni t\u00e4rkeit\u00e4 asioita, Karmala kertoo lehdelle.<\/p>\n<p class=\"article-body mb-nof-24 px-nof-16\">Karmala sanoo, ettei en\u00e4\u00e4 l\u00e4htisi suorittamaan vapaaehtoista asepalvelusta. H\u00e4n on my\u00f6s p\u00e4\u00e4tt\u00e4nyt vet\u00e4yty\u00e4 julkisuudesta ja politiikasta.<\/p>\n<p class=\"article-body mb-nof-24 px-nof-16\">\u2013 Olen kokenut arvoristiriitaa. Minulla ei ole en\u00e4\u00e4 mit\u00e4\u00e4n tarvetta olla julkisuudessa. Politiikka on tuonut aika paljon stressi\u00e4 ja vaikeuttanut tulevaisuuden haaveitani.<\/p>\n<p class=\"article-body mb-nof-24 px-nof-16\">\u2013 \u00c4idille ei ole mit\u00e4\u00e4n v\u00e4li\u00e4, olenko julkisuudessa vai en. H\u00e4n on aina tukenut minua my\u00f6s siin\u00e4 mieless\u00e4, ett\u00e4 olen saanut tehd\u00e4 omat p\u00e4\u00e4t\u00f6kseni. Ennen kuin edes astuin julkisuuteen, niin siit\u00e4 keskusteltiin paljon, Karmala sanoo Seiskalle.<\/p>\n<p class=\"article-body mb-nof-24 px-nof-16\">Huhtikuussa uutisoitiin, ett\u00e4 laulaja Arja Korisevan tytt\u00e4ren\u00e4 ja kuntavaaliehdokkaana tunnettu Karla Karmala syyllistyi rikoksiin toimiessaan Rannikkoprikaatissa varusmiesjohtajana.<\/p>\n<p class=\"article-body mb-nof-24 px-nof-16\">L\u00e4nsi-Uudenmaan k\u00e4r\u00e4j\u00e4oikeus tuomitsi Karmalan kolmesta esi\u00admies\u00adaseman v\u00e4\u00e4rink\u00e4ytt\u00e4misest\u00e4 60 p\u00e4iv\u00e4sakon suuruiseen rangaistukseen.<\/p>\n<p class=\"article-body mb-nof-24 px-nof-16\">Karmalan tuloilla maksettavaa kertyy 1\u202f080 euroa.<\/p>\n","protected":false},"excerpt":{"rendered":"Tuomio sai Karmalan miettim\u00e4\u00e4n arvomaailmaansa. 29.9. 7:43 Sotilasrikoksista tuomittu Arja Korisevan tyt\u00e4r Karla Karmala, 24, avaa tuntojaan oikeudenk\u00e4ynnin&hellip;\n","protected":false},"author":2,"featured_media":49042,"comment_status":"","ping_status":"","sticky":false,"template":"","format":"standard","meta":{"footnotes":""},"categories":[136],"tags":[407,137,33,31,30,34,408,32,109],"class_list":{"0":"post-49041","1":"post","2":"type-post","3":"status-publish","4":"format-standard","5":"has-post-thumbnail","7":"category-julkkikset","8":"tag-celebrities","9":"tag-entertainment","10":"tag-fi","11":"tag-finland","12":"tag-finnish","13":"tag-ilta-sanomat","14":"tag-julkkikset","15":"tag-suomi","16":"tag-viihde"},"share_on_mastodon":{"url":"","error":""},"_links":{"self":[{"href":"https:\/\/www.europesays.com\/fi\/wp-json\/wp\/v2\/posts\/49041","targetHints":{"allow":["GET"]}}],"collection":[{"href":"https:\/\/www.europesays.com\/fi\/wp-json\/wp\/v2\/posts"}],"about":[{"href":"https:\/\/www.europesays.com\/fi\/wp-json\/wp\/v2\/types\/post"}],"author":[{"embeddable":true,"href":"https:\/\/www.europesays.com\/fi\/wp-json\/wp\/v2\/users\/2"}],"replies":[{"embeddable":true,"href":"https:\/\/www.europesays.com\/fi\/wp-json\/wp\/v2\/comments?post=49041"}],"version-history":[{"count":0,"href":"https:\/\/www.europesays.com\/fi\/wp-json\/wp\/v2\/posts\/49041\/revisions"}],"wp:featuredmedia":[{"embeddable":true,"href":"https:\/\/www.europesays.com\/fi\/wp-json\/wp\/v2\/media\/49042"}],"wp:attachment":[{"href":"https:\/\/www.europesays.com\/fi\/wp-json\/wp\/v2\/media?parent=49041"}],"wp:term":[{"taxonomy":"category","embeddable":true,"href":"https:\/\/www.europesays.com\/fi\/wp-json\/wp\/v2\/categories?post=49041"},{"taxonomy":"post_tag","embeddable":true,"href":"https:\/\/www.europesays.com\/fi\/wp-json\/wp\/v2\/tags?post=49041"}],"curies":[{"name":"wp","href":"https:\/\/api.w.org\/{rel}","templated":true}]}}