{"id":49051,"date":"2025-09-30T00:34:10","date_gmt":"2025-09-30T00:34:10","guid":{"rendered":"https:\/\/www.europesays.com\/fi\/49051\/"},"modified":"2025-09-30T00:34:10","modified_gmt":"2025-09-30T00:34:10","slug":"jarmo-lindberg-arvioi-viron-ilmatilaloukkausten-ja-tanskan-droonihairinnan-poikkeuksellisuutta-erittain-vakavaa","status":"publish","type":"post","link":"https:\/\/www.europesays.com\/fi\/49051\/","title":{"rendered":"Jarmo Lindberg arvioi Viron ilmatilaloukkausten ja Tanskan droonih\u00e4irinn\u00e4n poikkeuksellisuutta: \u201dEritt\u00e4in vakavaa\u201d"},"content":{"rendered":"<p>Kansanedustaja ja kenraali evp. Jarmo Lindberg (kok) arvioi, ett\u00e4 ilmatilaloukkauksia ei voi kohdella yksitt\u00e4istapauksina.<\/p>\n<p>Virolaiset sanoivat, ett\u00e4 ilmatilaloukkaukset tuntuivat pelottavilta.Video: Johannes Hurmas \/ IS<\/p>\n<p>29.9. 20:00<\/p>\n<p>Lue tiivistelm\u00e4<\/p>\n<p>Tiivistelm\u00e4 on teko\u00e4lyn tekem\u00e4 ja ihmisen tarkistama.<\/p>\n<p class=\"article-body mb-nof-24 px-nof-16 sndp-summary-bullet-point-font\">Kansanedustaja ja entinen Puolustusvoimain komentaja Jarmo Lindberg arvioi ilmatilaloukkausten horjuttavan kansalaisten turvallisuudentunnetta.<\/p>\n<p class=\"article-body mb-nof-24 px-nof-16 sndp-summary-bullet-point-font\">Lindbergin mukaan loukkaukset ovat osa laajempaa hybridisodank\u00e4ynnin operaatiota, eik\u00e4 niit\u00e4 voi pit\u00e4\u00e4 yksitt\u00e4istapauksina.<\/p>\n<p class=\"article-body mb-nof-24 px-nof-16 sndp-summary-bullet-point-font\">Viron ilmatilassa lent\u00e4neet aseistetut h\u00e4vitt\u00e4j\u00e4t l\u00e4hell\u00e4 Tallinnaa ovat Lindbergin mielest\u00e4 eritt\u00e4in vakava tapaus.<\/p>\n<p class=\"article-body mb-nof-24 px-nof-16 sndp-summary-bullet-point-font\">Lindberg korostaa, ett\u00e4 ilmatilaloukkauksia ei ole koskaan kuitattu olankohautuksella, ja niihin reagoidaan aina valtiojohdossa.<\/p>\n<p class=\"article-body mb-nof-24 px-nof-16\">Kansanedustaja <a class=\"article-personlink\" href=\"https:\/\/www.is.fi\/haku\/?query=Jarmo%20Lindberg\" rel=\"nofollow noopener\" target=\"_blank\">Jarmo Lindberg<\/a> (kok) arvioi, ett\u00e4 ilmatilaloukkaukset ja droonih\u00e4irint\u00e4 ovat onnistuneet horjuttamaan kansalaisten turvallisuudentunnetta. H\u00e4nen mukaansa kyse on hybridisodank\u00e4ynnin keskeisest\u00e4 tavoitteesta.<\/p>\n<p class=\"article-body mb-nof-24 px-nof-16\">\u2013 No onko t\u00e4ss\u00e4 nyt onnistuttu, oli n\u00e4iden tapausten takana kuka tahansa? Eik\u00f6 vaikuta silt\u00e4, ett\u00e4 on onnistuttu? Lindberg pohtii.<\/p>\n<p class=\"article-body mb-nof-24 px-nof-16\">Lindberg on entinen Puolustusvoimain komentaja, joka on palvellut pitk\u00e4n uran Ilmavoimissa. H\u00e4n liitt\u00e4\u00e4 ilmatilaloukkaukset laajempaan kehityskulkuun Euroopassa ja It\u00e4merell\u00e4. H\u00e4nen mukaansa ei voida puhua yksitt\u00e4istapauksista.<\/p>\n<p><img decoding=\"async\" src=\"https:\/\/www.europesays.com\/fi\/wp-content\/uploads\/2025\/09\/1759192449_693_320.jpg\" alt=\"Jarmo Lindberg (kok) liitt\u00e4\u00e4 ilmatilaloukkaukset tapahtumiin It\u00e4merell\u00e4.\" class=\"_Img_tdqg8_1\" style=\"aspect-ratio:1\" loading=\"eager\"\/><\/p>\n<p class=\"article-picture-caption\">Jarmo Lindberg (kok) liitt\u00e4\u00e4 ilmatilaloukkaukset tapahtumiin It\u00e4merell\u00e4. Kuva:\u00a0Rio Gandara \/ HS<\/p>\n<p class=\"article-body mb-nof-24 px-nof-16\">\u2013 Jos ei ty\u00f6nnett\u00e4isi v\u00e4ke\u00e4 rajan yli, ei olisi satelliittinavigoinnin h\u00e4iri\u00f6it\u00e4, ei raahattaisi ankkureita merenpohjassa ja katkottaisi kaapeleita, niin sitten n\u00e4it\u00e4 voitaisiin kohdella yksitt\u00e4istapauksina. T\u00e4ll\u00e4 hetkell\u00e4 enemm\u00e4n ajatellaan, ett\u00e4 ovatko n\u00e4m\u00e4 osa jotain laajempaa operaatiota.<\/p>\n<p class=\"article-body mb-nof-24 px-nof-16\">Ven\u00e4j\u00e4 loukkasi toistuvasti Suomen ilmatilaa 2010-luvulla ja 2000-luvun alkuvuosina. Esimerkiksi vuonna 2014 ilmatilaloukkauksia oli viikon sis\u00e4\u00e4n kolme.<\/p>\n<p class=\"article-body mb-nof-24 px-nof-16\">Koko toimintaymp\u00e4rist\u00f6 on Lindbergin mukaan muuttunut Ukrainan sodan ja It\u00e4meren tapahtumien seurauksena. T\u00e4n\u00e4 vuonna ilmatilaa on loukattu kolmesti.<\/p>\n<p class=\"article-body mb-nof-24 px-nof-16\">\u2013 Ilmatilaloukkaukset tulevat ik\u00e4\u00e4n kuin lis\u00e4n\u00e4 siihen.<\/p>\n<p><img decoding=\"async\" src=\"https:\/\/images.sanoma-sndp.fi\/b90314e8169632e01ced3037f1ebc256.svg\" alt=\"\" class=\"_Img_tdqg8_1\" style=\"aspect-ratio:1.8466666666666667\" loading=\"eager\"\/><\/p>\n<p class=\"article-body mb-nof-24 px-nof-16\">Lindbergin mukaan poikkeuksellisia Viron ilmatilaloukkauksista tekee se, ett\u00e4 h\u00e4vitt\u00e4j\u00e4t olivat aseistettuja. Lis\u00e4ksi koneet lensiv\u00e4t hyvin l\u00e4helt\u00e4 Viron p\u00e4\u00e4kaupunkia Tallinnaa.<\/p>\n<p class=\"article-body mb-nof-24 px-nof-16\">Kolme h\u00e4vitt\u00e4j\u00e4\u00e4 lensi 12 minuuttia Viron ilmatilassa.<\/p>\n<p class=\"article-body mb-nof-24 px-nof-16\">Lindberg muistuttaa, ett\u00e4 h\u00e4vitt\u00e4jien normaali nopeus on noin 900 kilometri\u00e4 tunnissa. Se tarkoittaa, ett\u00e4 Suomenlahden yli Helsingist\u00e4 Tallinnaan lent\u00e4isi nelj\u00e4ss\u00e4 minuutissa.<\/p>\n<p class=\"article-body mb-nof-24 px-nof-16\">\u2013 Se tarkoittaa sit\u00e4, ett\u00e4 heid\u00e4n olisi tarvinnut kaartaa kuin hieman etel\u00e4\u00e4n, niin he olisivat olleet minuutissa Tallinnan yl\u00e4puolella. Se on tietysti eritt\u00e4in vakavaa.<\/p>\n<p><img decoding=\"async\" src=\"https:\/\/www.europesays.com\/fi\/wp-content\/uploads\/2025\/09\/1759192449_917_468.jpg\" alt=\"K\u00f6\u00f6penhaminan lentokentt\u00e4 suljettiin droonihavaintojen takia viime viikon maanantaina.\" class=\"_Img_tdqg8_1\" style=\"aspect-ratio:1.7777777777777777\" loading=\"eager\"\/><\/p>\n<p class=\"article-picture-caption\">K\u00f6\u00f6penhaminan lentokentt\u00e4 suljettiin droonihavaintojen takia viime viikon maanantaina. Kuva:\u00a0Steven Knap \/ Lehtikuva<\/p>\n<p class=\"article-body mb-nof-24 px-nof-16\">Viro aktivoi Naton nelj\u00e4nnen artiklan ilmatilaloukkausten takia. Naton neuvosto ja YK:n turvallisuusneuvosto keskustelivat ilmatilaloukkauksista viime viikolla. Puolan ilmatilassa n\u00e4hdyt lennokit ja Tanskan lentokenttien h\u00e4irint\u00e4 ovat Lindbergin mielest\u00e4 osa samaa kokonaisuutta.<\/p>\n<p class=\"article-body mb-nof-24 px-nof-16\">Ven\u00e4j\u00e4 on kiist\u00e4nyt osallisuutensa. Lindberg muistuttaa, ett\u00e4 my\u00f6s Viron koneista on tarkat kuvat ja lentoreitit ovat tiedossa. Puolassa ja Tanskassa osa lennokeista ja drooneista oli j\u00e4re\u00e4\u00e4 kalustoa, mik\u00e4 Lindbergin mukaan viittaa valtiolliseen toimijaan.<\/p>\n<p class=\"article-body mb-nof-24 px-nof-16\">\u2013 Voi ajatella, ett\u00e4 ehk\u00e4 eiv\u00e4t olleet ihan teinipojat kiusaa tekem\u00e4ss\u00e4.<\/p>\n<p class=\"article-body mb-nof-24 px-nof-16\">Lindberg toteaa, ett\u00e4 nyt drooneihin suhtaudutaan my\u00f6s aiempaa valppaammin. H\u00e4n viittaa Tanskan p\u00e4\u00e4t\u00f6kseen kielt\u00e4\u00e4 lennokkien lenn\u00e4tt\u00e4minen siviileilt\u00e4 viideksi p\u00e4iv\u00e4ksi. Lindberg pit\u00e4\u00e4 vakavaa vastausta hyv\u00e4n\u00e4 asiana.<\/p>\n<p class=\"article-body mb-nof-24 px-nof-16\">\u2013 Syyllinen on t\u00e4ss\u00e4 yhteydess\u00e4 helppo mielt\u00e4\u00e4, ett\u00e4 ket\u00e4 ep\u00e4ill\u00e4\u00e4n.<\/p>\n<p class=\"article-body mb-nof-24 px-nof-16\">Toisaalta ei ole varmaa tietoa siit\u00e4, kuka Tanskan h\u00e4iri\u00f6iden takana on. Lindbergin mukaan on todella ongelmallista, ettei tekij\u00e4\u00e4 voida nimet\u00e4.<\/p>\n<p class=\"article-body mb-nof-24 px-nof-16\">Lindberg toteaa, ett\u00e4 kukaan ei en\u00e4\u00e4 v\u00e4h\u00e4ttele droonien merkityst\u00e4, vaan niiden vaarallisuus tiedostetaan. Ukrainan sodassa droonit ovat osoittautuneet vaarallisiksi aseiksi.<\/p>\n<p class=\"article-body mb-nof-24 px-nof-16\">Lindbergin mukaan Viron tapaus toisaalta osoitti, ett\u00e4 Naton ja Suomen j\u00e4rjestelm\u00e4t toimivat.<\/p>\n<p class=\"article-body mb-nof-24 px-nof-16\">\u2013 Lohdullista kyll\u00e4, vaikka h\u00e4vitt\u00e4j\u00e4t olivat pitk\u00e4n ajan Viron ilmatilassa, Naton koneet koko ajan seurasivat niit\u00e4.<\/p>\n<p><img decoding=\"async\" src=\"https:\/\/www.europesays.com\/fi\/wp-content\/uploads\/2025\/09\/1759192450_604_468.jpg\" alt=\"Kolme ven\u00e4l\u00e4ist\u00e4 MiG-31-h\u00e4vitt\u00e4j\u00e4\u00e4 loukkasi Ven\u00e4j\u00e4n ilmatilaa aiemmin syyskuussa.\" class=\"_Img_tdqg8_1\" style=\"aspect-ratio:1.7777777777777777\" loading=\"eager\"\/><\/p>\n<p class=\"article-picture-caption\">Kolme ven\u00e4l\u00e4ist\u00e4 MiG-31-h\u00e4vitt\u00e4j\u00e4\u00e4 loukkasi Ven\u00e4j\u00e4n ilmatilaa aiemmin syyskuussa. Kuva:\u00a0Forsvarsmakten \/ AFP \/ Lehtikuva<\/p>\n<p class=\"article-body mb-nof-24 px-nof-16\">Lindberg toteaa, ett\u00e4 ilmatilaloukkauksia ei koskaan ole kuitattu olankohautuksella, vaikka Euroopan turvallisuustilanne tekee viimeaikaisista loukkauksista aiempaa vakavampia.<\/p>\n<p class=\"article-body mb-nof-24 px-nof-16\">H\u00e4nen mukaansa Krimin valtauksen j\u00e4lkeiset ilmatilaloukkaukset eiv\u00e4t j\u00e4\u00e4neet noteeraamatta.<\/p>\n<p class=\"article-body mb-nof-24 px-nof-16\">Vuonna 2005 silloinen p\u00e4\u00e4ministeri <a class=\"article-personlink\" href=\"https:\/\/www.is.fi\/haku\/?query=Matti%20Vanhanen\" rel=\"nofollow noopener\" target=\"_blank\">Matti Vanhanen<\/a> (kesk) vei terveiset Moskovaan, ett\u00e4 ilmatilaloukkausten t\u00e4ytyy loppua. Sen j\u00e4lkeen kaikki ilmatilaloukkaukset on Suomessa ja Virossa tuotu julkisuuteen.<\/p>\n<p class=\"article-body mb-nof-24 px-nof-16\">\u2013 Sit\u00e4 kautta ne ovat saaneet ansaitsemaansa huomiota.<\/p>\n<p class=\"article-body mb-nof-24 px-nof-16\">Lindberg muistuttaa, ett\u00e4 jokaiseen ilmatilaloukkaukseen reagoidaan valtiojohdossa tapauskohtaisesti. T\u00e4n\u00e4 vuonna Suomessa on ep\u00e4ilty kolmea ilmatilaloukkausta.<\/p>\n<p class=\"article-body mb-nof-24 px-nof-16\">Kes\u00e4kuussa ven\u00e4l\u00e4inen diplomaatti kutsuttiin loukkausten takia puhutteluun.<\/p>\n<p class=\"article-body mb-nof-24 px-nof-16\">Lindberg ei arvioi, mit\u00e4 seuraavaksi on luvassa. H\u00e4nen mukaansa on t\u00e4rke\u00e4\u00e4 varautua moniin eri uhkiin. H\u00e4n painottaa, ett\u00e4 eri uhkaskenaarioita t\u00e4ytyy my\u00f6s harjoitella.<\/p>\n<p class=\"article-body mb-nof-24 px-nof-16\">\u2013 T\u00e4ss\u00e4 on halki vuosien aprikoitu, onko ilmatilaloukkaukset joku m\u00e4\u00e4r\u00e4nnyt, ovatko ne ohjaajan huolimattomuutta vai kumpaakin.<\/p>\n<p class=\"article-body mb-nof-24 px-nof-16\">Lindbergin mukaan l\u00e4nness\u00e4 ei voida est\u00e4\u00e4 kokonaan ilmatilaloukkauksia, jos Ven\u00e4j\u00e4 ei halua antaa toiminnastaan mit\u00e4\u00e4n lis\u00e4tietoa.<\/p>\n<p class=\"article-body mb-nof-24 px-nof-16\">\u2013 Ei ole edellytyksi\u00e4 k\u00e4yd\u00e4 keskustelua ja arviointia, jos Ven\u00e4j\u00e4 ei anna mit\u00e4\u00e4n tietoa ja kiist\u00e4\u00e4 kaiken. Eih\u00e4n t\u00e4ss\u00e4 p\u00e4\u00e4st\u00e4 puusta pitk\u00e4lle.<\/p>\n","protected":false},"excerpt":{"rendered":"Kansanedustaja ja kenraali evp. Jarmo Lindberg (kok) arvioi, ett\u00e4 ilmatilaloukkauksia ei voi kohdella yksitt\u00e4istapauksina. Virolaiset sanoivat, ett\u00e4 ilmatilaloukkaukset&hellip;\n","protected":false},"author":2,"featured_media":49052,"comment_status":"","ping_status":"","sticky":false,"template":"","format":"standard","meta":{"footnotes":""},"categories":[14],"tags":[22,23,26,27,33,31,30,17,34,24,25,28,29,15,18,21,32,19,20,56,16,59,60,61],"class_list":{"0":"post-49051","1":"post","2":"type-post","3":"status-publish","4":"format-standard","5":"has-post-thumbnail","7":"category-ulkomaat","8":"tag-breaking-news","9":"tag-breakingnews","10":"tag-featured-news","11":"tag-featurednews","12":"tag-fi","13":"tag-finland","14":"tag-finnish","15":"tag-headlines","16":"tag-ilta-sanomat","17":"tag-latest-news","18":"tag-latestnews","19":"tag-main-news","20":"tag-mainnews","21":"tag-news","22":"tag-otsikot","23":"tag-paauutiset","24":"tag-suomi","25":"tag-top-stories","26":"tag-topstories","27":"tag-ulkomaat","28":"tag-uutiset","29":"tag-world","30":"tag-world-news","31":"tag-worldnews"},"share_on_mastodon":{"url":"","error":""},"_links":{"self":[{"href":"https:\/\/www.europesays.com\/fi\/wp-json\/wp\/v2\/posts\/49051","targetHints":{"allow":["GET"]}}],"collection":[{"href":"https:\/\/www.europesays.com\/fi\/wp-json\/wp\/v2\/posts"}],"about":[{"href":"https:\/\/www.europesays.com\/fi\/wp-json\/wp\/v2\/types\/post"}],"author":[{"embeddable":true,"href":"https:\/\/www.europesays.com\/fi\/wp-json\/wp\/v2\/users\/2"}],"replies":[{"embeddable":true,"href":"https:\/\/www.europesays.com\/fi\/wp-json\/wp\/v2\/comments?post=49051"}],"version-history":[{"count":0,"href":"https:\/\/www.europesays.com\/fi\/wp-json\/wp\/v2\/posts\/49051\/revisions"}],"wp:featuredmedia":[{"embeddable":true,"href":"https:\/\/www.europesays.com\/fi\/wp-json\/wp\/v2\/media\/49052"}],"wp:attachment":[{"href":"https:\/\/www.europesays.com\/fi\/wp-json\/wp\/v2\/media?parent=49051"}],"wp:term":[{"taxonomy":"category","embeddable":true,"href":"https:\/\/www.europesays.com\/fi\/wp-json\/wp\/v2\/categories?post=49051"},{"taxonomy":"post_tag","embeddable":true,"href":"https:\/\/www.europesays.com\/fi\/wp-json\/wp\/v2\/tags?post=49051"}],"curies":[{"name":"wp","href":"https:\/\/api.w.org\/{rel}","templated":true}]}}