{"id":49126,"date":"2025-09-30T02:58:08","date_gmt":"2025-09-30T02:58:08","guid":{"rendered":"https:\/\/www.europesays.com\/fi\/49126\/"},"modified":"2025-09-30T02:58:08","modified_gmt":"2025-09-30T02:58:08","slug":"sara-siipolalta-ja-tommi-lantiselta-lamminhenkinen-yhteisbiisi-katso-musiikkivideo-musiikki","status":"publish","type":"post","link":"https:\/\/www.europesays.com\/fi\/49126\/","title":{"rendered":"Sara Siipolalta ja Tommi L\u00e4ntiselt\u00e4 l\u00e4mminhenkinen yhteisbiisi &#8211; katso musiikkivideo &#8211; Musiikki"},"content":{"rendered":"<p class=\"caption\">Siipola ja L\u00e4ntinen kannustavat kollegoitaan toimimaan oikein.<\/p>\n<p><strong>Sara Siipola<\/strong> ja <strong>Tommi L\u00e4ntinen<\/strong> yhdist\u00e4v\u00e4t voimansa t\u00e4n\u00e4\u00e4n julkaistussa S\u00e4v. San. -kappaleessa. Biisin on julkaissut Teosto ja se on osa Teoston, Suomen Musiikintekij\u00f6iden ja Suomen Musiikkikustantajien markkinointikampanjaa, Teosto kertoo tiedotteessa.<\/p>\n<p>Kappaleessa kannustetaan esiintyvi\u00e4 artisteja tekem\u00e4\u00e4n esitysilmoituksia eli raportoimaan esitettyj\u00e4 settilistoja Teostolle. Biisin on s\u00e4velt\u00e4nyt ja sanoittanut <strong>Janne Rintala<\/strong>, jonka mukaan uskottavan pop-kappaleen tekeminen aiheesta ei ollut maailman helpoin teht\u00e4v\u00e4.<\/p>\n<p>&#8211;\u00a0Saimme aikaiseksi tarttuvan ja hyv\u00e4n laulun, jonka Tommi ja Sara esitt\u00e4v\u00e4t enemm\u00e4n kuin uskottavasti, Rintala kuitenkin iloitsee Teoston tiedotteessa.<\/p>\n<p>Kappaleen esitt\u00e4v\u00e4 duo onkin hyv\u00e4 esimerkki siit\u00e4, miten asiat tulisi oikeasti hoitaa. Molemmat kertovat ilmoittavansa omista settilistoistaan henkil\u00f6kohtaisesti Teostolle.<\/p>\n<p>&#8211;\u00a0Teen esitysilmoitukset itse, koska yksik\u00e4\u00e4n ei saa j\u00e4\u00e4d\u00e4 tekem\u00e4tt\u00e4. Biisintekij\u00e4t eiv\u00e4t saa sellaista arvostusta tai palkkiota, joka heid\u00e4n pit\u00e4isi saada. Esitysilmoitus pit\u00e4\u00e4 hoitaa \u2013 sen pit\u00e4\u00e4 olla hallussa, Siipola painottaa.<\/p>\n<p>L\u00e4ntinen yhtyy Siipolan sanomaan. H\u00e4nest\u00e4 esitysilmoituksen tekeminen on oikeudenmukainen teko.<\/p>\n<p>&#8211;\u00a0Silloin peli pysyy reiluna, ja jokainen saa sen korvauksen, joka h\u00e4nelle kuuluu. Teen ilmoitukset itse, ja toivon syd\u00e4mest\u00e4ni, ett\u00e4 kollegat tekev\u00e4t my\u00f6s, L\u00e4ntinen sanoo tiedotteessa.<\/p>\n<p>Rintalan mukaan liian paljon rahaa j\u00e4\u00e4 tilitt\u00e4m\u00e4tt\u00e4 oikeille tekij\u00f6ille, koska artistit tai b\u00e4ndit eiv\u00e4t joko muista tai jaksa tehd\u00e4 esiintymisilmoituksia keikoistaan.<\/p>\n<p>&#8211;\u00a0Ammattimaiselle lauluntekij\u00e4lle live-esitysten osuus Teosto-korvauksista on kuitenkin merkitt\u00e4v\u00e4 \u2013 itsell\u00e4ni esimerkiksi 15\u201325 % vuodessa kaikista teostuloista tulee juuri keikkailmoitusten perusteella, Rintala toteaa.<\/p>\n<p>Tiedotteen mukaan Teosto saa vuosittain tiedon yli 750 000 teoksen julkisesta esityksest\u00e4. T\u00e4st\u00e4 huolimatta keikkoja j\u00e4\u00e4 edelleen ilmoittamatta tuhansittain. Teoston mukaan esitysilmoituksen tekeminen on esiintyj\u00e4lle maksutonta.<\/p>\n<p>N\u00e4et musiikkivideon alta. Jos video ei jostain syyst\u00e4 toimi, n\u00e4et sen my\u00f6s <a href=\"https:\/\/youtu.be\/L6vxNW4_sHo?si=u91LtF_89cyPn6dz\" rel=\"nofollow noopener\" target=\"_blank\">t\u00e4\u00e4lt\u00e4<\/a>.<\/p>\n<p><strong>Lue my\u00f6s: <a href=\"https:\/\/www.voice.fi\/musiikki\/a-234790\" rel=\"nofollow noopener\" target=\"_blank\">Sara Siipola el\u00e4\u00e4 hetkess\u00e4 ja tuntee t\u00e4ysill\u00e4: &#8217;Olen ajatellut, etten piirr\u00e4 mit\u00e4\u00e4n rajaa&#8217;<\/a><\/strong><\/p>\n<p><strong>Lue my\u00f6s: <a href=\"https:\/\/www.voice.fi\/musiikki\/a-239057\" rel=\"nofollow noopener\" target=\"_blank\">Tommi L\u00e4ntinen kertoo yhteisty\u00f6st\u00e4\u00e4n poikansa kanssa: &#8217;Se oli minulle ainakin todella t\u00e4rke\u00e4\u00e4&#8217;<\/a><\/strong><\/p>\n<p><strong>Lue my\u00f6s: <a href=\"https:\/\/www.voice.fi\/musiikki\/a-240179\" rel=\"nofollow noopener\" target=\"_blank\">Samuli Putro j\u00e4rjest\u00e4\u00e4 t\u00e4h\u00e4nastisen uransa isoimman konsertin ensi vuonna<\/a><\/strong><\/p>\n<p>L\u00e4hde: <a href=\"https:\/\/www.epressi.com\/tiedotteet\/musiikki-ja-viihde\/teosto-julkaisee-poikkeuksellisesti-biisin-sara-siipola-ja-tommi-lantinen-laulavat-settilistojen-raportoinnin-tarkeydesta.html\" rel=\"nofollow noopener\" target=\"_blank\">Teosto<\/a><\/p>\n<p>                                                            <a href=\"https:\/\/www.voice.fi\/aihe\/musiikkivideo\" class=\"tag-link\" rel=\"nofollow noopener\" target=\"_blank\">musiikkivideo<\/a>                                                             <a href=\"https:\/\/www.voice.fi\/aihe\/biisi\" class=\"tag-link\" rel=\"nofollow noopener\" target=\"_blank\">biisi<\/a>                                                             <a href=\"https:\/\/www.voice.fi\/aihe\/teosto\" class=\"tag-link\" rel=\"nofollow noopener\" target=\"_blank\">teosto<\/a>                                                             <a href=\"https:\/\/www.voice.fi\/aihe\/tommi-lantinen\" class=\"tag-link\" rel=\"nofollow noopener\" target=\"_blank\">Tommi L\u00e4ntinen<\/a>                                                             <a href=\"https:\/\/www.voice.fi\/aihe\/sara-siipola\" class=\"tag-link\" rel=\"nofollow noopener\" target=\"_blank\">sara siipola<\/a>                                                             <a href=\"https:\/\/www.voice.fi\/aihe\/yhteiskappale\" class=\"tag-link\" rel=\"nofollow noopener\" target=\"_blank\">yhteiskappale<\/a>                                                    <\/p>\n<p class=\"title\">Tykk\u00e4\u00e4 ja jaa artikkeli<\/p>\n<p>                <a href=\"https:\/\/www.facebook.com\/sharer.php?u=https%3A%2F%2Fwww.voice.fi%2Fmusiikki%2Fa-240193\" class=\"share-button facebook-share ion-social-facebook\" target=\"_blank\" onclick=\"javascript:window.open(this.href,&#010;                  &#039;&#039;, &#039;menubar=no,toolbar=no,resizable=yes,scrollbars=yes,height=400,width=600&#039;);ga(&#039;send&#039;, &#039;event&#039;, &#039;SOME&#039;, &#039;Facebook&#039;, &#039;Artikkeli alaosa&#039;);return false;\" rel=\"nofollow noopener\">Jaa Facebookissa<\/a><\/p>\n<p>                <a href=\"https:\/\/twitter.com\/share?text=Sara+Siipolalta+ja+Tommi+L%C3%A4ntiselt%C3%A4+l%C3%A4mminhenkinen+yhteisbiisi+-+katso+musiikkivideo&amp;url=https%3A%2F%2Fwww.voice.fi%2Fmusiikki%2Fa-240193\" class=\"share-button twitter-share ion-social-twitter\" target=\"_blank\" onclick=\"javascript:window.open(this.href,&#010;                  &#039;&#039;, &#039;menubar=no,toolbar=no,resizable=yes,scrollbars=yes,height=400,width=600&#039;);ga(&#039;send&#039;, &#039;event&#039;, &#039;SOME&#039;, &#039;Twitter&#039;, &#039;Artikkeli alaosa&#039;);return false;\" rel=\"nofollow noopener\">Jaa Twitteriss\u00e4<\/a><\/p>\n<p>                <a href=\"fb-messenger:\/\/share?link=https%3A%2F%2Fwww.voice.fi%2Fmusiikki%2Fa-240193%3Futm_source%3Dfb_messenger%26utm_medium%3Dsocial%26utm_campaign%3Dfbmessenger_share\" class=\"share-button messenger-share \" data-text=\"Sara+Siipolalta+ja+Tommi+L%C3%A4ntiselt%C3%A4+l%C3%A4mminhenkinen+yhteisbiisi+-+katso+musiikkivideo\" data-href=\"https%3A%2F%2Fwww.voice.fi%2Fmusiikki%2Fa-240193%3Futm_source%3Dmessenger%26utm_medium%3Dsocial%26utm_campaign%3Dmessenger_share\" data-type=\"fb_messenger\" onclick=\"ga(&#039;send&#039;, &#039;event&#039;, &#039;SOME&#039;, &#039;Fb-messenger&#039;, &#039;Artikkeli alaosa&#039;);\" rel=\"nofollow\"><\/p>\n<p>                <a href=\"whatsapp:\/\/send?text=Sara+Siipolalta+ja+Tommi+L%C3%A4ntiselt%C3%A4+l%C3%A4mminhenkinen+yhteisbiisi+-+katso+musiikkivideo https%3A%2F%2Fwww.voice.fi%2Fmusiikki%2Fa-240193%3Futm_source%3Dwhatsapp%26utm_medium%3Dsocial%26utm_campaign%3Dwhatsapp_share\" class=\"share-button whatsapp-share ion-social-whatsapp\" data-text=\"Sara+Siipolalta+ja+Tommi+L%C3%A4ntiselt%C3%A4+l%C3%A4mminhenkinen+yhteisbiisi+-+katso+musiikkivideo\" data-href=\"https%3A%2F%2Fwww.voice.fi%2Fmusiikki%2Fa-240193%3Futm_source%3Dwhatsapp%26utm_medium%3Dsocial%26utm_campaign%3Dwhatsapp_share\" data-type=\"whatsapp\" onclick=\"ga(&#039;send&#039;, &#039;event&#039;, &#039;SOME&#039;, &#039;Whatsapp&#039;, &#039;Artikkeli alaosa&#039;);\" rel=\"nofollow\"><\/p>\n<p>            <script async src=\"https:\/\/platform.twitter.com\/widgets.js\" charset=\"utf-8\"><\/script><\/p>\n","protected":false},"excerpt":{"rendered":"Siipola ja L\u00e4ntinen kannustavat kollegoitaan toimimaan oikein. Sara Siipola ja Tommi L\u00e4ntinen yhdist\u00e4v\u00e4t voimansa t\u00e4n\u00e4\u00e4n julkaistussa S\u00e4v. San.&hellip;\n","protected":false},"author":2,"featured_media":49127,"comment_status":"","ping_status":"","sticky":false,"template":"","format":"standard","meta":{"footnotes":""},"categories":[136],"tags":[407,137,33,31,30,408,32,109],"class_list":{"0":"post-49126","1":"post","2":"type-post","3":"status-publish","4":"format-standard","5":"has-post-thumbnail","7":"category-julkkikset","8":"tag-celebrities","9":"tag-entertainment","10":"tag-fi","11":"tag-finland","12":"tag-finnish","13":"tag-julkkikset","14":"tag-suomi","15":"tag-viihde"},"share_on_mastodon":{"url":"","error":""},"_links":{"self":[{"href":"https:\/\/www.europesays.com\/fi\/wp-json\/wp\/v2\/posts\/49126","targetHints":{"allow":["GET"]}}],"collection":[{"href":"https:\/\/www.europesays.com\/fi\/wp-json\/wp\/v2\/posts"}],"about":[{"href":"https:\/\/www.europesays.com\/fi\/wp-json\/wp\/v2\/types\/post"}],"author":[{"embeddable":true,"href":"https:\/\/www.europesays.com\/fi\/wp-json\/wp\/v2\/users\/2"}],"replies":[{"embeddable":true,"href":"https:\/\/www.europesays.com\/fi\/wp-json\/wp\/v2\/comments?post=49126"}],"version-history":[{"count":0,"href":"https:\/\/www.europesays.com\/fi\/wp-json\/wp\/v2\/posts\/49126\/revisions"}],"wp:featuredmedia":[{"embeddable":true,"href":"https:\/\/www.europesays.com\/fi\/wp-json\/wp\/v2\/media\/49127"}],"wp:attachment":[{"href":"https:\/\/www.europesays.com\/fi\/wp-json\/wp\/v2\/media?parent=49126"}],"wp:term":[{"taxonomy":"category","embeddable":true,"href":"https:\/\/www.europesays.com\/fi\/wp-json\/wp\/v2\/categories?post=49126"},{"taxonomy":"post_tag","embeddable":true,"href":"https:\/\/www.europesays.com\/fi\/wp-json\/wp\/v2\/tags?post=49126"}],"curies":[{"name":"wp","href":"https:\/\/api.w.org\/{rel}","templated":true}]}}