{"id":49135,"date":"2025-09-30T03:11:10","date_gmt":"2025-09-30T03:11:10","guid":{"rendered":"https:\/\/www.europesays.com\/fi\/49135\/"},"modified":"2025-09-30T03:11:10","modified_gmt":"2025-09-30T03:11:10","slug":"iso-poliisioperaatio-helsingissa-yksi-sairaalahoitoon-uutissuomalainen","status":"publish","type":"post","link":"https:\/\/www.europesays.com\/fi\/49135\/","title":{"rendered":"Iso poliisioperaatio Helsingiss\u00e4 \u2013 yksi sairaalahoitoon | Uutissuomalainen"},"content":{"rendered":"<p>Poliisi ep\u00e4ilee, ett\u00e4 yht\u00e4 henkil\u00f6\u00e4 on ammuttu Helsingin T\u00f6\u00f6l\u00f6ss\u00e4 sijaitsevassa kerrostalossa. Uhri on poliisin mukaan toimitettu sairaalahoitoon. H\u00e4nell\u00e4 ei ole hengenvaaraa.<\/p>\n<p>Poliisi h\u00e4lytettiin maanantai-iltana kello 19 aikaan Mechelininkadulla sijaitsevaan kerrostaloon, kun sielt\u00e4 kuultiin laukausta muistuttava \u00e4\u00e4ni. Poliisi saapui paikalle usean partion voimin.<\/p>\n<p>Tapahtuma-aikaan paikan p\u00e4\u00e4ll\u00e4 oli useampi ihminen. Vain yksi heist\u00e4 loukkaantui. <\/p>\n<p>Poliisi ep\u00e4ilee, ett\u00e4 mahdollinen ampuminen on tapahtunut kerrostalon rappuk\u00e4yt\u00e4v\u00e4ss\u00e4. Tapaukseen liittyen on otettu useampi henkil\u00f6 kiinni, joiden osuutta tapahtumiin selvitet\u00e4\u00e4n. <\/p>\n<p>Tapahtumapaikka on poliisin mukaan toistaiseksi eristetty. Poliisi suorittaa tekopaikalla teknist\u00e4 ja taktista tutkintaa. <\/p>\n<p>Koska esitutkinta on hyvin alkutekij\u00f6iss\u00e4\u00e4n, poliisi ei toistaiseksi tiedota asiasta enemp\u00e4\u00e4. <\/p>\n<p>Juttua muokattu 29.9. kello 19.41: juttu p\u00e4ivitetty kokonaan uusien poliisitietojen mukaan. <\/p>\n","protected":false},"excerpt":{"rendered":"Poliisi ep\u00e4ilee, ett\u00e4 yht\u00e4 henkil\u00f6\u00e4 on ammuttu Helsingin T\u00f6\u00f6l\u00f6ss\u00e4 sijaitsevassa kerrostalossa. Uhri on poliisin mukaan toimitettu sairaalahoitoon. H\u00e4nell\u00e4&hellip;\n","protected":false},"author":2,"featured_media":49136,"comment_status":"","ping_status":"","sticky":false,"template":"","format":"standard","meta":{"footnotes":""},"categories":[12],"tags":[22,23,26,27,33,31,30,17,104,55,24,25,28,29,15,18,21,122,54,52,32,6695,19,20,546,16],"class_list":{"0":"post-49135","1":"post","2":"type-post","3":"status-publish","4":"format-standard","5":"has-post-thumbnail","7":"category-suomi","8":"tag-breaking-news","9":"tag-breakingnews","10":"tag-featured-news","11":"tag-featurednews","12":"tag-fi","13":"tag-finland","14":"tag-finnish","15":"tag-headlines","16":"tag-helsinki","17":"tag-lainvalvonta","18":"tag-latest-news","19":"tag-latestnews","20":"tag-main-news","21":"tag-mainnews","22":"tag-news","23":"tag-otsikot","24":"tag-paauutiset","25":"tag-pelastaminen","26":"tag-pelastuspalvelut","27":"tag-poliisi","28":"tag-suomi","29":"tag-toolo","30":"tag-top-stories","31":"tag-topstories","32":"tag-turvallisuus","33":"tag-uutiset"},"share_on_mastodon":{"url":"","error":""},"_links":{"self":[{"href":"https:\/\/www.europesays.com\/fi\/wp-json\/wp\/v2\/posts\/49135","targetHints":{"allow":["GET"]}}],"collection":[{"href":"https:\/\/www.europesays.com\/fi\/wp-json\/wp\/v2\/posts"}],"about":[{"href":"https:\/\/www.europesays.com\/fi\/wp-json\/wp\/v2\/types\/post"}],"author":[{"embeddable":true,"href":"https:\/\/www.europesays.com\/fi\/wp-json\/wp\/v2\/users\/2"}],"replies":[{"embeddable":true,"href":"https:\/\/www.europesays.com\/fi\/wp-json\/wp\/v2\/comments?post=49135"}],"version-history":[{"count":0,"href":"https:\/\/www.europesays.com\/fi\/wp-json\/wp\/v2\/posts\/49135\/revisions"}],"wp:featuredmedia":[{"embeddable":true,"href":"https:\/\/www.europesays.com\/fi\/wp-json\/wp\/v2\/media\/49136"}],"wp:attachment":[{"href":"https:\/\/www.europesays.com\/fi\/wp-json\/wp\/v2\/media?parent=49135"}],"wp:term":[{"taxonomy":"category","embeddable":true,"href":"https:\/\/www.europesays.com\/fi\/wp-json\/wp\/v2\/categories?post=49135"},{"taxonomy":"post_tag","embeddable":true,"href":"https:\/\/www.europesays.com\/fi\/wp-json\/wp\/v2\/tags?post=49135"}],"curies":[{"name":"wp","href":"https:\/\/api.w.org\/{rel}","templated":true}]}}