{"id":49137,"date":"2025-09-30T03:12:10","date_gmt":"2025-09-30T03:12:10","guid":{"rendered":"https:\/\/www.europesays.com\/fi\/49137\/"},"modified":"2025-09-30T03:12:10","modified_gmt":"2025-09-30T03:12:10","slug":"toololaiset-kuvailevat-kotinaapurustonsa-muutosta-levottomampaan-suuntaan","status":"publish","type":"post","link":"https:\/\/www.europesays.com\/fi\/49137\/","title":{"rendered":"T\u00f6\u00f6l\u00f6l\u00e4iset kuvailevat kotinaapurustonsa muutosta levottomampaan suuntaan"},"content":{"rendered":"<p>Poliisiteht\u00e4v\u00e4t|Poliisi ep\u00e4ilee, ett\u00e4 Mechelininkadulla sijaitsevan kerrostalon rappuk\u00e4yt\u00e4v\u00e4ss\u00e4 ammuttiin maanantaina ihmist\u00e4. HS:n haastattelemat t\u00f6\u00f6l\u00f6l\u00e4iset eiv\u00e4t koe turvallisuuttaan uhatuksi.<\/p>\n<p>29.9. 23:44<\/p>\n<p>Lue tiivistelm\u00e4<\/p>\n<p>Tiivistelm\u00e4 on teko\u00e4lyn tekem\u00e4 ja ihmisen tarkistama.<\/p>\n<p class=\"article-body mb-nof-24 px-nof-16 sndp-summary-bullet-point-font\">Poliisi tutkii ampumistapausta T\u00f6\u00f6l\u00f6ss\u00e4 Mechelininkadulla maanantai-iltana.<\/p>\n<p class=\"article-body mb-nof-24 px-nof-16 sndp-summary-bullet-point-font\">Uhri on viety sairaalahoitoon, eik\u00e4 h\u00e4nell\u00e4 ole hengenvaaraa. Poliisi on ottanut kiinni useita henkil\u00f6it\u00e4.<\/p>\n<p class=\"article-body mb-nof-24 px-nof-16 sndp-summary-bullet-point-font\">Paikalliset ovat j\u00e4rkyttyneit\u00e4 tapauksesta, mutta eiv\u00e4t koe oloaan erityisen turvattomaksi.<\/p>\n<p class=\"article-body mb-nof-24 px-nof-16\">Maanantai-iltana kello kymmenen j\u00e4lkeen ilta oli pimentynyt mutta poliisi jatkoi yh\u00e4 t\u00f6it\u00e4\u00e4n Mechelininkadulla T\u00f6\u00f6l\u00f6ss\u00e4 l\u00e4hell\u00e4 Bar Favelaa.<\/p>\n<p class=\"article-body mb-nof-24 px-nof-16\">Viisi poliisin ajoneuvoa seisoi jonossa asuinkerrostalon sis\u00e4\u00e4nk\u00e4ynnin edess\u00e4 ja useita poliiseja meni ovista sis\u00e4\u00e4n ja ulos. Poliisit my\u00f6s puhuivat talon asukkaiden kanssa. Lis\u00e4tietoja kysyv\u00e4\u00e4 toimittajaa he kehottavat olemaan yhteydess\u00e4 johtokeskukseen.<\/p>\n<p class=\"article-body mb-nof-24 px-nof-16\">Poliisi ep\u00e4ilee, ett\u00e4 talon rappuk\u00e4yt\u00e4v\u00e4ss\u00e4 <a class=\"article-genericlink\" href=\"https:\/\/www.hs.fi\/helsinki\/art-2000011526789.html\" rel=\"nofollow noopener\" target=\"_blank\">ammuttiin maanantaina ihmist\u00e4<\/a>. Uhri on viety sairaalahoitoon, eik\u00e4 h\u00e4nell\u00e4 ole hengenvaaraa. Poliisi on ottanut tapahtumaan liittyen kiinni useita ihmisi\u00e4.<\/p>\n<p class=\"article-body mb-nof-24 px-nof-16\">Kadun toista puolta kulkevat iltak\u00e4velyll\u00e4 <a class=\"article-personlink\" href=\"https:\/\/www.hs.fi\/haku\/?query=Miisa%20Halme\" rel=\"nofollow noopener\" target=\"_blank\">Miisa Halme<\/a> ja <a class=\"article-personlink\" href=\"https:\/\/www.hs.fi\/haku\/?query=Paavo%20Mielonen\" rel=\"nofollow noopener\" target=\"_blank\">Paavo Mielonen<\/a>. He ovat lukeneet uutisen.<\/p>\n<p class=\"article-body mb-nof-24 px-nof-16\">Halme kertoo, ett\u00e4 hetken aikaa h\u00e4nt\u00e4 ep\u00e4ilytti l\u00e4hte\u00e4 k\u00e4velylle t\u00e4llaisen tapahtuman j\u00e4lkeen. Raitis ilma vei kuitenkin voiton j\u00e4nnityksest\u00e4, kun k\u00e4velyseuraakin oli tarjolla.<\/p>\n<p class=\"article-body mb-nof-24 px-nof-16\">\u201dOn t\u00e4m\u00e4 j\u00e4rkytt\u00e4v\u00e4\u00e4. Me asumme muutaman talon p\u00e4\u00e4ss\u00e4\u201d, Halme sanoo poliisien tehdess\u00e4 ty\u00f6t\u00e4\u00e4n taustalla toisella puolen katua.<\/p>\n<p class=\"article-body mb-nof-24 px-nof-16\">Halme ja Mielonen ottivat uutisen vastaan hieman eri tavoin. Mielonen ei koe, ett\u00e4 t\u00e4m\u00e4 tapaus viel\u00e4 muuttaisi h\u00e4nen k\u00e4sityst\u00e4\u00e4n rauhallisesta T\u00f6\u00f6l\u00f6st\u00e4.<\/p>\n<p class=\"article-body mb-nof-24 px-nof-16\">\u201dSe on sattuman kauppaa, miss\u00e4 t\u00e4llaista tapahtuu\u201d, h\u00e4n sanoo.<\/p>\n<p class=\"article-body mb-nof-24 px-nof-16\">\u201dEn koe oloani nyt turvattomammaksi k\u00e4vell\u00e4 t\u00e4\u00e4ll\u00e4.\u201d<\/p>\n<p class=\"article-body mb-nof-24 px-nof-16\">Maanantaina ei ollut viel\u00e4 tiedossa, mitk\u00e4 ovat ampumisen motiivit ja taustat. Ei siis ole tiedossa, onko tapahtumalla yhteytt\u00e4 T\u00f6\u00f6l\u00f6ss\u00e4kin yleistyneeseen, huumeisiin liittyv\u00e4\u00e4n h\u00e4iri\u00f6k\u00e4ytt\u00e4ytymiseen.<\/p>\n<p class=\"article-body mb-nof-24 px-nof-16\">T\u00f6\u00f6l\u00f6n turvallisuudesta yleisemmin puhuttaessa Halme ja Mielonen mainitsevat kuitenkin molemmat huomanneensa noin vuoden aikana tapahtuneen muutoksen.<\/p>\n<p class=\"article-body mb-nof-24 px-nof-16\">Levottomuudet ovat alkaneet n\u00e4ky\u00e4.<\/p>\n<p class=\"article-body mb-nof-24 px-nof-16\">\u201dEhk\u00e4 v\u00e4h\u00e4n enemm\u00e4n on n\u00e4kynyt sellaista h\u00e4iri\u00f6k\u00e4ytt\u00e4ytymist\u00e4, kuten myym\u00e4l\u00e4varkauksia\u201d, Mielonen sanoo.<\/p>\n<p class=\"article-body mb-nof-24 px-nof-16\">L\u00e4hi-Alepassa niit\u00e4 on sattunut viime aikoina paljon aiempaa enemm\u00e4n. Myyj\u00e4t puhuvat niist\u00e4 kesken\u00e4\u00e4n ja poliisiautoja n\u00e4kyy v\u00e4lill\u00e4 kaupan kulmalla.<\/p>\n<p class=\"article-body mb-nof-24 px-nof-16\">My\u00f6s T\u00f6\u00f6l\u00f6ntorista on tullut levottomampi paikka, he kertovat.<\/p>\n<p class=\"article-body mb-nof-24 px-nof-16\">\u201dKerran n\u00e4in ratikassa, kun joillakin oli kassilliset t\u00e4ynn\u00e4 varastettua kahvia\u201d, Halme sanoo. \u201dIhmiset ovat aika sekavassa tilassa ik\u00e4\u00e4n katsomatta.\u201d<\/p>\n<p><img decoding=\"async\" src=\"https:\/\/www.europesays.com\/fi\/wp-content\/uploads\/2025\/09\/1759201930_371_468.jpg\" alt=\"Valoisaan aikaan Mechelininkadulla oli viel\u00e4 paljon poliiseja kerrostalon edustalla.\" class=\"_Img_tdqg8_1\" style=\"aspect-ratio:1.3333333333333333\" loading=\"eager\"\/><\/p>\n<p class=\"article-picture-caption\">Valoisaan aikaan Mechelininkadulla oli viel\u00e4 paljon poliiseja kerrostalon edustalla. Kuva:\u00a0Mari Manninen \/ HS<\/p>\n<p class=\"article-body mb-nof-24 px-nof-16\">Poliisiautoja vastap\u00e4\u00e4t\u00e4 ty\u00f6huoneeltaan tekee kymmenen j\u00e4lkeen illalla l\u00e4ht\u00f6\u00e4 mainosten puvustuksia tekev\u00e4 <a class=\"article-personlink\" href=\"https:\/\/www.hs.fi\/haku\/?query=Antti%20Nguyen\" rel=\"nofollow noopener\" target=\"_blank\">Antti Nguyen<\/a>. H\u00e4n kuulee uutisen vasta HS:n toimittajalta.<\/p>\n<p class=\"article-body mb-nof-24 px-nof-16\">\u201dTulin aika my\u00f6h\u00e4\u00e4n t\u00e4h\u00e4n toimistolle ja ihmettelin vaan, ett\u00e4 miksi tuossa on noin paljon poliisiautoja. Aika lailla vain k\u00e4\u00e4nnyin pois ja menin tekem\u00e4\u00e4n t\u00f6it\u00e4.\u201d<\/p>\n<p class=\"article-body mb-nof-24 px-nof-16\">H\u00e4n kertoo, ett\u00e4 ampumisesta kuuleminen kuitenkin nyt s\u00e4ik\u00e4ytti.<\/p>\n<p class=\"article-body mb-nof-24 px-nof-16\">\u201dKyll\u00e4 se on aina ik\u00e4v\u00e4 kuulla, ett\u00e4 jotain ammutaan ja ihmiset kantaa aseita mukanaan\u201d, h\u00e4n sanoo.<\/p>\n<p class=\"article-body mb-nof-24 px-nof-16\">\u201dOn tuo v\u00e4h\u00e4n kuumottavaa.\u201d<\/p>\n<p class=\"article-body mb-nof-24 px-nof-16\">Nguyen ei ole oppinut yhdist\u00e4m\u00e4\u00e4n T\u00f6\u00f6l\u00f6\u00e4 mink\u00e4\u00e4nlaisiin levottomuuksiin, vaikka aiheesta on viime aikoina v\u00e4h\u00e4n uutisoitukin. H\u00e4nest\u00e4 T\u00f6\u00f6l\u00f6\u00e4 leimaavat erilaiset ja erin\u00e4k\u00f6iset ihmiset, kansainv\u00e4lisyys ja lapsiperheet.<\/p>\n<p class=\"article-body mb-nof-24 px-nof-16\">H\u00e4n ei ajattele, ett\u00e4 p\u00e4ihteiden ongelmak\u00e4ytt\u00e4j\u00e4t olisivat uhkaavia.<\/p>\n<p class=\"article-body mb-nof-24 px-nof-16\">\u201dAinakin minua kohtaan he ovat yleens\u00e4 olleet rauhallisia. Hekin ovat ihmisi\u00e4, joilla on jokin sairaus tai jotakin sattunut el\u00e4m\u00e4ss\u00e4.\u201d<\/p>\n","protected":false},"excerpt":{"rendered":"Poliisiteht\u00e4v\u00e4t|Poliisi ep\u00e4ilee, ett\u00e4 Mechelininkadulla sijaitsevan kerrostalon rappuk\u00e4yt\u00e4v\u00e4ss\u00e4 ammuttiin maanantaina ihmist\u00e4. HS:n haastattelemat t\u00f6\u00f6l\u00f6l\u00e4iset eiv\u00e4t koe turvallisuuttaan uhatuksi. 29.9.&hellip;\n","protected":false},"author":2,"featured_media":49138,"comment_status":"","ping_status":"","sticky":false,"template":"","format":"standard","meta":{"footnotes":""},"categories":[5],"tags":[22,23,26,27,33,31,30,17,46,24,25,28,29,15,18,21,32,19,20,16],"class_list":{"0":"post-49137","1":"post","2":"type-post","3":"status-publish","4":"format-standard","5":"has-post-thumbnail","7":"category-otsikot","8":"tag-breaking-news","9":"tag-breakingnews","10":"tag-featured-news","11":"tag-featurednews","12":"tag-fi","13":"tag-finland","14":"tag-finnish","15":"tag-headlines","16":"tag-helsingin-sanomat","17":"tag-latest-news","18":"tag-latestnews","19":"tag-main-news","20":"tag-mainnews","21":"tag-news","22":"tag-otsikot","23":"tag-paauutiset","24":"tag-suomi","25":"tag-top-stories","26":"tag-topstories","27":"tag-uutiset"},"share_on_mastodon":{"url":"","error":""},"_links":{"self":[{"href":"https:\/\/www.europesays.com\/fi\/wp-json\/wp\/v2\/posts\/49137","targetHints":{"allow":["GET"]}}],"collection":[{"href":"https:\/\/www.europesays.com\/fi\/wp-json\/wp\/v2\/posts"}],"about":[{"href":"https:\/\/www.europesays.com\/fi\/wp-json\/wp\/v2\/types\/post"}],"author":[{"embeddable":true,"href":"https:\/\/www.europesays.com\/fi\/wp-json\/wp\/v2\/users\/2"}],"replies":[{"embeddable":true,"href":"https:\/\/www.europesays.com\/fi\/wp-json\/wp\/v2\/comments?post=49137"}],"version-history":[{"count":0,"href":"https:\/\/www.europesays.com\/fi\/wp-json\/wp\/v2\/posts\/49137\/revisions"}],"wp:featuredmedia":[{"embeddable":true,"href":"https:\/\/www.europesays.com\/fi\/wp-json\/wp\/v2\/media\/49138"}],"wp:attachment":[{"href":"https:\/\/www.europesays.com\/fi\/wp-json\/wp\/v2\/media?parent=49137"}],"wp:term":[{"taxonomy":"category","embeddable":true,"href":"https:\/\/www.europesays.com\/fi\/wp-json\/wp\/v2\/categories?post=49137"},{"taxonomy":"post_tag","embeddable":true,"href":"https:\/\/www.europesays.com\/fi\/wp-json\/wp\/v2\/tags?post=49137"}],"curies":[{"name":"wp","href":"https:\/\/api.w.org\/{rel}","templated":true}]}}