{"id":49257,"date":"2025-09-30T06:14:08","date_gmt":"2025-09-30T06:14:08","guid":{"rendered":"https:\/\/www.europesays.com\/fi\/49257\/"},"modified":"2025-09-30T06:14:08","modified_gmt":"2025-09-30T06:14:08","slug":"sanni-heikkila-haki-sataa-tyopaikkaa-ennen-kuin-tarppasi-kertoo-nyt-miten-muutti-taktiikkaansa","status":"publish","type":"post","link":"https:\/\/www.europesays.com\/fi\/49257\/","title":{"rendered":"Sanni Heikkil\u00e4 haki sataa ty\u00f6paikkaa ennen kuin t\u00e4rpp\u00e4si: Kertoo nyt, miten muutti taktiikkaansa"},"content":{"rendered":"<p>Ty\u00f6nhaku|Haastattelukutsuja alkoi tulla, kun Sanni Heikkil\u00e4 oivalsi viisi asiaa. H\u00e4n esimerkiksi muutti ty\u00f6hakemustensa rakenteen.<\/p>\n<p>Lue tiivistelm\u00e4<\/p>\n<p>Tiivistelm\u00e4 on teko\u00e4lyn tekem\u00e4 ja ihmisen tarkistama.<\/p>\n<p class=\"article-body mb-nof-24 px-nof-16 sndp-summary-bullet-point-font\">Espoolainen Sanni Heikkil\u00e4 haki sataa ty\u00f6paikkaa ja k\u00e4vi 35 haastattelussa ennen kuin sai HR-koordinaattorin paikan.<\/p>\n<p class=\"article-body mb-nof-24 px-nof-16 sndp-summary-bullet-point-font\">Heikkil\u00e4 muutti hakemuksiaan persoonallisemmiksi ja lis\u00e4si konkretiaa, mink\u00e4 j\u00e4lkeen haastattelukutsuja alkoi tulla enemm\u00e4n.<\/p>\n<p class=\"article-body mb-nof-24 px-nof-16 sndp-summary-bullet-point-font\">H\u00e4n korosti hakemuksissa osaamistaan ja persoonaansa sek\u00e4 valmistautui haastatteluihin huolellisesti.<\/p>\n<p class=\"article-body mb-nof-24 px-nof-16\">Ty\u00f6nhaku on raskasta ja turhauttavaa. Vaikka k\u00e4visi kymmeniss\u00e4 haastatteluissa ja tekisi kaikkensa, satojen hakijoiden joukosta joku kiilaa silti edelle.<\/p>\n<p class=\"article-body mb-nof-24 px-nof-16\">Espoolainen <a class=\"article-personlink\" href=\"https:\/\/www.hs.fi\/haku\/?query=Sanni%20Heikkil%C3%A4\" rel=\"nofollow noopener\" target=\"_blank\">Sanni Heikkil\u00e4<\/a> haki niin paljon t\u00f6it\u00e4, ett\u00e4 jo itse hakeminen kerrytti er\u00e4\u00e4nlaisen ty\u00f6kokemuksen ja n\u00e4kemyksen siit\u00e4, mit\u00e4 kannattaa tehd\u00e4 paremmin.<\/p>\n<p class=\"article-body mb-nof-24 px-nof-16\">Heikkil\u00e4 j\u00e4i viime syksyn\u00e4 ty\u00f6tt\u00f6m\u00e4ksi HR-konsultin teht\u00e4vist\u00e4\u00e4n muutos\u00adneuvotteluiden seurauksena. H\u00e4n oli seitsem\u00e4n kuukautta ty\u00f6tt\u00f6m\u00e4n\u00e4, kunnes toukokuun lopussa sai HR-koordinaattorin paikan energia-alan yrityksest\u00e4.<\/p>\n<p class=\"article-body mb-nof-24 px-nof-16\">Seitsem\u00e4n kuukauden aikana Heikkil\u00e4 ehti hakea l\u00e4hes 100:aa avointa HR-alan ty\u00f6paikkaa. Usein hakijoita yhteen pestiin oli 100\u2013250. Heikkil\u00e4 p\u00e4\u00e4si 25 haussa eteenp\u00e4in, ja kun osa niist\u00e4 oli monivaiheisia, haastatteluita kertyi 35.<\/p>\n<p class=\"article-body mb-nof-24 px-nof-16\">Jos ne jaettaisiin tasaisesti seitsem\u00e4lle kuukaudelle, haastatteluita olisi v\u00e4hint\u00e4\u00e4n kerran viikossa.<\/p>\n<p class=\"article-body mb-nof-24 px-nof-16\">Hakemusrumban aikana Heikkil\u00e4 sai monia oivalluksia.<\/p>\n<p>1. Konkreettiset esimerkit<\/p>\n<p class=\"article-body mb-nof-24 px-nof-16\">Ensin haastattelukutsuja ei juuri kuulunut. Heikkil\u00e4 on aiemmassa ty\u00f6ss\u00e4\u00e4n rekrytoinut itse, joten kun kutsuja ei tullut, h\u00e4n ajatteli, ett\u00e4 on erottauduttava paremmin ja lis\u00e4tt\u00e4v\u00e4 hakemukseen enemm\u00e4n konkretiaa.<\/p>\n<p class=\"article-body mb-nof-24 px-nof-16\">Kirjoissakin ensimm\u00e4iset lauseet joko nappaavat mukaansa tai tylsistytt\u00e4v\u00e4t niin, ettei jaksa lukea pidemm\u00e4lle. Heikkil\u00e4 teki hakemuksiinsa rakenteen, joissa on ytimek\u00e4s aloitus, sitten tiukkaa tietoa osaamisesta ja lopuksi hieman huumoria.<\/p>\n<p class=\"article-body mb-nof-24 px-nof-16\">Aloituslauseessa h\u00e4n kertoi olevansa ammatti\u00adtaitoinen HR-asiantuntija, jolla on hymy herk\u00e4ss\u00e4 ja pieni liru kylm\u00e4\u00e4 kahvia aina kupin pohjalla.<\/p>\n<p class=\"article-body mb-nof-24 px-nof-16\">Toisin kuin ty\u00f6nhaku\u00adoppaissa ehk\u00e4 neuvotaan, Heikkil\u00e4 ei koskaan yksil\u00f6inyt hakemuskirjett\u00e4 juuri tiettyyn paikkaan. H\u00e4n halusi v\u00e4ltt\u00e4\u00e4 erityisesti lauseita \u201dhaen teille, koska&#8230;\u201d tai \u201dhain t\u00e4h\u00e4n teht\u00e4v\u00e4\u00e4n, koska&#8230;\u201d, sill\u00e4 tiesi kaikkien kirjoittavan niin.<\/p>\n<p class=\"article-body mb-nof-24 px-nof-16\">Sen sijaan h\u00e4n kertoi, miksi on alun alkaen halunnut HR-teht\u00e4viin. H\u00e4n haluaa olla ty\u00f6ntekij\u00f6iden tukena vaikeissa tilanteissa ja tiet\u00e4\u00e4, kuinka asiat pit\u00e4\u00e4 ty\u00f6ehto\u00adsopimuksen ja ty\u00f6aika\u00adlain puitteissa tehd\u00e4.<\/p>\n<p>2. Ripaus huumoria<\/p>\n<p class=\"article-body mb-nof-24 px-nof-16\">Loppuun Heikkil\u00e4 kirjoitti olevansa oman el\u00e4m\u00e4ns\u00e4 Remontti-Reiska, barista ja koiratrimmaaja. H\u00e4n my\u00f6s mainitsi olevansa syksyihminen, joka inhoaa hellett\u00e4 ja korianteria.<\/p>\n<p class=\"article-body mb-nof-24 px-nof-16\">\u201dMoni haastattelija sitten sanoikin, ett\u00e4 min\u00e4k\u00e4\u00e4n en kyll\u00e4 yht\u00e4\u00e4n tykk\u00e4\u00e4 korianterista. Siit\u00e4 huomasi, ett\u00e4 he olivat todella lukeneet hakemuksen.\u201d<\/p>\n<p><img decoding=\"async\" src=\"https:\/\/www.europesays.com\/fi\/wp-content\/uploads\/2025\/09\/1759212848_444_468.jpg\" alt=\"Heikkil\u00e4 viihtyy sadan hakemuksen j\u00e4lkeen saamassaan ty\u00f6paikassa eritt\u00e4in hyvin.\" class=\"_Img_tdqg8_1\" style=\"aspect-ratio:0.6666666666666666\" loading=\"eager\"\/><\/p>\n<p class=\"article-picture-caption\">Heikkil\u00e4 viihtyy sadan hakemuksen j\u00e4lkeen saamassaan ty\u00f6paikassa eritt\u00e4in hyvin. Kuva:\u00a0Kimmo R\u00e4is\u00e4nen<\/p>\n<p>3. Anna persoonan n\u00e4ky\u00e4<\/p>\n<p class=\"article-body mb-nof-24 px-nof-16\">Ty\u00f6haastattelut j\u00e4nnittiv\u00e4t Heikkil\u00e4\u00e4 aluksi viet\u00e4v\u00e4sti. Jo edelt\u00e4v\u00e4n\u00e4 p\u00e4iv\u00e4n\u00e4 alkoi tunne, ett\u00e4 olisipa se jo ohi.<\/p>\n<p class=\"article-body mb-nof-24 px-nof-16\">Kun haastatteluja tuli haastattelun per\u00e4\u00e4n, j\u00e4nnitys katosi.<\/p>\n<p class=\"article-body mb-nof-24 px-nof-16\">\u201dJotenkin vain totuin tilanteeseen, jossa minua syyn\u00e4t\u00e4\u00e4n.\u201d<\/p>\n<p class=\"article-body mb-nof-24 px-nof-16\">Aluksi Heikkil\u00e4 yritti esitt\u00e4\u00e4 virallista ja hillitty\u00e4 ihmist\u00e4. Sitten h\u00e4n alkoi ajatella, ett\u00e4 on parempi olla oma nauravainen itsens\u00e4.<\/p>\n<p>4. Valmistaudu haastatteluun<\/p>\n<p class=\"article-body mb-nof-24 px-nof-16\">Ennen haastatteluja Heikkil\u00e4 luki ty\u00f6teht\u00e4v\u00e4n kuvauksen huolellisesti, tutustui yritykseen ja sen arvoihin ja kirjasi ajatuksiaan paperille. H\u00e4n my\u00f6s mietti mahdollisia kysymyksi\u00e4 ja vastauksia yst\u00e4viens\u00e4 kanssa.<\/p>\n<p class=\"article-body mb-nof-24 px-nof-16\">Ainakin puolessa haastatteluista kysyttiin vahvuuksien j\u00e4lkeen klassikko\u00adkysymys: miss\u00e4 et ole hyv\u00e4?<\/p>\n<p class=\"article-body mb-nof-24 px-nof-16\">Siihen Heikkil\u00e4 vastasi, ett\u00e4 on huono delegoimaan, koska yritt\u00e4\u00e4 aina selviyty\u00e4 itsekseen. Vastauksen on h\u00e4nen mielest\u00e4\u00e4n hyv\u00e4 olla rehellinen, mutta kuitenkin sellainen, ettei se saa itse\u00e4 t\u00e4ysin huonoon valoon.<\/p>\n<p class=\"article-body mb-nof-24 px-nof-16\">\u201dSe on mielest\u00e4ni ik\u00e4vin kysymys. Kannattaa mietti\u00e4 tarkkaan, mit\u00e4 siihen sanoo. Ei valehdella, mutta ei kuitenkaan v\u00e4ltt\u00e4m\u00e4tt\u00e4 kertoa sit\u00e4, miss\u00e4 on oikeasti todella huono.\u201d<\/p>\n<p class=\"article-body mb-nof-24 px-nof-16\">Vaikka hakemukseen Heikkil\u00e4 ei kirjoittanut, miksi hakee kyseist\u00e4 ty\u00f6paikkaa, haastatteluun h\u00e4n mietti sen valmiiksi, sill\u00e4 sit\u00e4 kysyttiin k\u00e4yt\u00e4nn\u00f6ss\u00e4 joka kerta. Haastatteluissa my\u00f6s kysyttiin usein esimerkkej\u00e4 onnistumisista ja kokemuksesta. Niit\u00e4kin kannattaa mietti\u00e4 Heikkil\u00e4n mukaan valmiiksi.<\/p>\n<p>5. P\u00e4ivit\u00e4 osaamistasi<\/p>\n<p class=\"article-body mb-nof-24 px-nof-16\">Heikkil\u00e4 k\u00e4vi ty\u00f6tt\u00f6myys\u00adaikanaan palkanlaskentaan liittyv\u00e4n kurssin. Sen lis\u00e4\u00e4minen ansioluetteloon tuntui lis\u00e4\u00e4v\u00e4\u00e4n haastattelu\u00adkutsujen m\u00e4\u00e4r\u00e4\u00e4. Erilaiset kurssit ja lis\u00e4koulutukset osoittavat h\u00e4nen mielest\u00e4\u00e4n my\u00f6s motivaatiota.<\/p>\n<p class=\"article-body mb-nof-24 px-nof-16\">\u201dEi tietenk\u00e4\u00e4n kannata k\u00e4yd\u00e4 mit\u00e4 tahansa, ett\u00e4 saisi ansioluetteloon vain jotakin. Kannattaa mietti\u00e4, millaisiin ty\u00f6teht\u00e4viin haluaa ja onko siihen jotakin lis\u00e4koulutus\u00admahdollisuuksia.\u201d<\/p>\n<p class=\"article-body mb-nof-24 px-nof-16\">Koulutukset ovat usein maksullisia. Heikkil\u00e4n taloudellinen tilanne s\u00e4ilyi ty\u00f6tt\u00f6myys\u00adajankin hyv\u00e4n\u00e4, koska h\u00e4n sai ansio\u00adsidonnaista ja h\u00e4nell\u00e4 oli s\u00e4\u00e4st\u00f6j\u00e4. Se auttoi jaksamaan hakemusrumbaa.<\/p>\n<p class=\"article-body mb-nof-24 px-nof-16\">Heikkil\u00e4 sai my\u00f6s paljon henkist\u00e4 tukea perheelt\u00e4\u00e4n ja yst\u00e4vilt\u00e4\u00e4n, jotka my\u00f6s vinkkailivat avoimia ty\u00f6paikkoja.<\/p>\n<p class=\"article-body mb-nof-24 px-nof-16\">H\u00e4n ajattelee ty\u00f6paikan saamisen olevan my\u00f6s sattumasta kiinni.<\/p>\n<p class=\"article-body mb-nof-24 px-nof-16\">\u201dItsell\u00e4kin oli huonoa tuuria monessa prosessissa. Esimerkiksi yhdess\u00e4 yritys myytiin juuri ennen palkkaus\u00adp\u00e4\u00e4t\u00f6st\u00e4 ja kaikki rekryt kiellettiin.\u201d<\/p>\n<p><img decoding=\"async\" src=\"https:\/\/www.europesays.com\/fi\/wp-content\/uploads\/2025\/09\/1759212848_212_468.jpg\" alt=\"Heikkil\u00e4 kuvattiin ty\u00f6paikallaan Nevelin konttorilla Triplassa.\" class=\"_Img_tdqg8_1\" style=\"aspect-ratio:1.5\" loading=\"eager\"\/><\/p>\n<p class=\"article-picture-caption\">Heikkil\u00e4 kuvattiin ty\u00f6paikallaan Nevelin konttorilla Triplassa. Kuva:\u00a0Kimmo R\u00e4is\u00e4nen<\/p>\n","protected":false},"excerpt":{"rendered":"Ty\u00f6nhaku|Haastattelukutsuja alkoi tulla, kun Sanni Heikkil\u00e4 oivalsi viisi asiaa. H\u00e4n esimerkiksi muutti ty\u00f6hakemustensa rakenteen. Lue tiivistelm\u00e4 Tiivistelm\u00e4 on&hellip;\n","protected":false},"author":2,"featured_media":49258,"comment_status":"","ping_status":"","sticky":false,"template":"","format":"standard","meta":{"footnotes":""},"categories":[5],"tags":[22,23,26,27,33,31,30,17,46,24,25,28,29,15,18,21,32,19,20,16],"class_list":{"0":"post-49257","1":"post","2":"type-post","3":"status-publish","4":"format-standard","5":"has-post-thumbnail","7":"category-otsikot","8":"tag-breaking-news","9":"tag-breakingnews","10":"tag-featured-news","11":"tag-featurednews","12":"tag-fi","13":"tag-finland","14":"tag-finnish","15":"tag-headlines","16":"tag-helsingin-sanomat","17":"tag-latest-news","18":"tag-latestnews","19":"tag-main-news","20":"tag-mainnews","21":"tag-news","22":"tag-otsikot","23":"tag-paauutiset","24":"tag-suomi","25":"tag-top-stories","26":"tag-topstories","27":"tag-uutiset"},"share_on_mastodon":{"url":"","error":""},"_links":{"self":[{"href":"https:\/\/www.europesays.com\/fi\/wp-json\/wp\/v2\/posts\/49257","targetHints":{"allow":["GET"]}}],"collection":[{"href":"https:\/\/www.europesays.com\/fi\/wp-json\/wp\/v2\/posts"}],"about":[{"href":"https:\/\/www.europesays.com\/fi\/wp-json\/wp\/v2\/types\/post"}],"author":[{"embeddable":true,"href":"https:\/\/www.europesays.com\/fi\/wp-json\/wp\/v2\/users\/2"}],"replies":[{"embeddable":true,"href":"https:\/\/www.europesays.com\/fi\/wp-json\/wp\/v2\/comments?post=49257"}],"version-history":[{"count":0,"href":"https:\/\/www.europesays.com\/fi\/wp-json\/wp\/v2\/posts\/49257\/revisions"}],"wp:featuredmedia":[{"embeddable":true,"href":"https:\/\/www.europesays.com\/fi\/wp-json\/wp\/v2\/media\/49258"}],"wp:attachment":[{"href":"https:\/\/www.europesays.com\/fi\/wp-json\/wp\/v2\/media?parent=49257"}],"wp:term":[{"taxonomy":"category","embeddable":true,"href":"https:\/\/www.europesays.com\/fi\/wp-json\/wp\/v2\/categories?post=49257"},{"taxonomy":"post_tag","embeddable":true,"href":"https:\/\/www.europesays.com\/fi\/wp-json\/wp\/v2\/tags?post=49257"}],"curies":[{"name":"wp","href":"https:\/\/api.w.org\/{rel}","templated":true}]}}