{"id":49325,"date":"2025-09-30T07:34:08","date_gmt":"2025-09-30T07:34:08","guid":{"rendered":"https:\/\/www.europesays.com\/fi\/49325\/"},"modified":"2025-09-30T07:34:08","modified_gmt":"2025-09-30T07:34:08","slug":"raharemontti-televisiosta-tuttu-topi-31-haluaa-velkansa-kuitattua-ja-saada-jotakin-saastoon","status":"publish","type":"post","link":"https:\/\/www.europesays.com\/fi\/49325\/","title":{"rendered":"Raharemontti: Televisiosta tuttu Topi, 31, haluaa velkansa kuitattua ja saada jotakin s\u00e4\u00e4st\u00f6\u00f6n"},"content":{"rendered":"<p>Topi Kauppinen haluaisi muuttaa tytt\u00f6yst\u00e4v\u00e4ns\u00e4 kanssa yhteen. Haaveissa on jopa omistusasunto, mutta sit\u00e4 ennen Kauppisen pit\u00e4isi saada taloutensa kuntoon.<\/p>\n<p class=\"article-body mb-nof-24 px-nof-16\">Raharemontin tulevassa jaksossa tavataan Vantaalla asuva <a class=\"article-personlink\" href=\"https:\/\/www.is.fi\/haku\/?query=Topi%20Kauppinen,\" rel=\"nofollow noopener\" target=\"_blank\">Topi Kauppinen,<\/a> 31. Kauppinen on jo ennest\u00e4\u00e4n televisiosta tuttu, nimitt\u00e4in osa televisiokatsojista saattaa muistaa h\u00e4net tv-sarjoista Tehtaan sankarit \u2013\u2009Onnea etsim\u00e4ss\u00e4 (2018) ja Topi \u2013 nuoren miehen el\u00e4m\u00e4\u00e4 (2020\u20132021).<\/p>\n<p class=\"article-body mb-nof-24 px-nof-16\">Nyt Kauppinen pyrkii saamaan talouttaan parempaan jiiriin, sill\u00e4 h\u00e4n haaveilee yhteen muuttamisesta tytt\u00f6yst\u00e4v\u00e4ns\u00e4 kanssa ja mahdollisesti jopa yhteisest\u00e4 omistusasunnosta.<\/p>\n<p class=\"article-body mb-nof-24 px-nof-16\">Millainen Kauppisen rahatilanne sitten on? <\/p>\n<p class=\"article-body mb-nof-24 px-nof-16\">Autoalalla ty\u00f6skentelev\u00e4 mies tienaa 2200 kuukaudessa nettona. H\u00e4nen asuntonsa vuokra on hieman p\u00e4\u00e4lle 800 euroa, joka ei ole p\u00e4\u00e4kaupunkiseudulla poikkeuksellisen paljon.<\/p>\n<p class=\"article-body mb-nof-24 px-nof-16\">Yksi suurista kuluista liittyy kulkemiseen, Kauppisella menee siihen kuukaudessa 450 euroa. T\u00e4m\u00e4 selittyy Kauppisen isokulutuksellisella Mercedes-Benzill\u00e4.<\/p>\n<p class=\"article-body mb-nof-24 px-nof-16\">\u2013\u2009Jos t\u00e4m\u00e4n tankkaa ihan h\u00f6yryist\u00e4 asti t\u00e4yteen, niin se on 120 euroa paukku. T\u00e4m\u00e4 imaisee sit\u00e4 tavaraa n\u00e4tisti ajettuna v\u00e4h\u00e4n alle yhdeks\u00e4n litraa satasella, Kauppinen kertoo polttoainekuluistaan.<\/p>\n<p class=\"article-body mb-nof-24 px-nof-16\">Ohjelman talousasiantuntija<a class=\"article-personlink\" href=\"https:\/\/www.is.fi\/haku\/?query=%20Joni%20Rintamaa\" rel=\"nofollow noopener\" target=\"_blank\"> Joni Rintamaa<\/a> huomauttaa, ett\u00e4 hyvien julkisten yhteyksien ja ty\u00f6paikkansa l\u00e4hell\u00e4 asuvalla Kauppisella voisi menn\u00e4 huomattavasti v\u00e4hemm\u00e4n rahaa kulkemiseen.<\/p>\n<p class=\"article-body mb-nof-24 px-nof-16\">\u2013\u2009Tuossa ei ole vasta kuin bensa- ja huoltokulut, siin\u00e4 ei ole esimerkiksi auton vakuutus- tai rahoituskuluja, Rintamaa my\u00f6s sanoo.<\/p>\n<p class=\"article-body mb-nof-24 px-nof-16\">Muut menot -osioon Kauppisella meneekin 600 euroa kuukaudessa. Summaan kuuluu muun muassa auton lainakulut ja vakuutusmaksut.<\/p>\n<p class=\"article-body mb-nof-24 px-nof-16\">\u2013\u2009Eih\u00e4n minulla ole mit\u00e4\u00e4n j\u00e4rkev\u00e4\u00e4 syyt\u00e4 omistaa tuollaista autoa. Olen kokeillut taloudellisesti fiksumpia autojakin, mutta en koe olevani niiss\u00e4 niin sanotusti kotona samalla tavalla kuin tuossa, Kauppinen pohtii.<\/p>\n<p><img decoding=\"async\" src=\"https:\/\/www.europesays.com\/fi\/wp-content\/uploads\/2025\/09\/1759217648_753_468.jpg\" alt=\"Raharemontin uuden kauden kolmosjaksossa tavataan et\u00e4suhteessa oleva Topi Kauppinen, joka haaveilee muuttavansa tytt\u00f6yst\u00e4v\u00e4n kanssa yhteen.\" class=\"_Img_tdqg8_1\" style=\"aspect-ratio:1.5011727912431587\" loading=\"eager\"\/><\/p>\n<p class=\"article-picture-caption\">Raharemontin uuden kauden kolmosjaksossa tavataan et\u00e4suhteessa oleva Topi Kauppinen, joka haaveilee muuttavansa tytt\u00f6yst\u00e4v\u00e4n kanssa yhteen. Kuva:\u00a0Dan Beled \/ Banijay Finland Oy \/ Sanoma<\/p>\n<p class=\"article-body mb-nof-24 px-nof-16\">Rintamaa kertoo lopulta Kauppiselle, ett\u00e4 automies ylikuluttaa 450 euroa kuukaudessa.<\/p>\n<p class=\"article-body mb-nof-24 px-nof-16\">Yst\u00e4v\u00e4 toteaa jaksossa, ett\u00e4 Kauppinen on kiltti ja mukava ihminen, joka on tehnyt nuoruudessaan joitakin h\u00f6lm\u00f6j\u00e4 valintoja. Kauppinen itsekin puhuu veloistaan, jotka liittyv\u00e4t vahvasti autoihin.<\/p>\n<p class=\"article-body mb-nof-24 px-nof-16\">\u2013 Jos en v\u00e4\u00e4rin muista, niin pienimmill\u00e4\u00e4n velkavyyhtini on ollut 2 000 euroa. Sitten tein autokauppaa, ja yht\u00e4kki\u00e4 sit\u00e4 velkaa olikin noin 20 000 euroa. Nyt se on noin 9 000 euroa. Veloissani kummittele viel\u00e4 kolme tai nelj\u00e4 entist\u00e4 autoani.<\/p>\n<p class=\"article-body mb-nof-24 px-nof-16\">Kauppinen toivoo, ett\u00e4 tulevaisuudessa h\u00e4nell\u00e4 olisi s\u00e4\u00e4st\u00f6ss\u00e4 jonkin verran rahaa, jos joitakin taloudellisia yll\u00e4tyksi\u00e4 tulee vastaan. Rintamaa ja ohjelman juontaja <a class=\"article-personlink\" href=\"https:\/\/www.is.fi\/haku\/?query=Jaana%20Pelkonen\" rel=\"nofollow noopener\" target=\"_blank\">Jaana Pelkonen <\/a>ohjaavat Kauppista t\u00e4lle tielle, mutta n\u00e4ht\u00e4v\u00e4ksi j\u00e4\u00e4, millaisista asioista h\u00e4n on valmis luopumaan.<\/p>\n<p class=\"article-body nof-ui-body-medium mb-nof-24 px-nof-16\">Ilta-Sanomat kuuluu samaan konserniin kuin Nelonen ja Ruutu.<\/p>\n<p class=\"article-body nof-ui-body-medium mb-nof-24 px-nof-16\">Raharemontti, klo 20.00 tiistaina 30.9. &amp; Ruudussa.<\/p>\n","protected":false},"excerpt":{"rendered":"Topi Kauppinen haluaisi muuttaa tytt\u00f6yst\u00e4v\u00e4ns\u00e4 kanssa yhteen. Haaveissa on jopa omistusasunto, mutta sit\u00e4 ennen Kauppisen pit\u00e4isi saada taloutensa&hellip;\n","protected":false},"author":2,"featured_media":49326,"comment_status":"","ping_status":"","sticky":false,"template":"","format":"standard","meta":{"footnotes":""},"categories":[5],"tags":[22,23,26,27,33,31,30,17,34,24,25,28,29,15,18,21,32,19,20,16],"class_list":{"0":"post-49325","1":"post","2":"type-post","3":"status-publish","4":"format-standard","5":"has-post-thumbnail","7":"category-otsikot","8":"tag-breaking-news","9":"tag-breakingnews","10":"tag-featured-news","11":"tag-featurednews","12":"tag-fi","13":"tag-finland","14":"tag-finnish","15":"tag-headlines","16":"tag-ilta-sanomat","17":"tag-latest-news","18":"tag-latestnews","19":"tag-main-news","20":"tag-mainnews","21":"tag-news","22":"tag-otsikot","23":"tag-paauutiset","24":"tag-suomi","25":"tag-top-stories","26":"tag-topstories","27":"tag-uutiset"},"share_on_mastodon":{"url":"","error":""},"_links":{"self":[{"href":"https:\/\/www.europesays.com\/fi\/wp-json\/wp\/v2\/posts\/49325","targetHints":{"allow":["GET"]}}],"collection":[{"href":"https:\/\/www.europesays.com\/fi\/wp-json\/wp\/v2\/posts"}],"about":[{"href":"https:\/\/www.europesays.com\/fi\/wp-json\/wp\/v2\/types\/post"}],"author":[{"embeddable":true,"href":"https:\/\/www.europesays.com\/fi\/wp-json\/wp\/v2\/users\/2"}],"replies":[{"embeddable":true,"href":"https:\/\/www.europesays.com\/fi\/wp-json\/wp\/v2\/comments?post=49325"}],"version-history":[{"count":0,"href":"https:\/\/www.europesays.com\/fi\/wp-json\/wp\/v2\/posts\/49325\/revisions"}],"wp:featuredmedia":[{"embeddable":true,"href":"https:\/\/www.europesays.com\/fi\/wp-json\/wp\/v2\/media\/49326"}],"wp:attachment":[{"href":"https:\/\/www.europesays.com\/fi\/wp-json\/wp\/v2\/media?parent=49325"}],"wp:term":[{"taxonomy":"category","embeddable":true,"href":"https:\/\/www.europesays.com\/fi\/wp-json\/wp\/v2\/categories?post=49325"},{"taxonomy":"post_tag","embeddable":true,"href":"https:\/\/www.europesays.com\/fi\/wp-json\/wp\/v2\/tags?post=49325"}],"curies":[{"name":"wp","href":"https:\/\/api.w.org\/{rel}","templated":true}]}}