{"id":49383,"date":"2025-09-30T08:43:07","date_gmt":"2025-09-30T08:43:07","guid":{"rendered":"https:\/\/www.europesays.com\/fi\/49383\/"},"modified":"2025-09-30T08:43:07","modified_gmt":"2025-09-30T08:43:07","slug":"hyvasti-younet-koko-painajainen-elm-streetilla-elokuvasarja-tulee-suomessa-suoratoistoon-torstaina","status":"publish","type":"post","link":"https:\/\/www.europesays.com\/fi\/49383\/","title":{"rendered":"Hyv\u00e4sti y\u00f6unet! Koko Painajainen Elm Streetill\u00e4 -elokuvasarja tulee Suomessa suoratoistoon torstaina"},"content":{"rendered":"<p>\n    <a href=\"https:\/\/www.europesays.com\/fi\/wp-content\/uploads\/2025\/09\/painajainen-elm-streetilla-4-robert-englund-freddy-krueger.jpg\"><img fetchpriority=\"high\" decoding=\"async\" aria-describedby=\"caption-attachment-896526\" class=\"size-full wp-image-896526 awpo-lazy\" alt=\"Painajainen Elm Streetill\u00e4 4 - Unien valtias\" width=\"1920\" height=\"1080\"  data- src=\"https:\/\/www.europesays.com\/fi\/wp-content\/uploads\/2025\/09\/painajainen-elm-streetilla-4-robert-englund-freddy-krueger.jpg\"\/><\/a><\/p>\n<p id=\"caption-attachment-896526\" class=\"wp-caption-text\">Kuva: \u00a9 Warner Bros. Pictures<\/p>\n<p><strong>Freddy Krueger silpoo teinej\u00e4 HBO Maxissa torstaista l\u00e4htien.<\/strong><\/p>\n<p>HBO Max on vahvistanut kaikkien alkuper\u00e4isten <a href=\"https:\/\/muropaketti.com\/avainsana\/painajainen-elm-streetilla\/\" rel=\"nofollow noopener\" target=\"_blank\">Painajainen Elm Streetill\u00e4 -elokuvien<\/a> saapuvan palveluun torstaina 2. lokakuuta.<\/p>\n<p>Luvassa ovat siis:<\/p>\n<ul>\n<li>Painajainen Elm Streetill\u00e4 (A Nightmare On Elm Street)<\/li>\n<li>Painajainen Elm Streetill\u00e4 2 \u2013 Freddyn kosto (A Nightmare On Elm Street Part 2 Freddy\u2019s Revenge)<\/li>\n<li>Painajainen Elm Streetill\u00e4 3 \u2013 Unien soturit (A Nightmare On Elm Street 3: Dream Warriors)<\/li>\n<li>Painajainen Elm Streetill\u00e4 4 \u2013 Unien valtias (A Nightmare On Elm Street 4: The Dream Master)<\/li>\n<li>Painajainen Elm Streetill\u00e4 5 \u2013 Painajaisten lapsi (A Nightmare On Elm Street 5: The Dream Child)<\/li>\n<li>Freddyn kuolema \u2013 Viimeinen painajainen Elm Streetill\u00e4 (Freddy\u2019s Dead: The Final Nightmare)<\/li>\n<li>Painajainen Elm Streetill\u00e4 7: Uusi painajainen (Wes Craven\u2019s New Nightmare)<\/li>\n<\/ul>\n<p>Vuoden 2010 Painajainen Elm Streetill\u00e4 -kierr\u00e4tyst\u00e4 ei HBO Maxista l\u00f6ydy sen enemp\u00e4\u00e4 kuin muistakaan kuukausimaksullisista suoratoistopalveluista, mutta se nyt on vain ja ainoastaan hyv\u00e4 asia. T\u00e4ss\u00e4kin kohtaa on vanhassa vara parempi.<\/p>\n<blockquote class=\"wp-embedded-content\" data-secret=\"F4jalbl61N\">\n<p><a href=\"https:\/\/muropaketti.com\/elokuvat\/elokuva-artikkelit\/hbo-maxin-tarkeimmat-uudet-sarjat-ja-elokuvat-lokakuussa-2025\/\" rel=\"nofollow noopener\" target=\"_blank\">HBO Maxin t\u00e4rkeimm\u00e4t uudet sarjat ja elokuvat lokakuussa 2025<\/a><\/p>\n<\/blockquote>\n<p><strong>Katso Painajainen Elm Streetill\u00e4<\/strong><\/p>\n","protected":false},"excerpt":{"rendered":"Kuva: \u00a9 Warner Bros. Pictures Freddy Krueger silpoo teinej\u00e4 HBO Maxissa torstaista l\u00e4htien. HBO Max on vahvistanut kaikkien&hellip;\n","protected":false},"author":2,"featured_media":49384,"comment_status":"","ping_status":"","sticky":false,"template":"","format":"standard","meta":{"footnotes":""},"categories":[131],"tags":[155,137,33,173,31,30,280,172,12307,32,109],"class_list":{"0":"post-49383","1":"post","2":"type-post","3":"status-publish","4":"format-standard","5":"has-post-thumbnail","7":"category-elokuvat","8":"tag-elokuvat","9":"tag-entertainment","10":"tag-fi","11":"tag-film","12":"tag-finland","13":"tag-finnish","14":"tag-hbo-max","15":"tag-movies","16":"tag-painajainen-elm-streetilla","17":"tag-suomi","18":"tag-viihde"},"share_on_mastodon":{"url":"","error":""},"_links":{"self":[{"href":"https:\/\/www.europesays.com\/fi\/wp-json\/wp\/v2\/posts\/49383","targetHints":{"allow":["GET"]}}],"collection":[{"href":"https:\/\/www.europesays.com\/fi\/wp-json\/wp\/v2\/posts"}],"about":[{"href":"https:\/\/www.europesays.com\/fi\/wp-json\/wp\/v2\/types\/post"}],"author":[{"embeddable":true,"href":"https:\/\/www.europesays.com\/fi\/wp-json\/wp\/v2\/users\/2"}],"replies":[{"embeddable":true,"href":"https:\/\/www.europesays.com\/fi\/wp-json\/wp\/v2\/comments?post=49383"}],"version-history":[{"count":0,"href":"https:\/\/www.europesays.com\/fi\/wp-json\/wp\/v2\/posts\/49383\/revisions"}],"wp:featuredmedia":[{"embeddable":true,"href":"https:\/\/www.europesays.com\/fi\/wp-json\/wp\/v2\/media\/49384"}],"wp:attachment":[{"href":"https:\/\/www.europesays.com\/fi\/wp-json\/wp\/v2\/media?parent=49383"}],"wp:term":[{"taxonomy":"category","embeddable":true,"href":"https:\/\/www.europesays.com\/fi\/wp-json\/wp\/v2\/categories?post=49383"},{"taxonomy":"post_tag","embeddable":true,"href":"https:\/\/www.europesays.com\/fi\/wp-json\/wp\/v2\/tags?post=49383"}],"curies":[{"name":"wp","href":"https:\/\/api.w.org\/{rel}","templated":true}]}}