{"id":49421,"date":"2025-09-30T09:18:08","date_gmt":"2025-09-30T09:18:08","guid":{"rendered":"https:\/\/www.europesays.com\/fi\/49421\/"},"modified":"2025-09-30T09:18:08","modified_gmt":"2025-09-30T09:18:08","slug":"mies-kuoli-traktorin-hiekkasirottimeen-kuopiossa-syyttaja-vaatii-ehdollista-vankeutta-kuolemantuottamuksesta","status":"publish","type":"post","link":"https:\/\/www.europesays.com\/fi\/49421\/","title":{"rendered":"Mies kuoli traktorin hiekkasirottimeen Kuopiossa, syytt\u00e4j\u00e4 vaatii ehdollista vankeutta kuolemantuottamuksesta"},"content":{"rendered":"<p>Oikeudenk\u00e4ynnit|Ty\u00f6tapaturma tapahtui Kuopiossa noin puolitoista vuotta sitten.<\/p>\n<p class=\"article-body mb-nof-24 px-nof-16\">Pohjois-Savon k\u00e4r\u00e4j\u00e4oikeudessa k\u00e4sitell\u00e4\u00e4n t\u00e4n\u00e4\u00e4n kuolemaan johtanutta ty\u00f6tapaturmaa, joka tapahtui Kuopiossa noin puolitoista vuotta sitten.<\/p>\n<p class=\"article-body mb-nof-24 px-nof-16\">Syytt\u00e4j\u00e4 vaatii ehdollista vankeutta kahdelle kiinteist\u00f6palveluyrityksen vastuuhenkil\u00f6lle. Syytteen mukaan toimitusjohtaja ja palveluesimies syyllistyiv\u00e4t kuolemantuottamukseen ja ty\u00f6turvallisuusrikokseen.<\/p>\n<p class=\"article-body mb-nof-24 px-nof-16\">Kiinteist\u00f6palveluyrityksen ty\u00f6ntekij\u00e4 kuoli maaliskuussa 2023 Kuopiossa j\u00e4\u00e4ty\u00e4\u00e4n kiinni hiekoituskoneen akseliin. Poliisi arvioi tuolloin tuoreeltaan, ett\u00e4 asiassa ei ep\u00e4ill\u00e4 rikosta. It\u00e4-Suomen aluehallintovirasto teki kuitenkin rikosilmoituksen.<\/p>\n<p class=\"article-body mb-nof-24 px-nof-16\">Aluehallintovirasto kertoi huhtikuussa 2023, ett\u00e4 ty\u00f6ntekij\u00e4 oli ollut hiekoittamassa pihoja ja mennyt traktorin per\u00e4ss\u00e4 olleen hiekoituskoneen luo t\u00e4ytt\u00e4m\u00e4\u00e4n konetta hiekalla. H\u00e4nen hihansa tarttui koneen sekoitinakseliin, kun h\u00e4n hakkasi paakkuuntunutta hiekkaa lapiolla. Ty\u00f6ntekij\u00e4 kietoutui konevoimalla py\u00f6riv\u00e4\u00e4n akseliin ja kuoli. Syytt\u00e4j\u00e4n haastehakemuksen mukaan h\u00e4n menehtyi tukehtumalla.<\/p>\n<p class=\"article-body mb-nof-24 px-nof-16\">Syytetyt kiist\u00e4v\u00e4t syyllistyneens\u00e4 rikokseen. He katsovat Pohjois-Savon k\u00e4r\u00e4j\u00e4oikeudelle l\u00e4hett\u00e4m\u00e4ss\u00e4\u00e4n kirjallisessa vastauksessa, ett\u00e4 ty\u00f6ntekij\u00e4 toimi vastoin annettuja ohjeita.<\/p>\n<p class=\"article-body mb-nof-24 px-nof-16\">Syytt\u00e4j\u00e4n mukaan kiinteist\u00f6palveluyrityksess\u00e4 laiminly\u00f6tiin jatkuvasti ty\u00f6turvallisuuteen liittyvi\u00e4 velvollisuuksia. Syytt\u00e4j\u00e4 vaatii yritykselle 25\u202f000 euron yhteis\u00f6sakkoa.<\/p>\n<p class=\"article-body mb-nof-24 px-nof-16\">\u201dVelvollisuuksien laiminly\u00f6nnist\u00e4 on aiheutunut yhti\u00f6n useille ty\u00f6ntekij\u00f6ille pitk\u00e4aikaista hengen ja terveyden menett\u00e4misen vaaraa. Yhti\u00f6 on laiminly\u00f6nyt n\u00e4m\u00e4 velvollisuutensa tarkastajien nimenomaisista ja toistuvista huomautuksista huolimatta\u201d, katsoo syytt\u00e4j\u00e4 haastehakemuksessa.<\/p>\n<p class=\"article-body mb-nof-24 px-nof-16\">Syytetyt my\u00f6nt\u00e4v\u00e4t vastauksessaan, ett\u00e4 yrityksess\u00e4 oli tehty useita ty\u00f6suojelutarkastuksia, joiden mukaan ty\u00f6n vaarojen arviointia ei ollut tehty kirjallisessa muodossa. Yhti\u00f6ss\u00e4 k\u00e4vi tarkastaja vuosina 2014, 2021 ja 2022. Viimeinen tarkastus tehtiin maaliskuussa 2023, pari viikkoa kuolemaan johtaneen onnettomuuden j\u00e4lkeen.<\/p>\n","protected":false},"excerpt":{"rendered":"Oikeudenk\u00e4ynnit|Ty\u00f6tapaturma tapahtui Kuopiossa noin puolitoista vuotta sitten. Pohjois-Savon k\u00e4r\u00e4j\u00e4oikeudessa k\u00e4sitell\u00e4\u00e4n t\u00e4n\u00e4\u00e4n kuolemaan johtanutta ty\u00f6tapaturmaa, joka tapahtui Kuopiossa noin&hellip;\n","protected":false},"author":2,"featured_media":83,"comment_status":"","ping_status":"","sticky":false,"template":"","format":"standard","meta":{"footnotes":""},"categories":[5],"tags":[22,23,26,27,33,31,30,17,46,24,25,28,29,15,18,21,32,19,20,16],"class_list":{"0":"post-49421","1":"post","2":"type-post","3":"status-publish","4":"format-standard","5":"has-post-thumbnail","7":"category-otsikot","8":"tag-breaking-news","9":"tag-breakingnews","10":"tag-featured-news","11":"tag-featurednews","12":"tag-fi","13":"tag-finland","14":"tag-finnish","15":"tag-headlines","16":"tag-helsingin-sanomat","17":"tag-latest-news","18":"tag-latestnews","19":"tag-main-news","20":"tag-mainnews","21":"tag-news","22":"tag-otsikot","23":"tag-paauutiset","24":"tag-suomi","25":"tag-top-stories","26":"tag-topstories","27":"tag-uutiset"},"share_on_mastodon":{"url":"","error":""},"_links":{"self":[{"href":"https:\/\/www.europesays.com\/fi\/wp-json\/wp\/v2\/posts\/49421","targetHints":{"allow":["GET"]}}],"collection":[{"href":"https:\/\/www.europesays.com\/fi\/wp-json\/wp\/v2\/posts"}],"about":[{"href":"https:\/\/www.europesays.com\/fi\/wp-json\/wp\/v2\/types\/post"}],"author":[{"embeddable":true,"href":"https:\/\/www.europesays.com\/fi\/wp-json\/wp\/v2\/users\/2"}],"replies":[{"embeddable":true,"href":"https:\/\/www.europesays.com\/fi\/wp-json\/wp\/v2\/comments?post=49421"}],"version-history":[{"count":0,"href":"https:\/\/www.europesays.com\/fi\/wp-json\/wp\/v2\/posts\/49421\/revisions"}],"wp:featuredmedia":[{"embeddable":true,"href":"https:\/\/www.europesays.com\/fi\/wp-json\/wp\/v2\/media\/83"}],"wp:attachment":[{"href":"https:\/\/www.europesays.com\/fi\/wp-json\/wp\/v2\/media?parent=49421"}],"wp:term":[{"taxonomy":"category","embeddable":true,"href":"https:\/\/www.europesays.com\/fi\/wp-json\/wp\/v2\/categories?post=49421"},{"taxonomy":"post_tag","embeddable":true,"href":"https:\/\/www.europesays.com\/fi\/wp-json\/wp\/v2\/tags?post=49421"}],"curies":[{"name":"wp","href":"https:\/\/api.w.org\/{rel}","templated":true}]}}