{"id":49466,"date":"2025-09-30T10:25:07","date_gmt":"2025-09-30T10:25:07","guid":{"rendered":"https:\/\/www.europesays.com\/fi\/49466\/"},"modified":"2025-09-30T10:25:07","modified_gmt":"2025-09-30T10:25:07","slug":"innon-kansainvaliset-tahdet-helsingin-kirjamessuilla","status":"publish","type":"post","link":"https:\/\/www.europesays.com\/fi\/49466\/","title":{"rendered":"Innon kansainv\u00e4liset t\u00e4hdet Helsingin Kirjamessuilla"},"content":{"rendered":"<p><strong><\/p>\n<p>Into Kustannus tuo Helsingin Kirjamessuille 60 satoa j\u00e4ljell\u00e4 -kirjan kirjoittajan Philip Lymberyn, joka kuuluu kansainv\u00e4lisesti koko elintarvikealan vaikutusvaltaisimpiin henkil\u00f6ihin. Messujen ohjelmassa on mukana my\u00f6s Pohjoismaiden suosituimpiin rikoskirjailijoihin lukeutuva Anders de la Motte.<\/p>\n<p><\/strong><\/p>\n<p>Brittil\u00e4inen tietokirjailija, professori ja Compassion in World Farming -j\u00e4rjest\u00f6n toiminnanjohtaja<strong>\u00a0Philip Lymbery<\/strong> esiintyy perjantaina 24.10. klo 14.30 Hakaniemi-lavalla. Kirjassaan\u00a0<a href=\"https:\/\/intokustannus.fi\/kirja\/60-satoa-jaljella\/\" rel=\"nofollow noopener\" target=\"_blank\">60 satoa j\u00e4ljell\u00e4<\/a> Lymbery kertoo konkreettisella tavalla, miten maatalous ja ruoantuotanto voivat olla osa ratkaisua ilmastonmuutokseen ja luonnon monimuotoisuuden suojeluun, sen sijaan ett\u00e4 ne olisivat ongelman ytimess\u00e4. CIWF:n johdossa Lymbery on tehnyt yhteisty\u00f6t\u00e4 yli 800 elintarvikeyrityksen kanssa eri puolilla maailmaa, ja h\u00e4nt\u00e4 pidet\u00e4\u00e4n yhten\u00e4 koko elintarvikealan vaikutusvaltaisimmista henkil\u00f6ist\u00e4. H\u00e4nelt\u00e4 on aiemmin julkaistu kiitetyt teokset Farmageddon\u00a0(Into, 2018) ja\u00a0Dead Zone\u00a0(Into, 2021).<\/p>\n<p>Lymbery\u00e4 on mahdollista tavata ja haastatella Helsingiss\u00e4 keskiviikosta perjantaihin 22.\u201324.10. Haastattelupyynn\u00f6t: <a href=\"https:\/\/www.sttinfo.fi\/tiedote\/71483895\/mailto:maria.rossi@intokustannus.fi\" rel=\"nofollow noopener\" target=\"_blank\">maria.rossi@intokustannus.fi<\/a><\/p>\n<p>Ruotsalainen entinen poliisi <strong>Anders de la Motte<\/strong> on kivunnut Kadonneet sielut -sarjallaan bestseller-listojen k\u00e4rkisijoille useissa maissa, ja sarjan oikeudet on myyty yli 20 maahan. Sarjan ensimm\u00e4inen osa <a href=\"https:\/\/intokustannus.fi\/kirja\/kerailija\/\" rel=\"nofollow noopener\" target=\"_blank\">Ker\u00e4ilij\u00e4<\/a> julkaistiin suomeksi 2024 ja toinen osa <a href=\"https:\/\/intokustannus.fi\/kirja\/lasiprinssi\/\" rel=\"nofollow noopener\" target=\"_blank\">Lasiprinssi<\/a> t\u00e4n\u00e4 vuonna.\u00a0<strong>Sofi Oksanen<\/strong> haastattelee de la Mottea et\u00e4yhteyden v\u00e4lityksell\u00e4 perjantaina 24.10. klo 19.00 Hakaniemi-lavalla.\u00a0<\/p>\n<p><strong>Kotimaisia kirjailijat\u00e4hti\u00e4 ja ajankohtaisia keskusteluja<\/strong><\/p>\n<p>Into Kustannuksella on Helsingin Kirjamessuilla kaksi osastoa (6f70 &amp; 6k40) ja nelj\u00e4kymment\u00e4 ohjelmanumeroa. Uutuuskirjoistaan kertovat muun muassa\u00a0<strong>Riina Tanskanen<\/strong>, <strong>Risto Isom\u00e4ki<\/strong>, <strong>Eveliina Talvitie,<\/strong>\u00a0<strong>Tatiana Elf, Jani Kaaro, Pekka Kauppi<\/strong>\u00a0ja <strong>Outi Airola.<\/strong>\u00a0Dekkarilauantain ohjelmassa ovat mukana\u00a0<strong>Kati Routa<\/strong>\u00a0ja <strong>Antti Vihinen.<\/strong><\/p>\n<p>Into j\u00e4rjest\u00e4\u00e4 messuilla my\u00f6s useita keskusteluja ajankohtaisista teemoista. <strong>Laura Juntunen<\/strong>\u00a0ja <strong>Heini Kilpam\u00e4ki<\/strong> puhuvat <strong>Kale Puontin<\/strong> kanssa syrj\u00e4ytymisest\u00e4 ja katuv\u00e4kivallasta. <strong>Riina Tanskanen<\/strong>, <strong>Koko Hubara<\/strong>, <strong>Noora Vallinkoski<\/strong> ja <strong>Vesa Rantama<\/strong> puolestaan pohtivat, kenell\u00e4 on en\u00e4\u00e4 varaa sivistykseen. Englanninkielisess\u00e4\u00a0Solar Visions -keskustelussa <strong>Risto Isom\u00e4ki<\/strong>, <strong>Peter Lund<\/strong>, <strong>Eva Biaudet<\/strong> ja <strong>Saransh Verma<\/strong> avaavat, miten kansalaisyhteiskunnat pelastavat maailmaa globaalien yhteisty\u00f6kirjojen avulla. Edell\u00e4 mainittujen aiheiden lis\u00e4ksi keskustellaan arktisesta alueesta, immersiivisist\u00e4 \u00e4\u00e4nikirjoista ja feministisest\u00e4 kauhusta.\u00a0<\/p>\n<p><strong>Katso koko ohjelma-aikataulumme <a href=\"https:\/\/issuu.com\/intokustannus\/docs\/helsingin_kirjamessut_2025_-_ohjelma\" rel=\"nofollow noopener\" target=\"_blank\">T\u00c4\u00c4LT\u00c4 &gt;&gt;<\/a><\/strong><\/p>\n<p>Into Kustannuksella on ohjelmaa t\u00e4n\u00e4 syksyn\u00e4 my\u00f6s muun muassa\u00a0<a href=\"https:\/\/intokustannus.fi\/tapahtuma\/innon-kirjailijat-turun-kirjamessuilla-3-5-10-2025\/\" rel=\"nofollow noopener\" target=\"_blank\">Turun<\/a>, <a href=\"https:\/\/intokustannus.fi\/tapahtuma\/innon-kirjailijat-oulun-kirjamessuilla-10-12-10-2025-2\/\" rel=\"nofollow noopener\" target=\"_blank\">Oulun<\/a>, <a href=\"https:\/\/intokustannus.fi\/tapahtuma\/innon-kirjailijat-jyvaskylan-kirjamessuilla-2025\/\" rel=\"nofollow noopener\" target=\"_blank\">Jyv\u00e4skyl\u00e4n<\/a> ja <a href=\"https:\/\/intokustannus.fi\/tapahtuma\/innon-kirjailijat-tampereen-kirjafestareilla-2025\/\" rel=\"nofollow noopener\" target=\"_blank\">Tampereen<\/a> kirjamessuilla.<\/p>\n","protected":false},"excerpt":{"rendered":"Into Kustannus tuo Helsingin Kirjamessuille 60 satoa j\u00e4ljell\u00e4 -kirjan kirjoittajan Philip Lymberyn, joka kuuluu kansainv\u00e4lisesti koko elintarvikealan vaikutusvaltaisimpiin&hellip;\n","protected":false},"author":2,"featured_media":49467,"comment_status":"","ping_status":"","sticky":false,"template":"","format":"standard","meta":{"footnotes":""},"categories":[134],"tags":[377,137,33,31,30,378,32,109],"class_list":{"0":"post-49466","1":"post","2":"type-post","3":"status-publish","4":"format-standard","5":"has-post-thumbnail","7":"category-kirjat","8":"tag-books","9":"tag-entertainment","10":"tag-fi","11":"tag-finland","12":"tag-finnish","13":"tag-kirjat","14":"tag-suomi","15":"tag-viihde"},"share_on_mastodon":{"url":"","error":""},"_links":{"self":[{"href":"https:\/\/www.europesays.com\/fi\/wp-json\/wp\/v2\/posts\/49466","targetHints":{"allow":["GET"]}}],"collection":[{"href":"https:\/\/www.europesays.com\/fi\/wp-json\/wp\/v2\/posts"}],"about":[{"href":"https:\/\/www.europesays.com\/fi\/wp-json\/wp\/v2\/types\/post"}],"author":[{"embeddable":true,"href":"https:\/\/www.europesays.com\/fi\/wp-json\/wp\/v2\/users\/2"}],"replies":[{"embeddable":true,"href":"https:\/\/www.europesays.com\/fi\/wp-json\/wp\/v2\/comments?post=49466"}],"version-history":[{"count":0,"href":"https:\/\/www.europesays.com\/fi\/wp-json\/wp\/v2\/posts\/49466\/revisions"}],"wp:featuredmedia":[{"embeddable":true,"href":"https:\/\/www.europesays.com\/fi\/wp-json\/wp\/v2\/media\/49467"}],"wp:attachment":[{"href":"https:\/\/www.europesays.com\/fi\/wp-json\/wp\/v2\/media?parent=49466"}],"wp:term":[{"taxonomy":"category","embeddable":true,"href":"https:\/\/www.europesays.com\/fi\/wp-json\/wp\/v2\/categories?post=49466"},{"taxonomy":"post_tag","embeddable":true,"href":"https:\/\/www.europesays.com\/fi\/wp-json\/wp\/v2\/tags?post=49466"}],"curies":[{"name":"wp","href":"https:\/\/api.w.org\/{rel}","templated":true}]}}