{"id":49471,"date":"2025-09-30T10:31:09","date_gmt":"2025-09-30T10:31:09","guid":{"rendered":"https:\/\/www.europesays.com\/fi\/49471\/"},"modified":"2025-09-30T10:31:09","modified_gmt":"2025-09-30T10:31:09","slug":"vain-elamaa-viivi-yllattaa-vauva-asiasta-paljastus","status":"publish","type":"post","link":"https:\/\/www.europesays.com\/fi\/49471\/","title":{"rendered":"Vain el\u00e4m\u00e4\u00e4 -VIIVI yll\u00e4tt\u00e4\u00e4 &#8211; vauva-asiasta paljastus"},"content":{"rendered":"<p>Vain el\u00e4m\u00e4\u00e4 -ohjelmassa vietet\u00e4\u00e4n perjantaina VIIVIn p\u00e4iv\u00e4\u00e4. Lukuisista hiteist\u00e4\u00e4n tunnettu upea 26-vuotias artisti on saavuttanut urallaan jo paljon: moninkertaista platinaa, loppuunmyytyj\u00e4 konsertteja ja suuria festivaalilavoja. <\/p>\n<p>Artistina VIIVI on toteuttanut haaveensa, mutta r\u00e4pp\u00e4ri Lauri Haav haluaa tiet\u00e4\u00e4, millaisia haaveita h\u00e4nell\u00e4 on tulevaisuudelle.<\/p>\n<p>\u2013 Ehk\u00e4 ylip\u00e4\u00e4t\u00e4\u00e4n el\u00e4m\u00e4ss\u00e4 suurin unelmani on se, ett\u00e4 haluaisin kovasti olla \u00e4iti jonain p\u00e4iv\u00e4n\u00e4. Haluaisin lapsia, VIIVI sanoo.<\/p>\n<p>H\u00e4n on pohtinut paljon oman uravalintansa vaikutuksista unelman toteutumiseen.<\/p>\n<p>\u2013 Olen miettinyt todella paljon, ett\u00e4 kun on t\u00e4llainen ura, joka vaatii ihan kaiken, ja oman perheen saaminen on suuri unelmani, niin onko mahdollista saada ne molemmat? Tuntuu typer\u00e4lt\u00e4, ett\u00e4 pit\u00e4isi luopua t\u00e4ysin t\u00e4st\u00e4 saadakseen sen.<\/p>\n<p>Jonna opastaa VIIVI\u00e4<\/p>\n<p>Ohjelmassa Jonna Tervomaa toteaa heti, ettei VIIVIn todellakaan tarvitse luopua urastaan perhehaaveidensa takia.<\/p>\n<p>\u2013 Mit\u00e4 olen oppinut tuntemaan sinua t\u00e4\u00e4ll\u00e4 ja mit\u00e4 olet kertonut turvaverkostasi, luulen, ettei sinulla ole huolen h\u00e4iv\u00e4\u00e4. Anna palaa vaan! Ehdit tehd\u00e4 sen kaiken, h\u00e4n sanoo.<\/p>\n<p>Kaikki artistit ovat Jonnan kanssa samaa mielt\u00e4.<\/p>\n<p>\u2013 Tulee eri el\u00e4m\u00e4nvaiheita. Pit\u00e4\u00e4 luottaa siihen, ett\u00e4 el\u00e4m\u00e4 kantaa, Vesta toteaa.<\/p>\n<p>Lue my\u00f6s: <a href=\"https:\/\/www.como.fi\/uutiset\/laulaja-viivi-perusti-yhtion-nain-sille-kavi\/\" title=\"Laulaja Viivi perusti yhti\u00f6n \u2013 n\u00e4in sille k\u00e4vi!\" class=\"underline-custom !font-montserrat !font-bold !underline-offset-4 !decoration-4 !decoration-red-600 !text-md\" rel=\"nofollow noopener\" target=\"_blank\">Laulaja Viivi perusti yhti\u00f6n \u2013 n\u00e4in sille k\u00e4vi!<\/a><\/p>\n<p>Lue my\u00f6s: <a href=\"https:\/\/www.como.fi\/uutiset\/laulaja-viivi-tonttuili-seuraajat-repesivat-nyt-on-hyvaa-kontenttii\/\" title=\"Laulaja Viivi tonttuili \u2013 seuraajat repesiv\u00e4t: \u201dNyt on hyv\u00e4\u00e4 kontenttii\u201d\" class=\"underline-custom !font-montserrat !font-bold !underline-offset-4 !decoration-4 !decoration-red-600 !text-md\" rel=\"nofollow noopener\" target=\"_blank\">Laulaja Viivi tonttuili \u2013 seuraajat repesiv\u00e4t: \u201dNyt on hyv\u00e4\u00e4 kontenttii\u201d<\/a><\/p>\n<p>Vain el\u00e4m\u00e4\u00e4 n\u00e4hd\u00e4\u00e4n Nelosella perjantaisin klo 20. J\u00e4ljell\u00e4 ovat VIIVIn j\u00e4lkeen viel\u00e4 seuraavat p\u00e4iv\u00e4t:<\/p>\n<p>10.10. Lauri Haavin p\u00e4iv\u00e4<\/p>\n<p>17.10. Mikki Kausteen p\u00e4iv\u00e4<\/p>\n<p>24.10. Vestan p\u00e4iv\u00e4<\/p>\n<p>31.10. Johannes Brotheruksen p\u00e4iv\u00e4<\/p>\n<p>7.11. Kunniavieras Remu Aaltosen p\u00e4iv\u00e4<\/p>\n<p>14.11. Kunniavieras Pepe Willbergin p\u00e4iv\u00e4<\/p>\n<p>21.11. Kunniavieras Marion Rungin p\u00e4iv\u00e4<\/p>\n<p>28.11. MIELI-p\u00e4iv\u00e4<\/p>\n<p>5.12. Kaikki biisit 1\/2<\/p>\n<p>12.12. Kaikki biisit 2\/2<\/p>\n<p>19.12. Joulusikerm\u00e4 (kooste aikaisemmilta kausilta)<\/p>\n<p>Lue my\u00f6s: <a href=\"https:\/\/www.como.fi\/tilaa-comon-uutiskirje\/\" title=\"Tilaa Comon uutiskirje ja tied\u00e4t mist\u00e4 kahvitauolla puhutaan! Nappaa kotimaan tv-vinkit ja puheenaiheet suoraan s\u00e4hk\u00f6postiin t\u00e4st\u00e4.\" class=\"underline-custom !font-montserrat !font-bold !underline-offset-4 !decoration-4 !decoration-red-600 !text-md\" rel=\"nofollow noopener\" target=\"_blank\">Tilaa Comon uutiskirje ja tied\u00e4t mist\u00e4 kahvitauolla puhutaan! Nappaa kotimaan tv-vinkit ja puheenaiheet suoraan s\u00e4hk\u00f6postiin t\u00e4st\u00e4.<\/a><\/p>\n","protected":false},"excerpt":{"rendered":"Vain el\u00e4m\u00e4\u00e4 -ohjelmassa vietet\u00e4\u00e4n perjantaina VIIVIn p\u00e4iv\u00e4\u00e4. Lukuisista hiteist\u00e4\u00e4n tunnettu upea 26-vuotias artisti on saavuttanut urallaan jo paljon:&hellip;\n","protected":false},"author":2,"featured_media":49472,"comment_status":"","ping_status":"","sticky":false,"template":"","format":"standard","meta":{"footnotes":""},"categories":[130],"tags":[137,33,31,30,32,109,4945],"class_list":{"0":"post-49471","1":"post","2":"type-post","3":"status-publish","4":"format-standard","5":"has-post-thumbnail","7":"category-viihde","8":"tag-entertainment","9":"tag-fi","10":"tag-finland","11":"tag-finnish","12":"tag-suomi","13":"tag-viihde","14":"tag-viivi"},"share_on_mastodon":{"url":"","error":""},"_links":{"self":[{"href":"https:\/\/www.europesays.com\/fi\/wp-json\/wp\/v2\/posts\/49471","targetHints":{"allow":["GET"]}}],"collection":[{"href":"https:\/\/www.europesays.com\/fi\/wp-json\/wp\/v2\/posts"}],"about":[{"href":"https:\/\/www.europesays.com\/fi\/wp-json\/wp\/v2\/types\/post"}],"author":[{"embeddable":true,"href":"https:\/\/www.europesays.com\/fi\/wp-json\/wp\/v2\/users\/2"}],"replies":[{"embeddable":true,"href":"https:\/\/www.europesays.com\/fi\/wp-json\/wp\/v2\/comments?post=49471"}],"version-history":[{"count":0,"href":"https:\/\/www.europesays.com\/fi\/wp-json\/wp\/v2\/posts\/49471\/revisions"}],"wp:featuredmedia":[{"embeddable":true,"href":"https:\/\/www.europesays.com\/fi\/wp-json\/wp\/v2\/media\/49472"}],"wp:attachment":[{"href":"https:\/\/www.europesays.com\/fi\/wp-json\/wp\/v2\/media?parent=49471"}],"wp:term":[{"taxonomy":"category","embeddable":true,"href":"https:\/\/www.europesays.com\/fi\/wp-json\/wp\/v2\/categories?post=49471"},{"taxonomy":"post_tag","embeddable":true,"href":"https:\/\/www.europesays.com\/fi\/wp-json\/wp\/v2\/tags?post=49471"}],"curies":[{"name":"wp","href":"https:\/\/api.w.org\/{rel}","templated":true}]}}