{"id":49621,"date":"2025-09-30T14:05:08","date_gmt":"2025-09-30T14:05:08","guid":{"rendered":"https:\/\/www.europesays.com\/fi\/49621\/"},"modified":"2025-09-30T14:05:08","modified_gmt":"2025-09-30T14:05:08","slug":"koripallo-ivan-ivanovic-varoittaa-tallainen-mylly-odottaa-miikka-muurista","status":"publish","type":"post","link":"https:\/\/www.europesays.com\/fi\/49621\/","title":{"rendered":"Koripallo:\u202fIvan Ivanovic varoittaa: T\u00e4llainen mylly odottaa Miikka Muurista"},"content":{"rendered":"<p>Koripallo|Partizan on erinomainen opinahjo Miikka Muuriselle, sanoo Uudenkaupungin Korihaita valmentava Ivan Ivanovic.<\/p>\n<p>Lue tiivistelm\u00e4<\/p>\n<p>Tiivistelm\u00e4 on teko\u00e4lyn tekem\u00e4 ja ihmisen tarkistama.<\/p>\n<p class=\"article-body mb-nof-24 px-nof-16 sndp-summary-bullet-point-font\">Korisliigavalmentaja Ivan Ivanovic kertoo Partizan Belgradin olevan erinomainen opinahjo Miikka Muuriselle.<\/p>\n<p class=\"article-body mb-nof-24 px-nof-16 sndp-summary-bullet-point-font\">Ivanovic kehuu Partizanin faneja Euroopan parhaimmiksi ja hulluimmiksi, ja uskoo Muurisen sopivan hyvin seuran energiseen ymp\u00e4rist\u00f6\u00f6n.<\/p>\n<p class=\"article-body mb-nof-24 px-nof-16 sndp-summary-bullet-point-font\">Valmentaja varoittaa kuitenkin Muurista liiallisesta provosoinnista, sill\u00e4 serbialaisfanit ovat tunnettuja intohimostaan.<\/p>\n<p class=\"article-body mb-nof-24 px-nof-16\">Koripallosensaatio <a class=\"article-personlink\" href=\"https:\/\/www.hs.fi\/haku\/?query=Miikka%20Muurisen\" rel=\"nofollow noopener\" target=\"_blank\">Miikka Muurisen<\/a> siirto Euroopan koripallon j\u00e4ttil\u00e4isen Partizanin riveihin oli syksyn yll\u00e4tysveto.<\/p>\n<p class=\"article-body mb-nof-24 px-nof-16\">Pohjoisamerikkalaiselle pelaajapolulle l\u00e4htenyt Muurinen vaihtaa ainakin vuodeksi Yhdysvaltain lukiopelit monta pyk\u00e4l\u00e4\u00e4 kovempiin Euroliigan peleihin.<\/p>\n<p class=\"article-body mb-nof-24 px-nof-16\">Samalla paineet nousevat merkitt\u00e4v\u00e4sti. Adrianmeren liigan kahdeksankertainen mestari on vuosittain voittajasuosikki joka kilpailussa, johon seura ottaa osaa.<\/p>\n<p class=\"article-body mb-nof-24 px-nof-16\">Uudenkaupungin Korihaiden p\u00e4\u00e4valmentaja <a class=\"article-personlink\" href=\"https:\/\/www.hs.fi\/haku\/?query=Ivan%20Ivanovic\" rel=\"nofollow noopener\" target=\"_blank\">Ivan Ivanovic<\/a> tiet\u00e4\u00e4, miten kovaan paikkaan Muurinen pian joutuu. 45-vuotias montenegrolainen pelasi pitk\u00e4n pelaajauransa aikana muun muassa juuri Adrianmeren liigassa ja n\u00e4ki, miten vaativa ymp\u00e4rist\u00f6 serbialainen Partizan on.<\/p>\n<p class=\"article-body mb-nof-24 px-nof-16\">Ivanovic pelasi uransa aikana muun muassa Serbian p\u00e4\u00e4sarjassa ja my\u00f6s mainitussa ABA-liigassa. H\u00e4n on kohdannut useaan otteeseen sek\u00e4 Partizanin ett\u00e4 Belgradin toisen j\u00e4ttiseuran Punaisen t\u00e4hden.<\/p>\n<p class=\"article-body mb-nof-24 px-nof-16\">\u201dNiill\u00e4 seuroilla on Euroopan parhaat ja hulluimmat fanit. Uskon, ett\u00e4 Muurinen tulee tykk\u00e4\u00e4m\u00e4\u00e4n siit\u00e4 ymp\u00e4rist\u00f6st\u00e4. H\u00e4n tykk\u00e4\u00e4 n\u00e4ytt\u00e4\u00e4 tunteitaan ja pelaa energisesti. H\u00e4n sopii sinne\u201d, Ivanovic sanoo.<\/p>\n<p class=\"article-body mb-nof-24 px-nof-16\">Ivanovic kehuu my\u00f6s Partizanin maineikasta valmentajaa <a class=\"article-personlink\" href=\"https:\/\/www.hs.fi\/haku\/?query=%C5%BDeljko%20Obradovi%C4%87ia\" rel=\"nofollow noopener\" target=\"_blank\">\u017deljko Obradovi\u0107ia<\/a>. H\u00e4n on voittanut valmentajana Euroliigan per\u00e4ti yhdeks\u00e4n kertaa ja koko joukon muita titteleit\u00e4 my\u00f6s.<\/p>\n<p class=\"article-body mb-nof-24 px-nof-16\">Ivanovic uskoo, ett\u00e4 kilpailuhenkinen Muurinen sopii hyvin vaativan Obradovi\u0107in alaisuuteen. Joukkueen harjoitukset ovat tunnetusti eritt\u00e4in kovia, ja Muurinen kehittyy pelk\u00e4st\u00e4\u00e4n jo vaativassa harjoitusymp\u00e4rist\u00f6ss\u00e4.<\/p>\n<p class=\"article-body mb-nof-24 px-nof-16\">H\u00e4nen ymp\u00e4rill\u00e4\u00e4n on koko joukko Euroopan parhaita koripalloilijoita.<\/p>\n<p class=\"article-body mb-nof-24 px-nof-16\">\u201dTuossa opissa h\u00e4nen pelins\u00e4 kehittyy varmasti. H\u00e4n varmasti nauttii my\u00f6s ymp\u00e4rist\u00f6st\u00e4. En ole huolissani my\u00f6sk\u00e4\u00e4n peliajan suhteen, sill\u00e4 Partizan pelaa kauden aikana l\u00e4hes 80 kilpailullista ottelua. Muuriselle riitt\u00e4\u00e4 varmasti vastuuta.\u201d<\/p>\n<p class=\"article-body mb-nof-24 px-nof-16\">Lue lis\u00e4\u00e4: <a class=\"article-genericlink\" href=\"https:\/\/www.hs.fi\/urheilu\/art-2000011489453.html\" rel=\"nofollow noopener\" target=\"_blank\">Miikka Muurinen, 18, on poikkeuksellinen donkki\u00adhirmu: \u201dTodella paljon hermostollista nopeaa voimaa\u201d<\/a><\/p>\n<p><img decoding=\"async\" src=\"https:\/\/www.europesays.com\/fi\/wp-content\/uploads\/2025\/09\/1759241108_564_468.jpg\" alt=\"Ivan Ivanovic aloittaa toisen kautensa Korihaiden p\u00e4\u00e4valmentajana.\" class=\"_Img_tdqg8_1\" style=\"aspect-ratio:1.5\" loading=\"eager\"\/><\/p>\n<p class=\"article-picture-caption\">Ivan Ivanovic aloittaa toisen kautensa Korihaiden p\u00e4\u00e4valmentajana. Kuva:\u00a0Elmeri Elo \/ All Over Press<\/p>\n<p class=\"article-body mb-nof-24 px-nof-16\">Belgrad on riehakas koripallokaupunki. Kuten Ivanovic korosti, Partizanin ja Punaisen t\u00e4hden fanit ovat intohimoisia ja riehakkaita.<\/p>\n<p class=\"article-body mb-nof-24 px-nof-16\">Tunnelma peleiss\u00e4 on hurja, eiv\u00e4tk\u00e4 kannattajat j\u00e4t\u00e4 omien joukkueidensa v\u00e4rej\u00e4 hallilta poistuttuaan.<\/p>\n<p class=\"article-body mb-nof-24 px-nof-16\">T\u00e4m\u00e4 kannattaa Muurisenkin muistaa, Ivanovic sanoo. H\u00e4n ei pelaajana pelk\u00e4\u00e4 n\u00e4ytt\u00e4\u00e4 tunteitaan ja ajoittain my\u00f6s provosoi vastustajia tuuletuksillaan.<\/p>\n<p class=\"article-body mb-nof-24 px-nof-16\">Serbiassa kannattaa mietti\u00e4 toimiaan kahdesti.<\/p>\n<p class=\"article-body mb-nof-24 px-nof-16\">\u201dPartizanin kannattajat tulevat takuuvarmasti rakastamaan Muurista juuri h\u00e4nen pelityylins\u00e4 ja intohimonsa vuoksi.\u201d<\/p>\n<p class=\"article-body mb-nof-24 px-nof-16\">Ent\u00e4 Punaisen t\u00e4hden kannattajat, jos Muurinen esitt\u00e4\u00e4 EM-kisoista tuttuja eleit\u00e4 ja elkeit\u00e4 vastustajille?<\/p>\n<p class=\"article-body mb-nof-24 px-nof-16\">\u201dNoh, eik\u00f6h\u00e4n h\u00e4n aika nopeasti tajua, mik\u00e4 on homman nimi\u201d, Ivanovic sanoo.<\/p>\n<p class=\"article-body mb-nof-24 px-nof-16\">\u201dEn suosittelisi, ett\u00e4 hirve\u00e4sti soittaa siell\u00e4 suuta. Fakta joka tapauksessa on, ett\u00e4 Partizanissa paineet ovat monella tapaa kovemmat kuin miss\u00e4\u00e4n muualla. Jos h\u00e4n selvi\u00e4\u00e4 siit\u00e4 koulusta, niin h\u00e4n p\u00e4rj\u00e4\u00e4 aivan miss\u00e4 tahansa.\u201d<\/p>\n<p class=\"article-body nof-ui-body-medium mb-nof-24 px-nof-16\">Miesten Korisliiga alkaa perjantaina 3. lokakuuta.<\/p>\n<p><img decoding=\"async\" src=\"https:\/\/www.europesays.com\/fi\/wp-content\/uploads\/2025\/09\/1759241108_764_468.jpg\" alt=\"Miikka Muurinen valloitti EM-kisoissa n\u00e4ytt\u00e4vill\u00e4 donkeillaan.\" class=\"_Img_tdqg8_1\" style=\"aspect-ratio:1.4678899082568808\" loading=\"eager\"\/><\/p>\n<p class=\"article-picture-caption\">Miikka Muurinen valloitti EM-kisoissa n\u00e4ytt\u00e4vill\u00e4 donkeillaan. Kuva:\u00a0Jussi Eskola<\/p>\n","protected":false},"excerpt":{"rendered":"Koripallo|Partizan on erinomainen opinahjo Miikka Muuriselle, sanoo Uudenkaupungin Korihaita valmentava Ivan Ivanovic. Lue tiivistelm\u00e4 Tiivistelm\u00e4 on teko\u00e4lyn tekem\u00e4&hellip;\n","protected":false},"author":2,"featured_media":49622,"comment_status":"","ping_status":"","sticky":false,"template":"","format":"standard","meta":{"footnotes":""},"categories":[5],"tags":[22,23,26,27,33,31,30,17,46,24,25,28,29,15,18,21,32,19,20,16],"class_list":{"0":"post-49621","1":"post","2":"type-post","3":"status-publish","4":"format-standard","5":"has-post-thumbnail","7":"category-otsikot","8":"tag-breaking-news","9":"tag-breakingnews","10":"tag-featured-news","11":"tag-featurednews","12":"tag-fi","13":"tag-finland","14":"tag-finnish","15":"tag-headlines","16":"tag-helsingin-sanomat","17":"tag-latest-news","18":"tag-latestnews","19":"tag-main-news","20":"tag-mainnews","21":"tag-news","22":"tag-otsikot","23":"tag-paauutiset","24":"tag-suomi","25":"tag-top-stories","26":"tag-topstories","27":"tag-uutiset"},"share_on_mastodon":{"url":"","error":""},"_links":{"self":[{"href":"https:\/\/www.europesays.com\/fi\/wp-json\/wp\/v2\/posts\/49621","targetHints":{"allow":["GET"]}}],"collection":[{"href":"https:\/\/www.europesays.com\/fi\/wp-json\/wp\/v2\/posts"}],"about":[{"href":"https:\/\/www.europesays.com\/fi\/wp-json\/wp\/v2\/types\/post"}],"author":[{"embeddable":true,"href":"https:\/\/www.europesays.com\/fi\/wp-json\/wp\/v2\/users\/2"}],"replies":[{"embeddable":true,"href":"https:\/\/www.europesays.com\/fi\/wp-json\/wp\/v2\/comments?post=49621"}],"version-history":[{"count":0,"href":"https:\/\/www.europesays.com\/fi\/wp-json\/wp\/v2\/posts\/49621\/revisions"}],"wp:featuredmedia":[{"embeddable":true,"href":"https:\/\/www.europesays.com\/fi\/wp-json\/wp\/v2\/media\/49622"}],"wp:attachment":[{"href":"https:\/\/www.europesays.com\/fi\/wp-json\/wp\/v2\/media?parent=49621"}],"wp:term":[{"taxonomy":"category","embeddable":true,"href":"https:\/\/www.europesays.com\/fi\/wp-json\/wp\/v2\/categories?post=49621"},{"taxonomy":"post_tag","embeddable":true,"href":"https:\/\/www.europesays.com\/fi\/wp-json\/wp\/v2\/tags?post=49621"}],"curies":[{"name":"wp","href":"https:\/\/api.w.org\/{rel}","templated":true}]}}