{"id":49627,"date":"2025-09-30T14:17:07","date_gmt":"2025-09-30T14:17:07","guid":{"rendered":"https:\/\/www.europesays.com\/fi\/49627\/"},"modified":"2025-09-30T14:17:07","modified_gmt":"2025-09-30T14:17:07","slug":"nain-suhde-patrik-laineen-kanssa-alkoi-se-tuntui-erikoiselta","status":"publish","type":"post","link":"https:\/\/www.europesays.com\/fi\/49627\/","title":{"rendered":"N\u00e4in suhde Patrik Laineen kanssa alkoi \u2013 &#8221;Se tuntui erikoiselta&#8221;"},"content":{"rendered":"<p>NHL-kiekkoilija <strong>Patrik Laine <\/strong>meni kes\u00e4ll\u00e4 naimisiin <strong>Jordan<\/strong>-rakkaansa kanssa.<\/p>\n<p>Jordan Laine on nyt puhunut muun muassa kaksikon suhteen alkuvaiheesta Chel Chit Chat -podcastissa. H\u00e4n paljasti tavaneensa kiekkoilijan vieraillessaan Columbuksessa yst\u00e4v\u00e4ns\u00e4 h\u00e4iss\u00e4.<\/p>\n<p>\u2013 Olin takaisin kotona h\u00e4iss\u00e4. No, ei se ollut mitenk\u00e4\u00e4n erityisen romanttista. Olimme baarissa ja p\u00e4\u00e4dyimme tapaamaan, ja pysyimme yhteydess\u00e4 FaceTimen kautta, koska h\u00e4nen piti lent\u00e4\u00e4 takaisin Suomeen jo seuraavana p\u00e4iv\u00e4n\u00e4. Min\u00e4 olin tietenkin itse kaupungissa vain viikonlopun.<\/p>\n<p>\u2013 Jouduin palaamaan takaisin D.C:hen. Mutta se oli v\u00e4h\u00e4n sellainen juttu, jossa tied\u00e4th\u00e4n, yksi FaceTime-puhelu muuttui tuntien mittaisiksi FaceTime-keskusteluiksi. Me puhuimme joka p\u00e4iv\u00e4, oikeastaan koko ajan. Sitten h\u00e4n valvoi todella my\u00f6h\u00e4\u00e4n, koska aikaero on seitsem\u00e4n tuntia.<\/p>\n<p>\u2013 Kuten sanoin aiemmin, tein silloin yritysmaailman ty\u00f6t\u00e4ni. P\u00e4\u00e4sin t\u00f6ist\u00e4 viidelt\u00e4, jolloin on Suomessa jo keskiy\u00f6. Joten joskus h\u00e4n oikeasti valvoi puoleeny\u00f6h\u00f6n asti, jotta voisimme jutella FaceTimessa, ja me jatkoimme keskusteluja koko y\u00f6n l\u00e4pi. Se oli todella s\u00f6p\u00f6\u00e4.<\/p>\n<p>\u2013 H\u00e4n teki t\u00e4llaisia ihania pieni\u00e4 eleit\u00e4. Jos esimerkiksi valvoimme my\u00f6h\u00e4\u00e4n jutellen, h\u00e4n saattoi tilata minulle Uber Eatsin kautta kahvin, joka toimitettiin aamuyhdeks\u00e4n palavereitani ajatellen sill\u00e4 aikaa kun h\u00e4n nukkui. H\u00e4n on todella ajattelevainen, selvitti Jordan Laine.<\/p>\n<p>Nainen paljasti my\u00f6s, ett\u00e4 Laine lensi Suomesta varta vasten tapaamaan h\u00e4nt\u00e4.<\/p>\n<p>\u2013 Muutamaa viikkoa my\u00f6hemmin, h\u00e4nell\u00e4h\u00e4n ei ollut kiekkokausi menossa, l\u00e4hdin Floridaan tytt\u00f6jen reissulle yst\u00e4vieni kanssa. Vietimme viikonlopun Miamissa, ja sen j\u00e4lkeen h\u00e4n lensi Suomesta tapaamaan minua muutamaksi p\u00e4iv\u00e4ksi. Se tuntui erikoiselta, todella suurelta eleelt\u00e4. Mutta j\u00e4lleen kerran: jos h\u00e4n haluaa jotain, h\u00e4n niin tekee. Siit\u00e4 l\u00e4htien olemme oikeastaan olleet erottamattomat.<\/p>\n<p><strong>LUE MY\u00d6S:\u00a0<a href=\"https:\/\/leijonauutiset.fi\/nakokulmat\/nakokulma-leijonat-kusessa-ilman-aleksander-barkovia\/\" target=\"_blank\" rel=\"nofollow noopener\">N\u00e4k\u00f6kulma: Leijonat kusessa ilman Aleksander Barkovia (LeijonatUutiset.fi) <\/a><\/strong><\/p>\n","protected":false},"excerpt":{"rendered":"NHL-kiekkoilija Patrik Laine meni kes\u00e4ll\u00e4 naimisiin Jordan-rakkaansa kanssa. Jordan Laine on nyt puhunut muun muassa kaksikon suhteen alkuvaiheesta&hellip;\n","protected":false},"author":2,"featured_media":49628,"comment_status":"","ping_status":"","sticky":false,"template":"","format":"standard","meta":{"footnotes":""},"categories":[136],"tags":[407,137,33,31,30,408,32,109],"class_list":{"0":"post-49627","1":"post","2":"type-post","3":"status-publish","4":"format-standard","5":"has-post-thumbnail","7":"category-julkkikset","8":"tag-celebrities","9":"tag-entertainment","10":"tag-fi","11":"tag-finland","12":"tag-finnish","13":"tag-julkkikset","14":"tag-suomi","15":"tag-viihde"},"share_on_mastodon":{"url":"","error":""},"_links":{"self":[{"href":"https:\/\/www.europesays.com\/fi\/wp-json\/wp\/v2\/posts\/49627","targetHints":{"allow":["GET"]}}],"collection":[{"href":"https:\/\/www.europesays.com\/fi\/wp-json\/wp\/v2\/posts"}],"about":[{"href":"https:\/\/www.europesays.com\/fi\/wp-json\/wp\/v2\/types\/post"}],"author":[{"embeddable":true,"href":"https:\/\/www.europesays.com\/fi\/wp-json\/wp\/v2\/users\/2"}],"replies":[{"embeddable":true,"href":"https:\/\/www.europesays.com\/fi\/wp-json\/wp\/v2\/comments?post=49627"}],"version-history":[{"count":0,"href":"https:\/\/www.europesays.com\/fi\/wp-json\/wp\/v2\/posts\/49627\/revisions"}],"wp:featuredmedia":[{"embeddable":true,"href":"https:\/\/www.europesays.com\/fi\/wp-json\/wp\/v2\/media\/49628"}],"wp:attachment":[{"href":"https:\/\/www.europesays.com\/fi\/wp-json\/wp\/v2\/media?parent=49627"}],"wp:term":[{"taxonomy":"category","embeddable":true,"href":"https:\/\/www.europesays.com\/fi\/wp-json\/wp\/v2\/categories?post=49627"},{"taxonomy":"post_tag","embeddable":true,"href":"https:\/\/www.europesays.com\/fi\/wp-json\/wp\/v2\/tags?post=49627"}],"curies":[{"name":"wp","href":"https:\/\/api.w.org\/{rel}","templated":true}]}}