{"id":49642,"date":"2025-09-30T14:43:09","date_gmt":"2025-09-30T14:43:09","guid":{"rendered":"https:\/\/www.europesays.com\/fi\/49642\/"},"modified":"2025-09-30T14:43:09","modified_gmt":"2025-09-30T14:43:09","slug":"mikko-leppilammen-huolestuttava-tilanne-paljastui","status":"publish","type":"post","link":"https:\/\/www.europesays.com\/fi\/49642\/","title":{"rendered":"Mikko Leppilammen huolestuttava tilanne paljastui"},"content":{"rendered":"<p>Vuosi 2024 oli Mikko Leppilammen yritykselle vaikea.<\/p>\n<p><img decoding=\"async\" class=\"image image-show image-preview\" src=\"https:\/\/www.europesays.com\/fi\/wp-content\/uploads\/2025\/09\/3418229aed659c40fe57fb9862f90cada7dd41d6a774ab8dc8c80a499d9961a4.jpg\" alt=\"\"\/><img decoding=\"async\" class=\"image image-show\" src=\"https:\/\/www.europesays.com\/fi\/wp-content\/uploads\/2025\/09\/1759243389_439_3418229aed659c40fe57fb9862f90cada7dd41d6a774ab8dc8c80a499d9961a4.jpg\" alt=\"\"\/><\/p>\n<p>Mikko Leppilampi ajautui viime vuonna kohun keski\u00f6\u00f6n. Inka Soveri<\/p>\n<p class=\"paragraph\">N\u00e4yttelij\u00e4 <strong>Mikko Leppilammen<\/strong>, 47, yrityksen ML Entertainment Oy:n tulos on laskenut hurjasti viime vuosien aikana.<\/p>\n<p class=\"paragraph\">Yrityksen tuoreimmasta tilinp\u00e4\u00e4t\u00f6ksest\u00e4 selvi\u00e4\u00e4, ett\u00e4 yrityksen liikevaihto vuonna 2024 oli vain 88 800 euroa. Vuonna 2023 yritys takoi liki 247 400 euron liikevaihdon. Vuonna 2022 yrityksen liikevaihto oli 314 974 euroa.<\/p>\n<p class=\"paragraph\">Viime vuonna yritys teki tappiota 89 870 euron edest\u00e4. Sit\u00e4 edelt\u00e4v\u00e4n\u00e4 vuonna yrityksen liikevoitto oli vain 15 849 euroa, kun vuonna 2022 yrityksen liikevoitto oli 111 199 euroa.<\/p>\n<p class=\"paragraph\">Yrityksen henkil\u00f6st\u00f6kulut ovat puolestaan nousseet. Vuonna 2023 yrityksell\u00e4 oli henkil\u00f6st\u00f6kuluja yhteens\u00e4 noin 22 280 euroa, mutta viime vuonna ne nousivat liki 62 140 euroon. Kyse on l\u00e4hinn\u00e4 palkkakuluista. Yritys ty\u00f6llist\u00e4\u00e4 kaksi henke\u00e4.<\/p>\n<p class=\"paragraph\">Leppilammen yrityksen tuoreimmasta tilinp\u00e4\u00e4t\u00f6ksest\u00e4 uutisoi ensimm\u00e4isen\u00e4 <a href=\"https:\/\/www.seiska.fi\/kotimaa\/mikko-leppilammen-surullinen-tilanne-paljastui\/1942247\" target=\"_blank\" rel=\"noopener nofollow\">Seiska<\/a>.<\/p>\n<p>Mikko Leppilammen yritys on tehnyt viime vuonna tappiota. Esko J\u00e4ms\u00e4<\/p>\n<p class=\"paragraph\">Kev\u00e4\u00e4ll\u00e4 2024 julkisuuteen nostettiin <a href=\"https:\/\/www.iltalehti.fi\/viihdeuutiset\/4a96120b-5054-4e2b-99b0-44b5995b51c8\" rel=\"nofollow noopener\" target=\"_blank\">v\u00e4itteet<\/a> Leppilammen ep\u00e4asiallisesta k\u00e4yt\u00f6ksest\u00e4 kauneushoitolassa. Leppilammesta tehtiin rikosilmoitus huhtikuussa 2024. Syytt\u00e4j\u00e4 teki <a href=\"https:\/\/www.iltalehti.fi\/viihdeuutiset\/e4ad4d5e-f183-4944-b764-74499b70cf18\" rel=\"nofollow noopener\" target=\"_blank\">syytt\u00e4m\u00e4tt\u00e4j\u00e4tt\u00e4misp\u00e4\u00e4t\u00f6ksen<\/a> saman vuoden marraskuussa, sill\u00e4 v\u00e4itetyst\u00e4 seksuaalisesta ahdistelusta ei ollut riitt\u00e4v\u00e4sti n\u00e4ytt\u00f6\u00e4.<\/p>\n<p class=\"paragraph\">Rikosep\u00e4ilyn my\u00f6t\u00e4 Leppilampi eli pitk\u00e4\u00e4n hiljaiseloa. H\u00e4n rikkoi somehiljaisuutensa syyskuussa julkaisemalla itsest\u00e4\u00e4n <a href=\"https:\/\/www.instagram.com\/p\/DOfVwHqgqZq\/\" target=\"_blank\" rel=\"noopener nofollow\">Instagramissa<\/a> kuvan, jonka alakulmassa lukee \u201dSupernote\u201d. Sana viittaa <a href=\"https:\/\/superstar.fi\/artistit\/puhujat\/\" target=\"_blank\" rel=\"noopener nofollow\">Superstar<\/a>-sivustoon, jonka kautta voi tilata suomalaisia artisteja jakamaan hyv\u00e4n el\u00e4m\u00e4n vinkkej\u00e4 yleis\u00f6lle Supernote-puheenvuoroillaan.<\/p>\n<p class=\"paragraph\">Leppilammen esittelysivusta k\u00e4y ilmi, ett\u00e4 omissa Supernote-puheissaan n\u00e4yttelij\u00e4 puhuu muun muassa 25-vuotisesta urastaan, dopamiinikoukustaan sek\u00e4 vastoink\u00e4ymisten arvosta.<\/p>\n<p class=\"paragraph\">Leppilampi kertoi elokuussa <strong>Vappu Pimi\u00e4n<\/strong> Valo Pimi\u00e4ss\u00e4 -podcastissa, milt\u00e4 tuntui, kun rikosep\u00e4ilyn takia kaikki ty\u00f6t loppuivat.<\/p>\n<p class=\"paragraph\">\u2013 Olen pit\u00e4nyt itsest\u00e4\u00e4nselv\u00e4n\u00e4, ett\u00e4 jos min\u00e4 teen asiat n\u00e4in, kehit\u00e4n itse\u00e4ni, pid\u00e4n itseni freesin\u00e4 ja kehit\u00e4n ammattitaitoani, ei ole mahdollisuutta, ett\u00e4 minulta loppuisi ty\u00f6t, Leppilampi pohjusti jaksossa.<\/p>\n<p class=\"paragraph\">\u2013 Ajattele se tilanne, kun kaikki se menee pois, et kelpaa mihink\u00e4\u00e4n. Kuin nopeasti tajuaa, ett\u00e4 ovet sulkeutuvat, tuolit k\u00e4\u00e4ntyv\u00e4t negatiivisella tavalla. Tunnistaa todella vahvasti sen, ett\u00e4 t\u00e4m\u00e4 on maailma, joka ei ole omissa k\u00e4siss\u00e4si, eik\u00e4 ole sinun valinnoistasi kiinni, n\u00e4yttelij\u00e4 jatkoi.<\/p>\n<p class=\"paragraph\">\u2013 Se oli tuossa suhteessa pelottavin tilanne ja h\u00e4tk\u00e4hti siihen, ett\u00e4 mit\u00e4 olen ajatellut ja n\u00e4in ei pit\u00e4nyt k\u00e4yd\u00e4. Voi oikeasti olla niin, ett\u00e4 minulla ei ole tuota ja mist\u00e4 saamme elantomme? Yst\u00e4v\u00e4ni sanoi, kun jotain m\u00e4rehdin, ett\u00e4 silloin ihmiset menev\u00e4t normaalisti johonkin t\u00f6ihin. Sanoin, ett\u00e4 niin, aivan, h\u00e4n lis\u00e4si.<\/p>\n<p><script async src=\"\/\/www.instagram.com\/embed.js\"><\/script><\/p>\n","protected":false},"excerpt":{"rendered":"Vuosi 2024 oli Mikko Leppilammen yritykselle vaikea. Mikko Leppilampi ajautui viime vuonna kohun keski\u00f6\u00f6n. Inka Soveri N\u00e4yttelij\u00e4 Mikko&hellip;\n","protected":false},"author":2,"featured_media":49643,"comment_status":"","ping_status":"","sticky":false,"template":"","format":"standard","meta":{"footnotes":""},"categories":[136],"tags":[35,407,152,155,137,33,31,30,408,718,154,32,140,139,156,109],"class_list":{"0":"post-49642","1":"post","2":"type-post","3":"status-publish","4":"format-standard","5":"has-post-thumbnail","7":"category-julkkikset","8":"tag-24h","9":"tag-celebrities","10":"tag-elokuva-ja-tv-nayttelijat","11":"tag-elokuvat","12":"tag-entertainment","13":"tag-fi","14":"tag-finland","15":"tag-finnish","16":"tag-julkkikset","17":"tag-nayttamotaide","18":"tag-nayttelijat-teatteri","19":"tag-suomi","20":"tag-tv-ja-elokuvat","21":"tag-tv-ohjelmat","22":"tag-tv","23":"tag-viihde"},"share_on_mastodon":{"url":"","error":""},"_links":{"self":[{"href":"https:\/\/www.europesays.com\/fi\/wp-json\/wp\/v2\/posts\/49642","targetHints":{"allow":["GET"]}}],"collection":[{"href":"https:\/\/www.europesays.com\/fi\/wp-json\/wp\/v2\/posts"}],"about":[{"href":"https:\/\/www.europesays.com\/fi\/wp-json\/wp\/v2\/types\/post"}],"author":[{"embeddable":true,"href":"https:\/\/www.europesays.com\/fi\/wp-json\/wp\/v2\/users\/2"}],"replies":[{"embeddable":true,"href":"https:\/\/www.europesays.com\/fi\/wp-json\/wp\/v2\/comments?post=49642"}],"version-history":[{"count":0,"href":"https:\/\/www.europesays.com\/fi\/wp-json\/wp\/v2\/posts\/49642\/revisions"}],"wp:featuredmedia":[{"embeddable":true,"href":"https:\/\/www.europesays.com\/fi\/wp-json\/wp\/v2\/media\/49643"}],"wp:attachment":[{"href":"https:\/\/www.europesays.com\/fi\/wp-json\/wp\/v2\/media?parent=49642"}],"wp:term":[{"taxonomy":"category","embeddable":true,"href":"https:\/\/www.europesays.com\/fi\/wp-json\/wp\/v2\/categories?post=49642"},{"taxonomy":"post_tag","embeddable":true,"href":"https:\/\/www.europesays.com\/fi\/wp-json\/wp\/v2\/tags?post=49642"}],"curies":[{"name":"wp","href":"https:\/\/api.w.org\/{rel}","templated":true}]}}