{"id":49675,"date":"2025-09-30T15:23:09","date_gmt":"2025-09-30T15:23:09","guid":{"rendered":"https:\/\/www.europesays.com\/fi\/49675\/"},"modified":"2025-09-30T15:23:09","modified_gmt":"2025-09-30T15:23:09","slug":"nyt-jysahti-kaikkien-aikojen-sopimus-nhlssa","status":"publish","type":"post","link":"https:\/\/www.europesays.com\/fi\/49675\/","title":{"rendered":"Nyt jys\u00e4hti! Kaikkien aikojen sopimus NHL:ss\u00e4"},"content":{"rendered":"<p>Kirill Kaprizovin kohtalo ratkesi.<\/p>\n<p><img decoding=\"async\" class=\"image image-show image-preview\" src=\"https:\/\/www.europesays.com\/fi\/wp-content\/uploads\/2025\/09\/1759245788_862_af958f163b4478b5a357afd59f5a5c7c469354ccbe378f0aac27756e619ac5c4.jpg\" alt=\"\"\/><img decoding=\"async\" class=\"image image-show\" src=\"https:\/\/www.europesays.com\/fi\/wp-content\/uploads\/2025\/09\/1759245788_752_af958f163b4478b5a357afd59f5a5c7c469354ccbe378f0aac27756e619ac5c4.jpg\" alt=\"\"\/><\/p>\n<p>Kapirzov jatkaa Minnesotassa. AOP<\/p>\n<p class=\"paragraph\">Minnesota Wild ja <strong>Kirill Kaprizov<\/strong>, 28, ovat solmineet jatkosopimuksen.<\/p>\n<p class=\"paragraph\">Jatkosopimus on kahdeksanvuotinen ja kokonaisarvoltaan 136 miljoonaa dollaria. T\u00e4m\u00e4 tarkoittaa ven\u00e4l\u00e4istaiturille 17 miljoonan keskikausiansioita.<\/p>\n<p class=\"paragraph\">Wild tiedotti asiasta <a href=\"https:\/\/www.nhl.com\/wild\/news\/minnesota-wild-signs-kirill-kaprizov-to-an-eight-year-contract-extension-093025\" rel=\"noopener nofollow\" target=\"_blank\">verkkosivuillaan<\/a>.<\/p>\n<p class=\"paragraph\">Kyseess\u00e4 on sek\u00e4 keskikausiansioilla ett\u00e4 kokonaisrahassa mitattuna NHL:n historian suurin sopimus.<\/p>\n<p class=\"paragraph\">Kaprizovin kerrottiin aiemmin hyl\u00e4nneen sopimuksen, joka oli tuonut h\u00e4nelle 16 miljoonan kausitulot.<\/p>\n<p class=\"paragraph\">Kaprizov on rikkonut kerran urallaan sadan pisteen maagisen rajan. H\u00e4n iski kaudella 2021\u201322 hurjat tehot 47+61=108 yhteens\u00e4 81 ottelussa.<\/p>\n","protected":false},"excerpt":{"rendered":"Kirill Kaprizovin kohtalo ratkesi. Kapirzov jatkaa Minnesotassa. AOP Minnesota Wild ja Kirill Kaprizov, 28, ovat solmineet jatkosopimuksen. Jatkosopimus&hellip;\n","protected":false},"author":2,"featured_media":31172,"comment_status":"","ping_status":"","sticky":false,"template":"","format":"standard","meta":{"footnotes":""},"categories":[5],"tags":[35,1144,22,23,26,27,33,31,30,17,1143,24,25,41,28,29,1146,15,18,21,32,1145,19,20,16],"class_list":{"0":"post-49675","1":"post","2":"type-post","3":"status-publish","4":"format-standard","5":"has-post-thumbnail","7":"category-otsikot","8":"tag-24h","9":"tag-ammattilaisjaakiekko","10":"tag-breaking-news","11":"tag-breakingnews","12":"tag-featured-news","13":"tag-featurednews","14":"tag-fi","15":"tag-finland","16":"tag-finnish","17":"tag-headlines","18":"tag-jaakiekko","19":"tag-latest-news","20":"tag-latestnews","21":"tag-liikunta-ja-urheilu","22":"tag-main-news","23":"tag-mainnews","24":"tag-miesten-jaakiekko","25":"tag-news","26":"tag-otsikot","27":"tag-paauutiset","28":"tag-suomi","29":"tag-talviurheilu","30":"tag-top-stories","31":"tag-topstories","32":"tag-uutiset"},"share_on_mastodon":{"url":"","error":""},"_links":{"self":[{"href":"https:\/\/www.europesays.com\/fi\/wp-json\/wp\/v2\/posts\/49675","targetHints":{"allow":["GET"]}}],"collection":[{"href":"https:\/\/www.europesays.com\/fi\/wp-json\/wp\/v2\/posts"}],"about":[{"href":"https:\/\/www.europesays.com\/fi\/wp-json\/wp\/v2\/types\/post"}],"author":[{"embeddable":true,"href":"https:\/\/www.europesays.com\/fi\/wp-json\/wp\/v2\/users\/2"}],"replies":[{"embeddable":true,"href":"https:\/\/www.europesays.com\/fi\/wp-json\/wp\/v2\/comments?post=49675"}],"version-history":[{"count":0,"href":"https:\/\/www.europesays.com\/fi\/wp-json\/wp\/v2\/posts\/49675\/revisions"}],"wp:featuredmedia":[{"embeddable":true,"href":"https:\/\/www.europesays.com\/fi\/wp-json\/wp\/v2\/media\/31172"}],"wp:attachment":[{"href":"https:\/\/www.europesays.com\/fi\/wp-json\/wp\/v2\/media?parent=49675"}],"wp:term":[{"taxonomy":"category","embeddable":true,"href":"https:\/\/www.europesays.com\/fi\/wp-json\/wp\/v2\/categories?post=49675"},{"taxonomy":"post_tag","embeddable":true,"href":"https:\/\/www.europesays.com\/fi\/wp-json\/wp\/v2\/tags?post=49675"}],"curies":[{"name":"wp","href":"https:\/\/api.w.org\/{rel}","templated":true}]}}