{"id":49687,"date":"2025-09-30T15:48:09","date_gmt":"2025-09-30T15:48:09","guid":{"rendered":"https:\/\/www.europesays.com\/fi\/49687\/"},"modified":"2025-09-30T15:48:09","modified_gmt":"2025-09-30T15:48:09","slug":"poliisi-hajotti-mustangin-ikkunat-toolossa","status":"publish","type":"post","link":"https:\/\/www.europesays.com\/fi\/49687\/","title":{"rendered":"Poliisi hajotti Mustangin ikkunat T\u00f6\u00f6l\u00f6ss\u00e4"},"content":{"rendered":"<p>Poliisi ajoi takaa uudenkarheaa Ford Mustangia Helsingin kantakaupungissa puolen p\u00e4iv\u00e4n aikaan tiistaina.<\/p>\n<p><img decoding=\"async\" class=\"image image-show image-preview\" src=\"https:\/\/www.europesays.com\/fi\/wp-content\/uploads\/2025\/09\/a03d0fff9904a97f3b39c4be60d365345bff4b48327bd11250f0dfd7a7e00ed9.jpg\" alt=\"\"\/><img decoding=\"async\" class=\"image image-show\" src=\"https:\/\/www.europesays.com\/fi\/wp-content\/uploads\/2025\/09\/1759247289_81_a03d0fff9904a97f3b39c4be60d365345bff4b48327bd11250f0dfd7a7e00ed9.jpg\" alt=\"\"\/><\/p>\n<p>Takaa-ajettu s\u00e4hk\u00f6-Mustang kuuluu helsinkil\u00e4iselle ravintolayritykselle sek\u00e4 sen toimitusjohtajalle. Lukijan kuva<\/p>\n<p class=\"paragraph\">Takaa-ajo p\u00e4\u00e4ttyi Sammonkadulle, jonne Mustang k\u00e4\u00e4ntyi Mechelininkadulta. Pakenijaa vastassa oli poliisiauto ja kolme muuta poliisiautoa kulki sen kannassa.<\/p>\n<p class=\"paragraph\">Poliisi sai auton pys\u00e4ytetty\u00e4 ja hajotti sen ikkunat.<\/p>\n<p class=\"paragraph\">Helsingin poliisilaitoksen tiedotteen mukaan se seurasi henkil\u00f6autoa lyhyen aikaa ja sitten pys\u00e4ytti sen. Auton \u201dkuljettaja tavoitettiin paikalta eik\u00e4 muita henkil\u00f6it\u00e4 liity tapahtumiin\u201d.<\/p>\n<p class=\"paragraph\">Poliisi on hyvin vaitonainen siit\u00e4, miksi autoa seurattiin. Poliisin mukaan se ei kerro asiasta enemp\u00e4\u00e4. Perusteena on se, ett\u00e4 \u201dtapaukseen liittyy yksityisyyden suojan piiriin liittyvi\u00e4 tietoja\u201d.<\/p>\n<p>Ravintolayrityksen auto<\/p>\n<p class=\"paragraph\">Mechelininkadun varrella asuva nainen kertoo, ett\u00e4 havahtui v\u00e4h\u00e4n ennen yht\u00e4 iltap\u00e4iv\u00e4ll\u00e4 voimakkaaseen h\u00e4lytyssireenien \u00e4\u00e4neen. H\u00e4n meni ikkunaan, jolloin n\u00e4ki punaisen Mustangin sek\u00e4 sen per\u00e4ss\u00e4 tulevat poliisiautot.<\/p>\n<p class=\"paragraph\">Autot tulivat etel\u00e4st\u00e4. Mustang k\u00e4\u00e4ntyi Sammonkadulle, jossa kiinniotto tapahtui.<\/p>\n<p class=\"paragraph\">Naisen mukaan autot kulkivat melko kovaa.<\/p>\n<p class=\"paragraph\">Kiinniottoa nainen ei n\u00e4hnyt.<\/p>\n<p class=\"paragraph\">Punainen s\u00e4hk\u00f6-Mustangin haltijoina ovat helsinkil\u00e4inen ravintolaosakeyhti\u00f6 sek\u00e4 viisikymppinen toimitusjohtaja.<\/p>\n<p>Ammuskelu naapuritalossa<\/p>\n<p class=\"paragraph\">Sammonkatu on Mechelininkadun poikkikatu. Aivan kiinniottopaikan naapurissa Mechelininkadun varren talossa tapahtui maanantai-iltana ammuskelu, jossa 16-vuotias poika haavoittui ja jonka ep\u00e4ilty ampuja on t\u00e4t\u00e4 kirjoitettaessa yh\u00e4 paossa.<\/p>\n<p class=\"paragraph\">Poliisin mukaan n\u00e4ill\u00e4 tapauksilla ei ole yhteytt\u00e4 toisiinsa.<\/p>\n","protected":false},"excerpt":{"rendered":"Poliisi ajoi takaa uudenkarheaa Ford Mustangia Helsingin kantakaupungissa puolen p\u00e4iv\u00e4n aikaan tiistaina. Takaa-ajettu s\u00e4hk\u00f6-Mustang kuuluu helsinkil\u00e4iselle ravintolayritykselle sek\u00e4&hellip;\n","protected":false},"author":2,"featured_media":49688,"comment_status":"","ping_status":"","sticky":false,"template":"","format":"standard","meta":{"footnotes":""},"categories":[12],"tags":[35,22,23,26,27,33,31,30,17,55,24,25,121,28,29,15,18,21,122,54,52,32,19,20,16],"class_list":{"0":"post-49687","1":"post","2":"type-post","3":"status-publish","4":"format-standard","5":"has-post-thumbnail","7":"category-suomi","8":"tag-24h","9":"tag-breaking-news","10":"tag-breakingnews","11":"tag-featured-news","12":"tag-featurednews","13":"tag-fi","14":"tag-finland","15":"tag-finnish","16":"tag-headlines","17":"tag-lainvalvonta","18":"tag-latest-news","19":"tag-latestnews","20":"tag-liikenne-ja-kuljetus","21":"tag-main-news","22":"tag-mainnews","23":"tag-news","24":"tag-otsikot","25":"tag-paauutiset","26":"tag-pelastaminen","27":"tag-pelastuspalvelut","28":"tag-poliisi","29":"tag-suomi","30":"tag-top-stories","31":"tag-topstories","32":"tag-uutiset"},"share_on_mastodon":{"url":"","error":""},"_links":{"self":[{"href":"https:\/\/www.europesays.com\/fi\/wp-json\/wp\/v2\/posts\/49687","targetHints":{"allow":["GET"]}}],"collection":[{"href":"https:\/\/www.europesays.com\/fi\/wp-json\/wp\/v2\/posts"}],"about":[{"href":"https:\/\/www.europesays.com\/fi\/wp-json\/wp\/v2\/types\/post"}],"author":[{"embeddable":true,"href":"https:\/\/www.europesays.com\/fi\/wp-json\/wp\/v2\/users\/2"}],"replies":[{"embeddable":true,"href":"https:\/\/www.europesays.com\/fi\/wp-json\/wp\/v2\/comments?post=49687"}],"version-history":[{"count":0,"href":"https:\/\/www.europesays.com\/fi\/wp-json\/wp\/v2\/posts\/49687\/revisions"}],"wp:featuredmedia":[{"embeddable":true,"href":"https:\/\/www.europesays.com\/fi\/wp-json\/wp\/v2\/media\/49688"}],"wp:attachment":[{"href":"https:\/\/www.europesays.com\/fi\/wp-json\/wp\/v2\/media?parent=49687"}],"wp:term":[{"taxonomy":"category","embeddable":true,"href":"https:\/\/www.europesays.com\/fi\/wp-json\/wp\/v2\/categories?post=49687"},{"taxonomy":"post_tag","embeddable":true,"href":"https:\/\/www.europesays.com\/fi\/wp-json\/wp\/v2\/tags?post=49687"}],"curies":[{"name":"wp","href":"https:\/\/api.w.org\/{rel}","templated":true}]}}