{"id":49701,"date":"2025-09-30T16:13:08","date_gmt":"2025-09-30T16:13:08","guid":{"rendered":"https:\/\/www.europesays.com\/fi\/49701\/"},"modified":"2025-09-30T16:13:08","modified_gmt":"2025-09-30T16:13:08","slug":"trump-medvedev-on-typera-ihminen","status":"publish","type":"post","link":"https:\/\/www.europesays.com\/fi\/49701\/","title":{"rendered":"Trump: Medvedev on \u201dtyper\u00e4 ihminen\u201d"},"content":{"rendered":"<p>Trumpin mukaan Yhdysvallat on 25 vuotta edell\u00e4 Kiinaa ja Ven\u00e4j\u00e4\u00e4 sukellusveneiss\u00e4.<\/p>\n<p>Sotaministeri Pete Hegseth ja presidentti Donald Trump puhuivat sadoille upseereille Quanticossa Virginiassa tiistaina.Video: Reuters<\/p>\n<p class=\"article-body mb-nof-24 px-nof-16\">Yhdysvaltain presidentti <a class=\"article-personlink\" href=\"https:\/\/www.is.fi\/haku\/?query=Donald%20Trump\" rel=\"nofollow noopener\" target=\"_blank\">Donald Trump<\/a> on kommentoinut loppukes\u00e4ist\u00e4 sanasotaansa Ven\u00e4j\u00e4n entisen presidentin <a class=\"article-personlink\" href=\"https:\/\/www.is.fi\/haku\/?query=Dmitri%20Medvedevin\" rel=\"nofollow noopener\" target=\"_blank\">Dmitri Medvedevin<\/a> kanssa.<\/p>\n<p class=\"article-body mb-nof-24 px-nof-16\">Trump totesi tiistaina pit\u00e4m\u00e4ss\u00e4\u00e4n puheessa Medvedevin olevan \u201dtyper\u00e4 ihminen\u201d, joka puhui ydinaseista. Puheessaan Trump viittasi ydinaseisiin n-sanalla.<\/p>\n<p class=\"article-body mb-nof-24 px-nof-16\">\u2013 N-sana, niit\u00e4 on kaksi, kumpaakaan ei voi sanoa, Trump sanoi puheessaan sadoille upseereille Quanticossa Virginiassa.<\/p>\n<p class=\"article-body mb-nof-24 px-nof-16\">Trump ei maininnut Medvedevi\u00e4 nimelt\u00e4. Trump kertoi kuitenkin elokuun alussa p\u00e4\u00e4tt\u00e4neens\u00e4 l\u00e4hett\u00e4\u00e4 kaksi ydin\u00adsukellusvenett\u00e4 Ven\u00e4j\u00e4n l\u00e4heisyyteen vastauksena Medvedevin uhkailuun.<\/p>\n<p class=\"article-body mb-nof-24 px-nof-16\">\u2013 Olen varma, ettemme joudu k\u00e4ytt\u00e4m\u00e4\u00e4n niit\u00e4. Se on sellainen, ettei sit\u00e4 voi havaita ollenkaan, Trump totesi tiistaina.<\/p>\n<p class=\"article-body mb-nof-24 px-nof-16\">Trumpin mukaan Yhdysvalloilla on vihollisia, jotka ovat h\u00e4ik\u00e4ilem\u00e4tt\u00f6mi\u00e4 ja fiksuja, mutta eiv\u00e4t ole Yhdysvaltojen tasolla. Trump kehui puheessaan my\u00f6s yhdysvaltalaista sotilaskalustoa.<\/p>\n<p class=\"article-body mb-nof-24 px-nof-16\">\u2013 Vahvuutemme tulee lopulta aina hurjista ihmisist\u00e4mme.<\/p>\n<p class=\"article-body mb-nof-24 px-nof-16\">\u2013 Meill\u00e4 on voimakkain ydinasepelote.<\/p>\n<p><img decoding=\"async\" src=\"https:\/\/www.europesays.com\/fi\/wp-content\/uploads\/2025\/09\/1759248788_978_468.jpg\" alt=\"Presidentti Trump kehui puheessaan yhdysvaltalaista sotilaskalustoa.\" class=\"_Img_tdqg8_1\" style=\"aspect-ratio:1.5226011102299761\" loading=\"eager\"\/><\/p>\n<p class=\"article-picture-caption\">Presidentti Trump kehui puheessaan yhdysvaltalaista sotilaskalustoa. Kuva:\u00a0Kevin Lamarque \/ Reuters<\/p>\n<p class=\"article-body mb-nof-24 px-nof-16\">Hein\u00e4kuussa Trump ilmoitti maailmalle aikarajasta, jonka sis\u00e4ll\u00e4 Ven\u00e4j\u00e4n tulisi lopettaa taistelut Ukrainassa. Ven\u00e4j\u00e4n turvallisuusneuvoston varapuheenjohtaja nykyisin toimiva Medvedev vastasi tuolloin Trumpin uhkailuun.<\/p>\n<p class=\"article-body mb-nof-24 px-nof-16\">\u2013 Jokainen uusi uhkavaatimus on askel kohti sotaa. Ei Ukrainan ja Ven\u00e4j\u00e4n v\u00e4lill\u00e4 vaan h\u00e4nen oman maansa, Medvedev kirjoitti viestipalvelu X:ss\u00e4.<\/p>\n<p class=\"article-body mb-nof-24 px-nof-16\">Trump vastasi tuolloin Medvedeville tylysti.<\/p>\n<p class=\"article-body mb-nof-24 px-nof-16\">\u2013 \u2026 kertokaa Medvedeville, Ven\u00e4j\u00e4n aiemmalle ep\u00e4onnistuneelle presidentille, joka yh\u00e4 kuvittelee olevansa presidentti, ett\u00e4 h\u00e4nen on syyt\u00e4 varoa sanojaan.<\/p>\n<p class=\"article-body mb-nof-24 px-nof-16\">\u2013 H\u00e4n on astumassa vaaralliselle alueelle, Trump p\u00e4\u00e4tti viestins\u00e4 tuolloin.<\/p>\n<p class=\"article-body mb-nof-24 px-nof-16\">Kaksikon kiivasta sanasotaa seurattiin kes\u00e4ll\u00e4 herke\u00e4m\u00e4tt\u00e4.<\/p>\n<p class=\"article-body mb-nof-24 px-nof-16\">Yhdysvaltain sotaministeri (aiemmin puolustusministeri) <a class=\"article-personlink\" href=\"https:\/\/www.is.fi\/haku\/?query=Pete%20Hegseth\" rel=\"nofollow noopener\" target=\"_blank\">Pete Hegseth<\/a> m\u00e4\u00e4r\u00e4si Yhdysvaltain asevoimien kenraalit ja amiraalit kokoontumaan tiistaina merijalkav\u00e4en tukikohtaan Quanticoon Virginiassa. Eritt\u00e4in harvinaiseen korkea-arvoisten upseerien tapaamiseen kutsuttiin noin 800 upseeria. Hegsethin lis\u00e4ksi sotilasjohtajille tiistaina puhui my\u00f6s Trump.<\/p>\n<p class=\"article-body mb-nof-24 px-nof-16\">Trump sanoo, ett\u00e4 tulevina vuosina Yhdysvaltojen asevoimista tehd\u00e4\u00e4n aiempaa parempi.<\/p>\n<p class=\"article-body mb-nof-24 px-nof-16\">\u2013 J\u00e4lleenrakensin ydinaseemme, Trump sanoo.<\/p>\n<p class=\"article-body mb-nof-24 px-nof-16\">\u2013 Toivottavasti emme joudu koskaan k\u00e4ytt\u00e4m\u00e4\u00e4n sit\u00e4.<\/p>\n<p class=\"article-body mb-nof-24 px-nof-16\">Trump sanoo my\u00f6s Yhdysvaltojen olevan 25 vuotta edell\u00e4 Kiinaa ja Ven\u00e4j\u00e4\u00e4 sukellusveneiss\u00e4.<\/p>\n","protected":false},"excerpt":{"rendered":"Trumpin mukaan Yhdysvallat on 25 vuotta edell\u00e4 Kiinaa ja Ven\u00e4j\u00e4\u00e4 sukellusveneiss\u00e4. Sotaministeri Pete Hegseth ja presidentti Donald Trump&hellip;\n","protected":false},"author":2,"featured_media":49702,"comment_status":"","ping_status":"","sticky":false,"template":"","format":"standard","meta":{"footnotes":""},"categories":[14],"tags":[22,23,26,27,33,31,30,17,34,24,25,28,29,15,18,21,32,19,20,56,16,59,60,61],"class_list":{"0":"post-49701","1":"post","2":"type-post","3":"status-publish","4":"format-standard","5":"has-post-thumbnail","7":"category-ulkomaat","8":"tag-breaking-news","9":"tag-breakingnews","10":"tag-featured-news","11":"tag-featurednews","12":"tag-fi","13":"tag-finland","14":"tag-finnish","15":"tag-headlines","16":"tag-ilta-sanomat","17":"tag-latest-news","18":"tag-latestnews","19":"tag-main-news","20":"tag-mainnews","21":"tag-news","22":"tag-otsikot","23":"tag-paauutiset","24":"tag-suomi","25":"tag-top-stories","26":"tag-topstories","27":"tag-ulkomaat","28":"tag-uutiset","29":"tag-world","30":"tag-world-news","31":"tag-worldnews"},"share_on_mastodon":{"url":"","error":""},"_links":{"self":[{"href":"https:\/\/www.europesays.com\/fi\/wp-json\/wp\/v2\/posts\/49701","targetHints":{"allow":["GET"]}}],"collection":[{"href":"https:\/\/www.europesays.com\/fi\/wp-json\/wp\/v2\/posts"}],"about":[{"href":"https:\/\/www.europesays.com\/fi\/wp-json\/wp\/v2\/types\/post"}],"author":[{"embeddable":true,"href":"https:\/\/www.europesays.com\/fi\/wp-json\/wp\/v2\/users\/2"}],"replies":[{"embeddable":true,"href":"https:\/\/www.europesays.com\/fi\/wp-json\/wp\/v2\/comments?post=49701"}],"version-history":[{"count":0,"href":"https:\/\/www.europesays.com\/fi\/wp-json\/wp\/v2\/posts\/49701\/revisions"}],"wp:featuredmedia":[{"embeddable":true,"href":"https:\/\/www.europesays.com\/fi\/wp-json\/wp\/v2\/media\/49702"}],"wp:attachment":[{"href":"https:\/\/www.europesays.com\/fi\/wp-json\/wp\/v2\/media?parent=49701"}],"wp:term":[{"taxonomy":"category","embeddable":true,"href":"https:\/\/www.europesays.com\/fi\/wp-json\/wp\/v2\/categories?post=49701"},{"taxonomy":"post_tag","embeddable":true,"href":"https:\/\/www.europesays.com\/fi\/wp-json\/wp\/v2\/tags?post=49701"}],"curies":[{"name":"wp","href":"https:\/\/api.w.org\/{rel}","templated":true}]}}