{"id":49711,"date":"2025-09-30T16:32:08","date_gmt":"2025-09-30T16:32:08","guid":{"rendered":"https:\/\/www.europesays.com\/fi\/49711\/"},"modified":"2025-09-30T16:32:08","modified_gmt":"2025-09-30T16:32:08","slug":"james-gunn-rakastaa-allotyksia-tama-kuvausryhmaa-oksettanut-iljetys-piti-jattaa-peacemakerista-ulos","status":"publish","type":"post","link":"https:\/\/www.europesays.com\/fi\/49711\/","title":{"rendered":"James Gunn rakastaa \u00e4ll\u00f6tyksi\u00e4 \u2013 t\u00e4m\u00e4 kuvausryhm\u00e4\u00e4 oksettanut iljetys piti j\u00e4tt\u00e4\u00e4 Peacemakerista ulos"},"content":{"rendered":"<p><strong>James Gunn <\/strong>on Troma Entertainmentin kasvatteja. H\u00e4n ymm\u00e4rt\u00e4\u00e4 \u00e4ll\u00f6tt\u00e4vyyksien, oksetuksen ja kauhun p\u00e4\u00e4lle.<\/p>\n<p>Gunnin uran alkup\u00e4\u00e4ss\u00e4 on elokuvia kuten Slither ja Super, joissa on n\u00e4ht\u00e4viss\u00e4 kaikkea sellaista \u00e4kl\u00f6\u00e4, johon mies parhaimmillaan pystyy.<\/p>\n<p>Lue my\u00f6s: <a href=\"https:\/\/www.episodi.fi\/uutiset\/james-gunn-on-vaikea-loytaa-nayttelijoita-jotka-eivat-haluaisi-olla-batman\/\" title=\"James Gunn: \u201dOn vaikea l\u00f6yt\u00e4\u00e4 n\u00e4yttelij\u00f6it\u00e4 jotka eiv\u00e4t haluaisi olla Batman\u201d\" class=\"underline-custom !font-montserrat !font-bold !underline-offset-4 !decoration-4 !decoration-episodi-blue !text-md\" rel=\"nofollow noopener\" target=\"_blank\">James Gunn: \u201dOn vaikea l\u00f6yt\u00e4\u00e4 n\u00e4yttelij\u00f6it\u00e4 jotka eiv\u00e4t haluaisi olla Batman\u201d<\/a><\/p>\n<p>Lue my\u00f6s: <a href=\"https:\/\/www.episodi.fi\/uutiset\/peacemakerin-tanssi-aiheutti-videopelissa-natsikohun-emote-poistettiin-nopeasti\/\" title=\"Peacemakerin tanssi aiheutti videopeliss\u00e4 natsikohun \u2013 emote poistettiin nopeasti\" class=\"underline-custom !font-montserrat !font-bold !underline-offset-4 !decoration-4 !decoration-episodi-blue !text-md\" rel=\"nofollow noopener\" target=\"_blank\">Peacemakerin tanssi aiheutti videopeliss\u00e4 natsikohun \u2013 emote poistettiin nopeasti<\/a><\/p>\n<p>Peacemakerin kakkoskaudella oli kuitenkin jotain sellaista, joka piti j\u00e4tt\u00e4\u00e4 pois, koska se sai kuvausryhm\u00e4n voimaan pahoin. Jopa Gunn voi pahoin t\u00e4t\u00e4 katsoessa.<\/p>\n<p>Kuudennessa jaksossa n\u00e4hd\u00e4\u00e4n kohtaus, jossa John Economosia n\u00e4yttelev\u00e4 <strong>Steve Agee<\/strong> on l\u00e4hell\u00e4 oksentaa. H\u00e4n y\u00f6kk\u00e4ilee ja r\u00f6yht\u00e4ilee menem\u00e4\u00e4n oikein reilulla k\u00e4dell\u00e4.<\/p>\n<p>Kohtauksessa Economos paljastaa, ett\u00e4 joutuessaan kohtaamaan jotakin niin outoa, ettei h\u00e4nen mielens\u00e4 kykene sit\u00e4 k\u00e4sitt\u00e4m\u00e4\u00e4n, h\u00e4n alkaa oksentaa.<\/p>\n<p>Kohtaus on hauska, mutta Agee on niin hyv\u00e4 tempussaan, ett\u00e4 kuvausryhm\u00e4ll\u00e4kin teki vaikeuksia pit\u00e4\u00e4 oksennus sis\u00e4ll\u00e4\u00e4n.<\/p>\n<p>\u2013\u00a0 @Steveageen oksentelu oli ensimm\u00e4isess\u00e4 versiossa niin iljett\u00e4v\u00e4\u00e4, ett\u00e4 jouduin sanomaan leikkaajallemme @fredraskinille, ett\u00e4 h\u00e4n saksii ison osan pois, Gunn kertoi Threadissa.<\/p>\n<p>Tied\u00e4tteh\u00e4n kuinka haukotus tarttuu toiseen ihmiseen, mutta niin tarttuu my\u00f6s oksennusrefleksi. Kun n\u00e4et jonkun kakomassa, aivosi yhdist\u00e4v\u00e4t sen oksentamiseen ja lemuun. Kakominen saattaa alkaa oksettamaan my\u00f6s sinua.<\/p>\n<p>L\u00e4hde: <a href=\"https:\/\/www.cinemablend.com\/superheroes\/james-gunn-loves-gross-out-peacemaker-season-2-scene-too-disgusting-even-him\" target=\"_blank\" rel=\"noreferrer noopener nofollow\">Cinemablend<\/a><\/p>\n<p>Lue my\u00f6s: <a href=\"https:\/\/www.episodi.fi\/uutiskirje\/?uutiskirjemainos=tekstilinkkimainos\" title=\"Tilaa Episodin uutiskirje ja voit voittaa leffalippuja! Nappaa tv-vinkit suoraan s\u00e4hk\u00f6postiin t\u00e4st\u00e4.\" class=\"underline-custom !font-montserrat !font-bold !underline-offset-4 !decoration-4 !decoration-episodi-blue !text-md\" rel=\"nofollow noopener\" target=\"_blank\">Tilaa Episodin uutiskirje ja voit voittaa leffalippuja! Nappaa katseluvinkit suoraan s\u00e4hk\u00f6postiin t\u00e4st\u00e4.<\/a><\/p>\n","protected":false},"excerpt":{"rendered":"James Gunn on Troma Entertainmentin kasvatteja. H\u00e4n ymm\u00e4rt\u00e4\u00e4 \u00e4ll\u00f6tt\u00e4vyyksien, oksetuksen ja kauhun p\u00e4\u00e4lle. Gunnin uran alkup\u00e4\u00e4ss\u00e4 on elokuvia&hellip;\n","protected":false},"author":2,"featured_media":49712,"comment_status":"","ping_status":"","sticky":false,"template":"","format":"standard","meta":{"footnotes":""},"categories":[131],"tags":[179,155,137,33,173,31,30,180,172,3325,12368,32,109],"class_list":{"0":"post-49711","1":"post","2":"type-post","3":"status-publish","4":"format-standard","5":"has-post-thumbnail","7":"category-elokuvat","8":"tag-dc","9":"tag-elokuvat","10":"tag-entertainment","11":"tag-fi","12":"tag-film","13":"tag-finland","14":"tag-finnish","15":"tag-james-gunn","16":"tag-movies","17":"tag-peacemaker","18":"tag-steve-agee","19":"tag-suomi","20":"tag-viihde"},"share_on_mastodon":{"url":"","error":""},"_links":{"self":[{"href":"https:\/\/www.europesays.com\/fi\/wp-json\/wp\/v2\/posts\/49711","targetHints":{"allow":["GET"]}}],"collection":[{"href":"https:\/\/www.europesays.com\/fi\/wp-json\/wp\/v2\/posts"}],"about":[{"href":"https:\/\/www.europesays.com\/fi\/wp-json\/wp\/v2\/types\/post"}],"author":[{"embeddable":true,"href":"https:\/\/www.europesays.com\/fi\/wp-json\/wp\/v2\/users\/2"}],"replies":[{"embeddable":true,"href":"https:\/\/www.europesays.com\/fi\/wp-json\/wp\/v2\/comments?post=49711"}],"version-history":[{"count":0,"href":"https:\/\/www.europesays.com\/fi\/wp-json\/wp\/v2\/posts\/49711\/revisions"}],"wp:featuredmedia":[{"embeddable":true,"href":"https:\/\/www.europesays.com\/fi\/wp-json\/wp\/v2\/media\/49712"}],"wp:attachment":[{"href":"https:\/\/www.europesays.com\/fi\/wp-json\/wp\/v2\/media?parent=49711"}],"wp:term":[{"taxonomy":"category","embeddable":true,"href":"https:\/\/www.europesays.com\/fi\/wp-json\/wp\/v2\/categories?post=49711"},{"taxonomy":"post_tag","embeddable":true,"href":"https:\/\/www.europesays.com\/fi\/wp-json\/wp\/v2\/tags?post=49711"}],"curies":[{"name":"wp","href":"https:\/\/api.w.org\/{rel}","templated":true}]}}