{"id":49714,"date":"2025-09-30T16:35:08","date_gmt":"2025-09-30T16:35:08","guid":{"rendered":"https:\/\/www.europesays.com\/fi\/49714\/"},"modified":"2025-09-30T16:35:08","modified_gmt":"2025-09-30T16:35:08","slug":"heikki-kinnusen-ja-satu-silvon-vilma-tytar-haikaisee-meikittomana","status":"publish","type":"post","link":"https:\/\/www.europesays.com\/fi\/49714\/","title":{"rendered":"Heikki Kinnusen ja Satu Silvon Vilma-tyt\u00e4r h\u00e4ik\u00e4isee meikitt\u00f6m\u00e4n\u00e4"},"content":{"rendered":"<p>            ATTE KAJOVA\n        <\/p>\n<p class=\"subtitle \">Vilma on seurannut vanhempiensa jalanj\u00e4ljiss\u00e4 n\u00e4ytt\u00e4m\u00f6taiteen pariin.<\/p>\n<p class=\"article-content article-content-width !bg-background\">, 79, ja , 63, kohtasivat toisensa kuumalla 80-luvulla. N\u00e4yttelij\u00f6iden suhde p\u00e4\u00e4ttyi vuonna 2002, mutta siit\u00e4 muistona ovat ex-parin lapset  ja .\u00a0<\/p>\n<p class=\"font-weight-bold m-font-weight-bold article-content article-content-width !bg-background\">Arkistovideolla Heikki Kinnunen puhuu ik\u00e4\u00e4ntymisest\u00e4:<\/p>\n<p class=\"article-content article-content-width !bg-background\">J\u00e4lkikasvu on seurannut vanhempiensa viitoittamalla tiell\u00e4, sill\u00e4 sek\u00e4 Vilma ett\u00e4 Paavo ovat n\u00e4yttelij\u00f6it\u00e4. J\u00e4lkimm\u00e4inen on t\u00e4hditt\u00e4nyt muun muassa legendaarista Pussikaljaelokuvaa (2011), ja Vilma puolestaan on n\u00e4hty esimerkiksi elokuvissa Hamsterit (2023) ja Prinsessa Pikkiriikki (2024).\u00a0<\/p>\n<p>        <a itemprop=\"url\" href=\"https:\/\/www.seiska.fi\/kotimaa\/heikki-kinnuselta-paljastus-alkoholista\/1656481\" rel=\"nofollow noopener\" target=\"_blank\"><\/p>\n<p>\nHeikki Kinnunen\n<\/p>\n<p class=\"section-date\">\n        <strong class=\"article-section\" data-section=\"kotimaa\"><br \/>\n            kotimaa<br \/>\n        <\/strong><br \/>\n        27.3. 18:00\n    <\/p>\n<p>Heikki Kinnuselta paljastus alkoholista\n    <\/p>\n<p itemprop=\"description\" class=\"subtitle \">\n    Heikill\u00e4 on nyt aikaa tehd\u00e4 mieleisi\u00e4\u00e4n asioita \u2013 kuten nauttia oluesta.\n<\/p>\n<p>        <\/a><\/p>\n<p>Rohkea kuva<\/p>\n<p class=\"article-content article-content-width !bg-background\">Freelancerina ty\u00f6skenteleva Vilma on perinyt vanhemmiltaan lahjakkuuden lis\u00e4ksi my\u00f6s muita avuja.\u00a0<\/p>\n<p>                <img decoding=\"async\" src=\"https:\/\/www.europesays.com\/fi\/wp-content\/uploads\/2025\/09\/1945717.webp\" width=\"576\" height=\"322\" alt=\"Is\u00e4ss\u00e4 ja tytt\u00e4ress\u00e4 on kovasti samaa n\u00e4k\u00f6\u00e4.\" loading=\"lazy\" \/>            <\/p>\n<p>\n            Is\u00e4ss\u00e4 ja tytt\u00e4ress\u00e4 on kovasti samaa n\u00e4k\u00f6\u00e4.<br \/>\n            ATTE KAJOVA\n        <\/p>\n<p class=\"article-content article-content-width !bg-background\">Tummapiirteinen kaunotar <a href=\"https:\/\/www.instagram.com\/p\/DOvuJNviE34\/?hl=fi\" target=\"_blank\" rel=\"nofollow noopener\">julkaisi hiljattain Instagramissa kuvan<\/a>, joka vaatii rautaista itsetuntoa. Vilma poseeraa otoksessa suihkunraikkaana ja t\u00e4ysin meikitt\u00e4. Hehkuvan ihon lis\u00e4ksi huomio kiinnittyy siihen, kuinka paljon 36-vuotias teatteritaiteen maisteri muistuttaa vanhempiaan.<\/p>\n<p>        <a itemprop=\"url\" href=\"https:\/\/www.seiska.fi\/kotimaa\/podcast-reidar-palmgren-laukoi-havyttoman-paljastuksen-satu-silvosta\/1663024\" rel=\"nofollow noopener\" target=\"_blank\"><\/p>\n<p>\nPodcast\n<\/p>\n<p class=\"section-date\">\n        <strong class=\"article-section\" data-section=\"kotimaa\"><br \/>\n            kotimaa<br \/>\n        <\/strong><br \/>\n        3.4. 06:00\n    <\/p>\n<p>Podcast: Reidar Palmgren laukoi h\u00e4vytt\u00f6m\u00e4n paljastuksen Satu Silvosta\n    <\/p>\n<p itemprop=\"description\" class=\"subtitle \">\n    Ensikohtaamisellaan Reidar ajatteli, ett\u00e4 Satu oli \u00e4\u00e4rett\u00f6m\u00e4n kaunis nainen.\n<\/p>\n<p>        <\/a><\/p>\n<p class=\"article-content article-content-width !bg-background\">Upean ulkomuodon ja n\u00e4yttelij\u00e4n lahjojen ohella Vilma omaa my\u00f6s muita taitoja. H\u00e4nen <a href=\"https:\/\/vilmakinnunen.com\/home\/\" target=\"_blank\" rel=\"nofollow noopener\">kotisivunsa paljastavat<\/a>, ett\u00e4 h\u00e4n on kaiken lis\u00e4ksi musikaalinen.\u00a0<\/p>\n<p class=\"article-content article-content-width !bg-background\">Poikkihuilun soittamisen lis\u00e4ksi h\u00e4nelt\u00e4 luonnistuu pianon pimputtaminen. \u00c4\u00e4nialaltaan h\u00e4n kuvailee olevansa altto- ja mezzosopraano.\u00a0<\/p>\n<p class=\"article-content article-content-width !bg-background\">Jos upotus ei toimi, <a href=\"https:\/\/www.instagram.com\/p\/DOvuJNviE34\/?hl=fi\" target=\"_blank\" rel=\"nofollow noopener\">julkaisun n\u00e4et t\u00e4\u00e4lt\u00e4<\/a>.\u00a0<\/p>\n<p><script async src=\"\/\/www.instagram.com\/embed.js\"><\/script><\/p>\n","protected":false},"excerpt":{"rendered":"ATTE KAJOVA Vilma on seurannut vanhempiensa jalanj\u00e4ljiss\u00e4 n\u00e4ytt\u00e4m\u00f6taiteen pariin. , 79, ja , 63, kohtasivat toisensa kuumalla 80-luvulla.&hellip;\n","protected":false},"author":2,"featured_media":49715,"comment_status":"","ping_status":"","sticky":false,"template":"","format":"standard","meta":{"footnotes":""},"categories":[130],"tags":[155,137,33,31,30,12369,12370,1342,3782,4476,12372,32,201,109,12371],"class_list":{"0":"post-49714","1":"post","2":"type-post","3":"status-publish","4":"format-standard","5":"has-post-thumbnail","7":"category-viihde","8":"tag-elokuvat","9":"tag-entertainment","10":"tag-fi","11":"tag-finland","12":"tag-finnish","13":"tag-heikki-kinnunen","14":"tag-meikittomyys","15":"tag-nayttelija","16":"tag-paavo-kinnunen","17":"tag-santeri-kinnunen","18":"tag-satu-silvo","19":"tag-suomi","20":"tag-ura","21":"tag-viihde","22":"tag-vilma-kinnunen"},"share_on_mastodon":{"url":"","error":""},"_links":{"self":[{"href":"https:\/\/www.europesays.com\/fi\/wp-json\/wp\/v2\/posts\/49714","targetHints":{"allow":["GET"]}}],"collection":[{"href":"https:\/\/www.europesays.com\/fi\/wp-json\/wp\/v2\/posts"}],"about":[{"href":"https:\/\/www.europesays.com\/fi\/wp-json\/wp\/v2\/types\/post"}],"author":[{"embeddable":true,"href":"https:\/\/www.europesays.com\/fi\/wp-json\/wp\/v2\/users\/2"}],"replies":[{"embeddable":true,"href":"https:\/\/www.europesays.com\/fi\/wp-json\/wp\/v2\/comments?post=49714"}],"version-history":[{"count":0,"href":"https:\/\/www.europesays.com\/fi\/wp-json\/wp\/v2\/posts\/49714\/revisions"}],"wp:featuredmedia":[{"embeddable":true,"href":"https:\/\/www.europesays.com\/fi\/wp-json\/wp\/v2\/media\/49715"}],"wp:attachment":[{"href":"https:\/\/www.europesays.com\/fi\/wp-json\/wp\/v2\/media?parent=49714"}],"wp:term":[{"taxonomy":"category","embeddable":true,"href":"https:\/\/www.europesays.com\/fi\/wp-json\/wp\/v2\/categories?post=49714"},{"taxonomy":"post_tag","embeddable":true,"href":"https:\/\/www.europesays.com\/fi\/wp-json\/wp\/v2\/tags?post=49714"}],"curies":[{"name":"wp","href":"https:\/\/api.w.org\/{rel}","templated":true}]}}