{"id":49728,"date":"2025-09-30T17:00:09","date_gmt":"2025-09-30T17:00:09","guid":{"rendered":"https:\/\/www.europesays.com\/fi\/49728\/"},"modified":"2025-09-30T17:00:09","modified_gmt":"2025-09-30T17:00:09","slug":"jude-bellinghamista-tehtiin-syntipukki-real-madridin-tappioon","status":"publish","type":"post","link":"https:\/\/www.europesays.com\/fi\/49728\/","title":{"rendered":"Jude Bellinghamista tehtiin syntipukki Real Madridin tappioon"},"content":{"rendered":"<p>Mestarien liigan toinen ottelukierros pelataan tiistaina ja keskiviikkona. <\/p>\n<p><img decoding=\"async\" class=\"image image-show image-preview\" src=\"https:\/\/www.europesays.com\/fi\/wp-content\/uploads\/2025\/09\/3204dcc62be25ea96ada413f64a5453f1019c978080d831faeb31ef37929a74c.jpg\" alt=\"\"\/><img decoding=\"async\" class=\"image image-show\" src=\"https:\/\/www.europesays.com\/fi\/wp-content\/uploads\/2025\/09\/1759251609_0_3204dcc62be25ea96ada413f64a5453f1019c978080d831faeb31ef37929a74c.jpg\" alt=\"\"\/><\/p>\n<p>Franco Mastantuono (vas.) ja Dean Huijsen (toinen vas) mahtuvat Real Madridin avaukseen,  mutta Jude Bellingham tippui vaihtopenkille.  EPA \/ AOP<\/p>\n<p class=\"paragraph\">Kairat Almaty raivasi tielt\u00e4\u00e4n Veikkausliigan mestarijoukkueen KuPS:n kes\u00e4n karsintakierroksilla.<\/p>\n<p class=\"paragraph\">Tuskin kukaan Pohjois-Savossa osasi silloin viel\u00e4 kuvitella, ett\u00e4 parin kuukauden p\u00e4\u00e4st\u00e4 joukkue pelaisi Real Madridia vastaan.<\/p>\n<p class=\"paragraph\">Tiistaina se kuitenkin toteutuu, kun aivan Kiinan rajalla sijaitseva Almaty j\u00e4rjest\u00e4\u00e4 historiansa ensimm\u00e4isen Mestarien liiga -matsin.<\/p>\n<p class=\"paragraph\">Real Madridin on pit\u00e4nyt matkustaa yli 6 000 kilometri\u00e4 Kazakstaniin. Pelaajien mieless\u00e4 on varmasti painanut lauantain murskatappio paikallisvastustaja Atl\u00e9ticolle, ja Kairatin vaarana on j\u00e4\u00e4d\u00e4 sijaisk\u00e4rsij\u00e4n rooliin.<\/p>\n<p class=\"paragraph\">Joukkueiden kokoero on valtava. Kotijoukkueen pelaajien arvo on noin 13 miljoonaa euroa. Summalla maksaisi <strong>Kylian Mbapp\u00e9lle<\/strong> palkkaa noin kuuden kuukauden ajan.<\/p>\n<p class=\"paragraph\">Ranskalaist\u00e4hti on mukana vierasjoukkueen avauksessa.<\/p>\n<p class=\"paragraph\">Kiinnostus on valtava. Jo ennen ottelun alkua stadionin ulkopuolella oli kaaos, kun kymmenet tuhannet kotijoukkueen fanit yrittiv\u00e4t ahtautua Almatyn keskusstadionille.<\/p>\n<p>Ei vanhempia p\u00e4ivityksi\u00e4<\/p>\n","protected":false},"excerpt":{"rendered":"Mestarien liigan toinen ottelukierros pelataan tiistaina ja keskiviikkona. Franco Mastantuono (vas.) ja Dean Huijsen (toinen vas) mahtuvat Real&hellip;\n","protected":false},"author":2,"featured_media":49729,"comment_status":"","ping_status":"","sticky":false,"template":"","format":"standard","meta":{"footnotes":""},"categories":[158],"tags":[35,33,31,30,43,42,41,159,32,860,160,161],"class_list":{"0":"post-49728","1":"post","2":"type-post","3":"status-publish","4":"format-standard","5":"has-post-thumbnail","7":"category-urheilu","8":"tag-24h","9":"tag-fi","10":"tag-finland","11":"tag-finnish","12":"tag-jalkapallo","13":"tag-jalkapalloon-perustuvat-lajit","14":"tag-liikunta-ja-urheilu","15":"tag-sports","16":"tag-suomi","17":"tag-tyoelama","18":"tag-urheilu","19":"tag-urheilutapahtumat"},"share_on_mastodon":{"url":"","error":""},"_links":{"self":[{"href":"https:\/\/www.europesays.com\/fi\/wp-json\/wp\/v2\/posts\/49728","targetHints":{"allow":["GET"]}}],"collection":[{"href":"https:\/\/www.europesays.com\/fi\/wp-json\/wp\/v2\/posts"}],"about":[{"href":"https:\/\/www.europesays.com\/fi\/wp-json\/wp\/v2\/types\/post"}],"author":[{"embeddable":true,"href":"https:\/\/www.europesays.com\/fi\/wp-json\/wp\/v2\/users\/2"}],"replies":[{"embeddable":true,"href":"https:\/\/www.europesays.com\/fi\/wp-json\/wp\/v2\/comments?post=49728"}],"version-history":[{"count":0,"href":"https:\/\/www.europesays.com\/fi\/wp-json\/wp\/v2\/posts\/49728\/revisions"}],"wp:featuredmedia":[{"embeddable":true,"href":"https:\/\/www.europesays.com\/fi\/wp-json\/wp\/v2\/media\/49729"}],"wp:attachment":[{"href":"https:\/\/www.europesays.com\/fi\/wp-json\/wp\/v2\/media?parent=49728"}],"wp:term":[{"taxonomy":"category","embeddable":true,"href":"https:\/\/www.europesays.com\/fi\/wp-json\/wp\/v2\/categories?post=49728"},{"taxonomy":"post_tag","embeddable":true,"href":"https:\/\/www.europesays.com\/fi\/wp-json\/wp\/v2\/tags?post=49728"}],"curies":[{"name":"wp","href":"https:\/\/api.w.org\/{rel}","templated":true}]}}