{"id":49739,"date":"2025-09-30T17:19:10","date_gmt":"2025-09-30T17:19:10","guid":{"rendered":"https:\/\/www.europesays.com\/fi\/49739\/"},"modified":"2025-09-30T17:19:10","modified_gmt":"2025-09-30T17:19:10","slug":"seppo-vuohesta-tuli-julkkis-nain-se-hurmasi-eila-rouvansa","status":"publish","type":"post","link":"https:\/\/www.europesays.com\/fi\/49739\/","title":{"rendered":"Seppo-vuohesta tuli julkkis \u2013 n\u00e4in se hurmasi Eila-rouvansa"},"content":{"rendered":"<p>\n            asian ytimess\u00e4.doc<br \/>\n            MTV\n        <\/p>\n<p class=\"subtitle \">Rikostutkija Joni Aaltosen omistama Seppo-vuohi on kuuluisa kepposistaan. Joni kertoo vuohen tihut\u00f6ist\u00e4 Asian ytimess\u00e4.doc -dokumentissa.<\/p>\n<p class=\"article-content article-content-width !bg-background\">Rikostutkija  el\u00e4m\u00e4 muuttui kertarys\u00e4yksell\u00e4 vauhdikkaammaksi kev\u00e4\u00e4ll\u00e4 2022, kun Seppo-vuohi muutti tilalle.<\/p>\n<p class=\"italic m-italic article-content article-content-width !bg-background\">Arkistovideo: Kurkista MTV:n uutisstudioon.<\/p>\n<p class=\"article-content article-content-width !bg-background\">Jonilla on Vuolenkoskella sijaitsevalla maatilallaan seitsem\u00e4nkymment\u00e4p\u00e4inen lauma el\u00e4imi\u00e4. Tilan pito on t\u00e4ydellist\u00e4 vastapainoa Jonin arkity\u00f6lle, jossa h\u00e4n n\u00e4kee p\u00e4ivitt\u00e4in kurjia ihmiskohtaloita, kuolemaa ja v\u00e4\u00e4ryytt\u00e4.<\/p>\n<p class=\"article-content article-content-width !bg-background\">Yksi laumasta on kolmevuotias Seppo-vuohi, jonka vahvuuksiin kuuluvat erilaiset tihuty\u00f6t. Se nimitt\u00e4in karkailee laitumelta. Yleens\u00e4 sen l\u00f6yt\u00e4\u00e4 kyl\u00e4n leipomolta. Joni taluttaa vuohensa hihnassa takaisin kotikonnuille. Seppo osaa kulkea flexiss\u00e4\u00e4n paremmin kuin moni koira.<\/p>\n<p class=\"article-content article-content-width !bg-background\">\u2013 Sepolla on hyv\u00e4 huumorintaju. Se on todella kekseli\u00e4s ja aina pilke silm\u00e4kulmassa, Joni toteaa Asian ytimess\u00e4.doc: Tosi tuhma Seppo -dokumentilla.<\/p>\n<p class=\"article-content article-content-width !bg-background\">\u2013 Kiltti ja todellisuudessa herkk\u00e4 poika. Se voi haluta v\u00e4h\u00e4n hellyytt\u00e4. Se on v\u00e4h\u00e4n vekkuli, mutta ei ilke\u00e4 tai paha, h\u00e4n lis\u00e4\u00e4.<\/p>\n<p>        <a itemprop=\"url\" href=\"https:\/\/www.seiska.fi\/katso\/totuus-sadun-unelmamiehesta-paljastui-jaakaapin-oveen-ilmestyi-hyytava-viesti\/1935979\" rel=\"nofollow noopener\" target=\"_blank\"><\/p>\n<p>\nDokumentti\n<\/p>\n<p class=\"section-date\">\n        <strong class=\"article-section\" data-section=\"katso\"><br \/>\n            katso<br \/>\n        <\/strong><br \/>\n        21.9. 07:15\n    <\/p>\n<p>Totuus Sadun unelmamiehest\u00e4 paljastui \u2013 j\u00e4\u00e4kaapin oveen ilmestyi hyyt\u00e4v\u00e4 viesti\n    <\/p>\n<p itemprop=\"description\" class=\"subtitle \">\n    Dokumentissa tavataan 37-vuotias Satu, joka tapasi y\u00f6el\u00e4m\u00e4ss\u00e4 kunnollisen oloisen miehen. Totuus l\u00e4v\u00e4hti kuitenkin vasten kasvoja er\u00e4\u00e4n ty\u00f6p\u00e4iv\u00e4n p\u00e4\u00e4tteeksi.\n<\/p>\n<p>        <\/a><\/p>\n<p>                <img decoding=\"async\" src=\"https:\/\/www.europesays.com\/fi\/wp-content\/uploads\/2025\/09\/1945583.webp\" width=\"576\" height=\"274\" title=\"Seppo kakkailee v\u00e4\u00e4riin paikkoihin. Kerran se oli Huomenta Suomessa vieraana, jossa se haastattelun j\u00e4lkeen ulosti uutisstudion lattialle.\" alt=\"Asian ytimess\u00e4.doc: Seppo-vuohi tekee tihut\u00f6it\u00e4\" loading=\"lazy\" \/>            <\/p>\n<p>\n            Seppo kakkailee v\u00e4\u00e4riin paikkoihin. Kerran se oli Huomenta Suomessa vieraana, jossa se haastattelun j\u00e4lkeen ulosti uutisstudion lattialle.<br \/>\n            MTV\n        <\/p>\n<p>Inspiroi j\u00e4lkel\u00e4isi\u00e4\u00e4n<\/p>\n<p class=\"article-content article-content-width !bg-background\">Sepolla on kolme j\u00e4lkel\u00e4ist\u00e4 Eila-rouvansa kanssa. Rouvansa se hurmasi sylkem\u00e4ll\u00e4 t\u00e4m\u00e4n p\u00e4\u00e4lle. Seppo on opettanut j\u00e4lkel\u00e4isens\u00e4 kiipe\u00e4m\u00e4\u00e4n katolle ja sy\u00f6m\u00e4\u00e4n v\u00e4\u00e4rist\u00e4 paikoista.<\/p>\n<p class=\"article-content article-content-width !bg-background\">\u2013 Vuoden is\u00e4, Joni tokaisee.<\/p>\n<p class=\"article-content article-content-width !bg-background\">Onpa se sy\u00f6nyt kissanruokaakin katon rajasta sek\u00e4 upouuden lumilingon osia. Seppo my\u00f6s osaa hajottaa paikkoja.<\/p>\n<p class=\"article-content article-content-width !bg-background\">Seppo v\u00e4nk\u00e4\u00e4 Jonille vastaan. Jos Joni kielt\u00e4\u00e4, niin Seppo saattaa k\u00e4yd\u00e4 takajaloilleen. Pahoillaan se ei osaa olla. Jos asiat eiv\u00e4t tapahdu kuten Seppo haluaisi, saattaa se yritt\u00e4\u00e4 ottaa Jonin k\u00e4den sarviensa v\u00e4liin ja v\u00e4\u00e4nt\u00e4\u00e4 sit\u00e4.<\/p>\n<p class=\"article-content article-content-width !bg-background\">Kaikki kiilt\u00e4v\u00e4 kiinnostaa Seppoa. Er\u00e4\u00e4ll\u00e4 videonp\u00e4tk\u00e4ll\u00e4 se kiipe\u00e4\u00e4 hellan p\u00e4\u00e4lle kuparipannun per\u00e4ss\u00e4, mutta alkaakin sy\u00f6d\u00e4 kasvia.<\/p>\n<p class=\"article-content article-content-width !bg-background\">\u2013 Urpo, et sy\u00f6 sit\u00e4! Joni huudahtaa ja siirt\u00e4\u00e4 kasvin.<\/p>\n<p class=\"article-content article-content-width !bg-background\">Seppo l\u00e4htee per\u00e4\u00e4n ja jatkaa ev\u00e4stely\u00e4\u00e4n.<\/p>\n<p>        <a itemprop=\"url\" href=\"https:\/\/www.seiska.fi\/katso\/ttk-mikko-silvennoiselta-suorat-sanat-pudotuksesta\/1944472\" rel=\"nofollow noopener\" target=\"_blank\"><\/p>\n<p>\nTTK-pudotus:\n<\/p>\n<p class=\"section-date\">\n        <strong class=\"article-section\" data-section=\"katso\"><br \/>\n            katso<br \/>\n        <\/strong><br \/>\n        29.9. 10:02\n    <\/p>\n<p>TTK: Mikko Silvennoiselta suorat sanat pudotuksesta\n    <\/p>\n<p itemprop=\"description\" class=\"subtitle \">\n    Mikko Silvennoinen ja Matti Puro esittiv\u00e4t viimeisen tanssinssa Tanssii t\u00e4htien kanssa -ohjelmassa.\n<\/p>\n<p>        <\/a><\/p>\n<p>Hyv\u00e4ntekij\u00e4<\/p>\n<p class=\"article-content article-content-width !bg-background\">Tekee Seppo muutakin kuin pelkki\u00e4 tuhmuuksia. Joni k\u00e4y Sepon kanssa paikallisessa vanhainkodissa. Joni haluaa luoda positiivisuutta ihmisille ymp\u00e4rill\u00e4\u00e4n vastapainoksi ty\u00f6ss\u00e4\u00e4n n\u00e4kem\u00e4lle kurjuudelle. Seppo on my\u00f6s oiva kaveri siihen, sill\u00e4 sen voi ottaa joka paikkaan mukaan.<\/p>\n<p>                <img decoding=\"async\" src=\"https:\/\/www.europesays.com\/fi\/wp-content\/uploads\/2025\/09\/1945597.webp\" width=\"576\" height=\"274\" title=\"Sepolla on paras yst\u00e4v\u00e4 \u2013 minipossu Lipponen. Jonin mukaan Lipponen on kiroileva sika.\" alt=\"Asian ytimess\u00e4.doc: Seppo-vuohi varkaissa.\" loading=\"lazy\" \/>            <\/p>\n<p>\n            Sepolla on paras yst\u00e4v\u00e4 \u2013 minipossu Lipponen. Jonin mukaan Lipponen on kiroileva sika.<br \/>\n            MTV\n        <\/p>\n<p class=\"italic m-italic article-content article-content-width !bg-background\">Asian ytimess\u00e4.doc: Tosi tuhma Seppo MTV Katsomossa, MTV3:lla tiistaina 30.9. klo 22.35.<\/p>\n","protected":false},"excerpt":{"rendered":"asian ytimess\u00e4.doc MTV Rikostutkija Joni Aaltosen omistama Seppo-vuohi on kuuluisa kepposistaan. Joni kertoo vuohen tihut\u00f6ist\u00e4 Asian ytimess\u00e4.doc -dokumentissa.&hellip;\n","protected":false},"author":2,"featured_media":49740,"comment_status":"","ping_status":"","sticky":false,"template":"","format":"standard","meta":{"footnotes":""},"categories":[136],"tags":[12374,407,819,137,33,31,30,12375,408,4530,905,12376,32,12377,1318,109],"class_list":{"0":"post-49739","1":"post","2":"type-post","3":"status-publish","4":"format-standard","5":"has-post-thumbnail","7":"category-julkkikset","8":"tag-asian-ytimessa-doc","9":"tag-celebrities","10":"tag-dokumentti","11":"tag-entertainment","12":"tag-fi","13":"tag-finland","14":"tag-finnish","15":"tag-joni-aaltonen","16":"tag-julkkikset","17":"tag-maatila","18":"tag-mtv3","19":"tag-seppo-vuohi","20":"tag-suomi","21":"tag-tihutyot","22":"tag-tv-ohjelma","23":"tag-viihde"},"share_on_mastodon":{"url":"","error":""},"_links":{"self":[{"href":"https:\/\/www.europesays.com\/fi\/wp-json\/wp\/v2\/posts\/49739","targetHints":{"allow":["GET"]}}],"collection":[{"href":"https:\/\/www.europesays.com\/fi\/wp-json\/wp\/v2\/posts"}],"about":[{"href":"https:\/\/www.europesays.com\/fi\/wp-json\/wp\/v2\/types\/post"}],"author":[{"embeddable":true,"href":"https:\/\/www.europesays.com\/fi\/wp-json\/wp\/v2\/users\/2"}],"replies":[{"embeddable":true,"href":"https:\/\/www.europesays.com\/fi\/wp-json\/wp\/v2\/comments?post=49739"}],"version-history":[{"count":0,"href":"https:\/\/www.europesays.com\/fi\/wp-json\/wp\/v2\/posts\/49739\/revisions"}],"wp:featuredmedia":[{"embeddable":true,"href":"https:\/\/www.europesays.com\/fi\/wp-json\/wp\/v2\/media\/49740"}],"wp:attachment":[{"href":"https:\/\/www.europesays.com\/fi\/wp-json\/wp\/v2\/media?parent=49739"}],"wp:term":[{"taxonomy":"category","embeddable":true,"href":"https:\/\/www.europesays.com\/fi\/wp-json\/wp\/v2\/categories?post=49739"},{"taxonomy":"post_tag","embeddable":true,"href":"https:\/\/www.europesays.com\/fi\/wp-json\/wp\/v2\/tags?post=49739"}],"curies":[{"name":"wp","href":"https:\/\/api.w.org\/{rel}","templated":true}]}}