{"id":49842,"date":"2025-09-30T19:17:08","date_gmt":"2025-09-30T19:17:08","guid":{"rendered":"https:\/\/www.europesays.com\/fi\/49842\/"},"modified":"2025-09-30T19:17:08","modified_gmt":"2025-09-30T19:17:08","slug":"kongon-entinen-presidentti-joseph-kabila-tuomittiin-kuolemaan","status":"publish","type":"post","link":"https:\/\/www.europesays.com\/fi\/49842\/","title":{"rendered":"Kongon entinen presidentti Joseph Kabila tuomittiin kuolemaan"},"content":{"rendered":"<p>Afrikka|Kabila l\u00e4hti Kongosta vuonna 2023, ja h\u00e4nen ep\u00e4ill\u00e4\u00e4n nykyisin oleskelevan Ruandassa.<\/p>\n<p class=\"article-body mb-nof-24 px-nof-16\">Kongon demokraattisen tasavallan ex-presidentti <a class=\"article-personlink\" href=\"https:\/\/www.hs.fi\/haku\/?query=Joseph%20Kabila\" rel=\"nofollow noopener\" target=\"_blank\">Joseph Kabila<\/a> tuomittiin tiistaina Kongossa sotilastuomioistuimessa poissaolevana kuolemaan maanpetoksesta.<\/p>\n<p class=\"article-body mb-nof-24 px-nof-16\">Kabila, 54, tuomittiin juonittelusta presidentti <a class=\"article-personlink\" href=\"https:\/\/www.hs.fi\/haku\/?query=F%C3%A9lix%20Tshisekedin\" rel=\"nofollow noopener\" target=\"_blank\">F\u00e9lix Tshisekedin<\/a> syrj\u00e4ytt\u00e4miseksi sek\u00e4 yhteyksist\u00e4 v\u00e4kivaltaiseen M23-sissiryhm\u00e4\u00e4n.<\/p>\n<p class=\"article-body mb-nof-24 px-nof-16\">M23 on vallannut alueita Kongon it\u00e4osasta yhteisty\u00f6ss\u00e4 ruandalaississien kanssa.<\/p>\n<p class=\"article-body mb-nof-24 px-nof-16\">Kabila l\u00e4hti Kongosta vuonna 2023, ja h\u00e4nen ep\u00e4ill\u00e4\u00e4n nykyisin oleskelevan Ruandassa.<\/p>\n<p class=\"article-body mb-nof-24 px-nof-16\">Kongo palautti kuolemanrangaistuksen viime vuonna, mutta yht\u00e4\u00e4n teloitusta ei ole viel\u00e4 pantu toimeen.<\/p>\n<p class=\"article-body mb-nof-24 px-nof-16\">Kabila hallitsi Kongoa vuosina 2001\u20132019 noustuaan valtaan is\u00e4ns\u00e4 <a class=\"article-personlink\" href=\"https:\/\/www.hs.fi\/haku\/?query=Laurent-D%C3%A9sir%C3%A9%20Kabilan\" rel=\"nofollow noopener\" target=\"_blank\">Laurent-D\u00e9sir\u00e9 Kabilan<\/a> salamurhan j\u00e4lkeen.<\/p>\n","protected":false},"excerpt":{"rendered":"Afrikka|Kabila l\u00e4hti Kongosta vuonna 2023, ja h\u00e4nen ep\u00e4ill\u00e4\u00e4n nykyisin oleskelevan Ruandassa. Kongon demokraattisen tasavallan ex-presidentti Joseph Kabila tuomittiin&hellip;\n","protected":false},"author":2,"featured_media":49843,"comment_status":"","ping_status":"","sticky":false,"template":"","format":"standard","meta":{"footnotes":""},"categories":[5],"tags":[22,23,26,27,33,31,30,17,46,24,25,28,29,15,18,21,32,19,20,16],"class_list":{"0":"post-49842","1":"post","2":"type-post","3":"status-publish","4":"format-standard","5":"has-post-thumbnail","7":"category-otsikot","8":"tag-breaking-news","9":"tag-breakingnews","10":"tag-featured-news","11":"tag-featurednews","12":"tag-fi","13":"tag-finland","14":"tag-finnish","15":"tag-headlines","16":"tag-helsingin-sanomat","17":"tag-latest-news","18":"tag-latestnews","19":"tag-main-news","20":"tag-mainnews","21":"tag-news","22":"tag-otsikot","23":"tag-paauutiset","24":"tag-suomi","25":"tag-top-stories","26":"tag-topstories","27":"tag-uutiset"},"share_on_mastodon":{"url":"","error":""},"_links":{"self":[{"href":"https:\/\/www.europesays.com\/fi\/wp-json\/wp\/v2\/posts\/49842","targetHints":{"allow":["GET"]}}],"collection":[{"href":"https:\/\/www.europesays.com\/fi\/wp-json\/wp\/v2\/posts"}],"about":[{"href":"https:\/\/www.europesays.com\/fi\/wp-json\/wp\/v2\/types\/post"}],"author":[{"embeddable":true,"href":"https:\/\/www.europesays.com\/fi\/wp-json\/wp\/v2\/users\/2"}],"replies":[{"embeddable":true,"href":"https:\/\/www.europesays.com\/fi\/wp-json\/wp\/v2\/comments?post=49842"}],"version-history":[{"count":0,"href":"https:\/\/www.europesays.com\/fi\/wp-json\/wp\/v2\/posts\/49842\/revisions"}],"wp:featuredmedia":[{"embeddable":true,"href":"https:\/\/www.europesays.com\/fi\/wp-json\/wp\/v2\/media\/49843"}],"wp:attachment":[{"href":"https:\/\/www.europesays.com\/fi\/wp-json\/wp\/v2\/media?parent=49842"}],"wp:term":[{"taxonomy":"category","embeddable":true,"href":"https:\/\/www.europesays.com\/fi\/wp-json\/wp\/v2\/categories?post=49842"},{"taxonomy":"post_tag","embeddable":true,"href":"https:\/\/www.europesays.com\/fi\/wp-json\/wp\/v2\/tags?post=49842"}],"curies":[{"name":"wp","href":"https:\/\/api.w.org\/{rel}","templated":true}]}}